{"id":850099,"date":"2026-04-28T17:53:17","date_gmt":"2026-04-28T13:53:17","guid":{"rendered":"https:\/\/arantv.az\/?p=850099"},"modified":"2026-04-28T17:53:17","modified_gmt":"2026-04-28T13:53:17","slug":"hikm%c9%99t-mirz%c9%99yev-turkiy%c9%99li-h%c9%99mkari-il%c9%99-gorusdu","status":"publish","type":"post","link":"https:\/\/arantv.az\/?p=850099","title":{"rendered":"Hikm\u0259t Mirz\u0259yev t\u00fcrkiy\u0259li h\u0259mkar\u0131 il\u0259 g\u00f6r\u00fc\u015fd\u00fc"},"content":{"rendered":"<p>Aprelin 28-d\u0259 Az\u0259rbaycan Respublikas\u0131 m\u00fcdafi\u0259 nazirinin m\u00fcavini &#8211; Quru Qo\u015funlar\u0131n komandan\u0131 general-polkovnik Hikm\u0259t Mirz\u0259yev \u00f6lk\u0259mizd\u0259 s\u0259f\u0259rd\u0259 olan T\u00fcrkiy\u0259 Respublikas\u0131 Silahl\u0131 Q\u00fcvv\u0259l\u0259rinin Quru Qo\u015funlar\u0131 komandan\u0131 ordu general\u0131 Metin Tokelin r\u0259hb\u0259rlik etdiyi n\u00fcmay\u0259nd\u0259 hey\u0259ti il\u0259 g\u00f6r\u00fc\u015f\u00fcb.<\/p>\n<p>Musavat.com\u00a0x\u0259b\u0259r verir ki, bu bar\u0259d\u0259 M\u00fcdafi\u0259 Nazirliyind\u0259n bildirilib.<\/p>\n<p>\u018fvv\u0259lc\u0259 \u00dcmummilli Lider Heyd\u0259r \u018fliyevin b\u00fcst\u00fc ziyar\u0259t olunub, \u00f6n\u00fcn\u0259 g\u00fcl d\u0259st\u0259si qoyulub, xatir\u0259si h\u00f6rm\u0259t v\u0259 ehtiramla yad edilib. Ulu \u00d6nd\u0259rin v\u0259 V\u0259t\u0259n u\u011frunda canlar\u0131ndan ke\u00e7mi\u015f \u015f\u0259hidl\u0259rimizin xatir\u0259si bir d\u0259qiq\u0259lik s\u00fckutla yad edilib.<\/p>\n<p>T\u0259nt\u0259n\u0259li qar\u015f\u0131lanma m\u0259rasimind\u0259 komandanlar f\u0259xri qarovul d\u0259st\u0259sinin \u00f6n\u00fcnd\u0259n ke\u00e7ibl\u0259r. H\u0259r iki \u00f6lk\u0259nin D\u00f6vl\u0259t himnl\u0259ri s\u0259sl\u0259ndirilib.<\/p>\n<p>G\u00f6r\u00fc\u015fd\u0259 \u00f6lk\u0259mizin T\u00fcrkiy\u0259 il\u0259 h\u0259rbi sah\u0259d\u0259 \u0259m\u0259kda\u015fl\u0131\u011f\u0131n cari v\u0259ziyy\u0259ti v\u0259 g\u0259l\u0259c\u0259kd\u0259 daha da geni\u015fl\u0259ndirilm\u0259si haqq\u0131nda \u0259trafl\u0131 fikir m\u00fcbadil\u0259si apar\u0131l\u0131b.<\/p>\n<p>T\u0259r\u0259fl\u0259r h\u0259r iki qarda\u015f \u00f6lk\u0259nin m\u00fcvafiq qo\u015fun n\u00f6v\u00fc m\u0259nsublar\u0131n\u0131n pe\u015f\u0259karl\u0131\u011f\u0131n\u0131n, bilik v\u0259 bacar\u0131qlar\u0131n\u0131n t\u0259kmill\u0259\u015fdirm\u0259sind\u0259 birg\u0259, h\u0259m\u00e7inin beyn\u0259lxalq t\u0259liml\u0259rin \u0259h\u0259miyy\u0259tini x\u00fcsusi vur\u011fulay\u0131b, qar\u015f\u0131l\u0131ql\u0131 maraq do\u011furan bir s\u0131ra dig\u0259r m\u0259s\u0259l\u0259l\u0259ri m\u00fczakir\u0259 edibl\u0259r.<\/p>\n","protected":false},"excerpt":{"rendered":"<p>Aprelin 28-d\u0259 Az\u0259rbaycan Respublikas\u0131 m\u00fcdafi\u0259 nazirinin m\u00fcavini &#8211; Quru Qo\u015funlar\u0131n komandan\u0131 general-polkovnik Hikm\u0259t Mirz\u0259yev \u00f6lk\u0259mizd\u0259 s\u0259f\u0259rd\u0259 olan T\u00fcrkiy\u0259 Respublikas\u0131 Silahl\u0131 Q\u00fcvv\u0259l\u0259rinin Quru Qo\u015funlar\u0131 komandan\u0131 ordu general\u0131 Metin Tokelin r\u0259hb\u0259rlik etdiyi n\u00fcmay\u0259nd\u0259 hey\u0259ti il\u0259 g\u00f6r\u00fc\u015f\u00fcb. Musavat.com\u00a0x\u0259b\u0259r verir ki, bu bar\u0259d\u0259 M\u00fcdafi\u0259 Nazirliyind\u0259n bildirilib. \u018fvv\u0259lc\u0259 \u00dcmummilli Lider Heyd\u0259r \u018fliyevin b\u00fcst\u00fc ziyar\u0259t olunub, \u00f6n\u00fcn\u0259 g\u00fcl d\u0259st\u0259si qoyulub, xatir\u0259si h\u00f6rm\u0259t v\u0259 ehtiramla yad edilib. Ulu \u00d6nd\u0259rin v\u0259 V\u0259t\u0259n u\u011frunda canlar\u0131ndan ke\u00e7mi\u015f \u015f\u0259hidl\u0259rimizin xatir\u0259si bir d\u0259qiq\u0259lik s\u00fckutla yad edilib. T\u0259nt\u0259n\u0259li qar\u015f\u0131lanma m\u0259rasimind\u0259 komandanlar f\u0259xri qarovul d\u0259st\u0259sinin \u00f6n\u00fcnd\u0259n ke\u00e7ibl\u0259r. H\u0259r iki \u00f6lk\u0259nin D\u00f6vl\u0259t himnl\u0259ri s\u0259sl\u0259ndirilib. G\u00f6r\u00fc\u015fd\u0259&hellip;<\/p>\n","protected":false},"author":2,"featured_media":850100,"comment_status":"closed","ping_status":"closed","sticky":false,"template":"","format":"standard","meta":{"om_disable_all_campaigns":false,"_monsterinsights_skip_tracking":false,"_monsterinsights_sitenote_active":false,"_monsterinsights_sitenote_note":"","_monsterinsights_sitenote_category":0},"categories":[10],"tags":[],"aioseo_notices":[],"gutentor_comment":0,"rttpg_featured_image_url":{"full":["https:\/\/arantv.az\/wp-content\/uploads\/2026\/04\/e0f533c955df91c5834eb2ceee5d63ad.jpg",870,500,false],"landscape":["https:\/\/arantv.az\/wp-content\/uploads\/2026\/04\/e0f533c955df91c5834eb2ceee5d63ad.jpg",870,500,false],"portraits":["https:\/\/arantv.az\/wp-content\/uploads\/2026\/04\/e0f533c955df91c5834eb2ceee5d63ad.jpg",870,500,false],"thumbnail":["https:\/\/arantv.az\/wp-content\/uploads\/2026\/04\/e0f533c955df91c5834eb2ceee5d63ad-500x280.jpg",500,280,true],"medium":["https:\/\/arantv.az\/wp-content\/uploads\/2026\/04\/e0f533c955df91c5834eb2ceee5d63ad-635x365.jpg",635,365,true],"large":["https:\/\/arantv.az\/wp-content\/uploads\/2026\/04\/e0f533c955df91c5834eb2ceee5d63ad-840x483.jpg",640,368,true],"1536x1536":["https:\/\/arantv.az\/wp-content\/uploads\/2026\/04\/e0f533c955df91c5834eb2ceee5d63ad.jpg",870,500,false],"2048x2048":["https:\/\/arantv.az\/wp-content\/uploads\/2026\/04\/e0f533c955df91c5834eb2ceee5d63ad.jpg",870,500,false],"post-thumbnail":["https:\/\/arantv.az\/wp-content\/uploads\/2026\/04\/e0f533c955df91c5834eb2ceee5d63ad-240x172.jpg",240,172,true],"advps-thumb-one":["https:\/\/arantv.az\/wp-content\/uploads\/2026\/04\/e0f533c955df91c5834eb2ceee5d63ad.jpg",870,500,false]},"rttpg_author":{"display_name":"V\u00fcsal Rafiqo\u011flu","author_link":"https:\/\/arantv.az\/?author=2"},"rttpg_comment":0,"rttpg_category":"<a href=\"https:\/\/arantv.az\/?cat=10\" rel=\"category\">C\u0259bh\u0259d\u0259n X\u0259b\u0259r<\/a>","rttpg_excerpt":"Aprelin 28-d\u0259 Az\u0259rbaycan Respublikas\u0131 m\u00fcdafi\u0259 nazirinin m\u00fcavini &#8211; Quru Qo\u015funlar\u0131n komandan\u0131 general-polkovnik Hikm\u0259t Mirz\u0259yev \u00f6lk\u0259mizd\u0259 s\u0259f\u0259rd\u0259 olan T\u00fcrkiy\u0259 Respublikas\u0131 Silahl\u0131 Q\u00fcvv\u0259l\u0259rinin Quru Qo\u015funlar\u0131 komandan\u0131 ordu general\u0131 Metin Tokelin r\u0259hb\u0259rlik etdiyi n\u00fcmay\u0259nd\u0259 hey\u0259ti il\u0259 g\u00f6r\u00fc\u015f\u00fcb. Musavat.com\u00a0x\u0259b\u0259r verir ki, bu bar\u0259d\u0259 M\u00fcdafi\u0259 Nazirliyind\u0259n bildirilib. \u018fvv\u0259lc\u0259 \u00dcmummilli Lider Heyd\u0259r \u018fliyevin b\u00fcst\u00fc ziyar\u0259t olunub, \u00f6n\u00fcn\u0259 g\u00fcl d\u0259st\u0259si qoyulub, xatir\u0259si&hellip;","_links":{"self":[{"href":"https:\/\/arantv.az\/index.php?rest_route=\/wp\/v2\/posts\/850099"}],"collection":[{"href":"https:\/\/arantv.az\/index.php?rest_route=\/wp\/v2\/posts"}],"about":[{"href":"https:\/\/arantv.az\/index.php?rest_route=\/wp\/v2\/types\/post"}],"author":[{"embeddable":true,"href":"https:\/\/arantv.az\/index.php?rest_route=\/wp\/v2\/users\/2"}],"replies":[{"embeddable":true,"href":"https:\/\/arantv.az\/index.php?rest_route=%2Fwp%2Fv2%2Fcomments&post=850099"}],"version-history":[{"count":2,"href":"https:\/\/arantv.az\/index.php?rest_route=\/wp\/v2\/posts\/850099\/revisions"}],"predecessor-version":[{"id":850102,"href":"https:\/\/arantv.az\/index.php?rest_route=\/wp\/v2\/posts\/850099\/revisions\/850102"}],"wp:featuredmedia":[{"embeddable":true,"href":"https:\/\/arantv.az\/index.php?rest_route=\/wp\/v2\/media\/850100"}],"wp:attachment":[{"href":"https:\/\/arantv.az\/index.php?rest_route=%2Fwp%2Fv2%2Fmedia&parent=850099"}],"wp:term":[{"taxonomy":"category","embeddable":true,"href":"https:\/\/arantv.az\/index.php?rest_route=%2Fwp%2Fv2%2Fcategories&post=850099"},{"taxonomy":"post_tag","embeddable":true,"href":"https:\/\/arantv.az\/index.php?rest_route=%2Fwp%2Fv2%2Ftags&post=850099"}],"curies":[{"name":"wp","href":"https:\/\/api.w.org\/{rel}","templated":true}]}}