{"id":850117,"date":"2026-04-28T20:33:26","date_gmt":"2026-04-28T16:33:26","guid":{"rendered":"https:\/\/arantv.az\/?p=850117"},"modified":"2026-04-28T20:33:26","modified_gmt":"2026-04-28T16:33:26","slug":"diqq%c9%99t-pensiyacilara-sad-x%c9%99b%c9%99r","status":"publish","type":"post","link":"https:\/\/arantv.az\/?p=850117","title":{"rendered":"D\u0130QQ\u018fT! Pensiya\u00e7\u0131lara \u015eAD X\u018fB\u018fR"},"content":{"rendered":"<p><strong>Az\u0259rbaycanda sosial t\u0259minat sah\u0259sind\u0259 apar\u0131lan islahatlar fonunda pensiya m\u0259bl\u0259\u011fl\u0259ri yenid\u0259n g\u00fcnd\u0259m\u0259 g\u0259lib. R\u0259smi a\u00e7\u0131qlamalarda \u00f6lk\u0259d\u0259 orta pensiyan\u0131n 594 manat, ya\u015fa g\u00f6r\u0259 is\u0259 632 manat oldu\u011fu bildirilir. Lakin artan qiym\u0259tl\u0259r, x\u00fcsusil\u0259 \u0259rzaq v\u0259 d\u0259rman x\u0259rcl\u0259rinin y\u00fcks\u0259lm\u0259si fonunda bu m\u0259bl\u0259\u011fl\u0259rin v\u0259t\u0259nda\u015flar\u0131n real ehtiyaclar\u0131n\u0131 n\u0259 d\u0259r\u0259c\u0259d\u0259 qar\u015f\u0131lad\u0131\u011f\u0131 sual do\u011furur.<\/strong><\/p>\n<p>B\u0259s, orta pensiya m\u0259bl\u0259\u011fi art\u0131r\u0131la bil\u0259rmi?<\/p>\n<p><strong>Musavat.com<\/strong>\u00a0x\u0259b\u0259r verir ki, m\u00f6vzu il\u0259 ba\u011fl\u0131 Konkret.az-a a\u00e7\u0131qlama ver\u0259n iqtisad\u00e7\u0131 ekspert G\u00fcnay H\u00fcseynova bildirib ki, c\u0259miyy\u0259td\u0259 t\u0259qdim olunan r\u0259q\u0259ml\u0259rl\u0259 ba\u011fl\u0131 yanl\u0131\u015f t\u0259s\u0259vv\u00fcr formala\u015fmamal\u0131d\u0131r.<\/p>\n<p>Onun s\u00f6zl\u0259rin\u0259 g\u00f6r\u0259, a\u00e7\u0131qlanan g\u00f6st\u0259ricil\u0259r minimum pensiya deyil, orta statistik m\u0259bl\u0259\u011fdir:<\/p>\n<p>\u201cBu r\u0259q\u0259ml\u0259r b\u00fct\u00fcn pensiya\u00e7\u0131lar\u0131n ald\u0131\u011f\u0131 konkret m\u0259bl\u0259\u011fi \u0259ks etdirmir. \u0130\u015f staj\u0131 v\u0259 f\u0259rdi g\u00f6st\u0259ricil\u0259rd\u0259n as\u0131l\u0131 olaraq pensiyalar d\u0259yi\u015fir v\u0259 bu da orta r\u0259q\u0259mi y\u00fcks\u0259ldir.<\/p>\n<p>V\u0259t\u0259nda\u015f \u00fc\u00e7\u00fcn vacib olan orta pensiyan\u0131n artmas\u0131 yox, h\u0259min v\u0259saitin g\u00fcnd\u0259lik x\u0259rcl\u0259ri qar\u015f\u0131laya bilm\u0259sidir. Kommunal \u00f6d\u0259ni\u015fl\u0259r, \u0259rzaq m\u0259hsullar\u0131, x\u00fcsusil\u0259, ya\u015fl\u0131 insanlar\u0131n d\u0259rman v\u0259 m\u00fcalic\u0259 x\u0259rcl\u0259ri art\u0131r. \u018fg\u0259r pensiya art\u0131m\u0131 bu x\u0259rcl\u0259ri kompensasiya etmirs\u0259, real faydas\u0131 m\u0259hdud olur.\u201d<\/p>\n<p>G\u00fcnay H\u00fcseynova \u0259lav\u0259 edib ki, g\u0259lir art\u0131mlar\u0131nda faiz prinsipi b\u0259rab\u0259rsizliyi daha da d\u0259rinl\u0259\u015fdir\u0259 bil\u0259r:<\/p>\n<p>\u201c\u018fg\u0259r biri 430 manat, dig\u0259ri is\u0259 1500 manat g\u0259lir \u0259ld\u0259 edirs\u0259, faizl\u0259 art\u0131m y\u00fcks\u0259k g\u0259lirli \u015f\u0259xsl\u0259r\u0259 daha \u00e7ox \u00fcst\u00fcnl\u00fck verir. Bu is\u0259 sosial balans\u0131 pozacaq.<\/p>\n<p>Bir \u00e7ox \u00f6lk\u0259l\u0259rd\u0259 pensiya art\u0131m\u0131 il\u0259 paralel olaraq \u0259lav\u0259 sosial d\u0259st\u0259k mexanizml\u0259ri d\u0259 t\u0259tbiq olunur. M\u0259s\u0259l\u0259n, T\u00fcrkiy\u0259d\u0259 65 ya\u015fdan yuxar\u0131 \u015f\u0259xsl\u0259r \u00fc\u00e7\u00fcn \u015f\u0259h\u0259rdaxili n\u0259qliyyat pulsuzdur. \u015e\u0259h\u0259rl\u0259raras\u0131 n\u0259qliyyat v\u0259 hava da\u015f\u0131malar\u0131nda is\u0259 x\u00fcsusi endiriml\u0259r m\u00f6vcuddur. Bu yana\u015fma pensiya\u00e7\u0131lar\u0131n x\u0259rcl\u0259rini azaltma\u011fa xidm\u0259t edir. Pensiyan\u0131n artaca\u011f\u0131 x\u0259b\u0259ri yay\u0131landa bazarda qiym\u0259tl\u0259rin y\u00fcks\u0259lm\u0259si m\u00fc\u015fahid\u0259 olunur. Halbuki, al\u0131c\u0131 k\u00fctl\u0259si yaln\u0131z pensiya\u00e7\u0131lardan ibar\u0259t deyil.\u201d<\/p>\n<p>Bel\u0259likl\u0259, ekspertin q\u0259na\u0259tin\u0259 g\u00f6r\u0259, pensiyalar\u0131n art\u0131r\u0131lmas\u0131 il\u0259 yana\u015f\u0131, sosial x\u0259rcl\u0259rin azald\u0131lmas\u0131 v\u0259 \u0259lav\u0259 g\u00fcz\u0259\u015ft mexanizml\u0259rinin t\u0259tbiqi daha effektiv n\u0259tic\u0259 ver\u0259 bil\u0259r.<\/p>\n","protected":false},"excerpt":{"rendered":"<p>Az\u0259rbaycanda sosial t\u0259minat sah\u0259sind\u0259 apar\u0131lan islahatlar fonunda pensiya m\u0259bl\u0259\u011fl\u0259ri yenid\u0259n g\u00fcnd\u0259m\u0259 g\u0259lib. R\u0259smi a\u00e7\u0131qlamalarda \u00f6lk\u0259d\u0259 orta pensiyan\u0131n 594 manat, ya\u015fa g\u00f6r\u0259 is\u0259 632 manat oldu\u011fu bildirilir. Lakin artan qiym\u0259tl\u0259r, x\u00fcsusil\u0259 \u0259rzaq v\u0259 d\u0259rman x\u0259rcl\u0259rinin y\u00fcks\u0259lm\u0259si fonunda bu m\u0259bl\u0259\u011fl\u0259rin v\u0259t\u0259nda\u015flar\u0131n real ehtiyaclar\u0131n\u0131 n\u0259 d\u0259r\u0259c\u0259d\u0259 qar\u015f\u0131lad\u0131\u011f\u0131 sual do\u011furur. B\u0259s, orta pensiya m\u0259bl\u0259\u011fi art\u0131r\u0131la bil\u0259rmi? Musavat.com\u00a0x\u0259b\u0259r verir ki, m\u00f6vzu il\u0259 ba\u011fl\u0131 Konkret.az-a a\u00e7\u0131qlama ver\u0259n iqtisad\u00e7\u0131 ekspert G\u00fcnay H\u00fcseynova bildirib ki, c\u0259miyy\u0259td\u0259 t\u0259qdim olunan r\u0259q\u0259ml\u0259rl\u0259 ba\u011fl\u0131 yanl\u0131\u015f t\u0259s\u0259vv\u00fcr formala\u015fmamal\u0131d\u0131r. Onun s\u00f6zl\u0259rin\u0259 g\u00f6r\u0259, a\u00e7\u0131qlanan g\u00f6st\u0259ricil\u0259r minimum pensiya deyil, orta statistik m\u0259bl\u0259\u011fdir: \u201cBu r\u0259q\u0259ml\u0259r b\u00fct\u00fcn pensiya\u00e7\u0131lar\u0131n&hellip;<\/p>\n","protected":false},"author":2,"featured_media":850118,"comment_status":"closed","ping_status":"closed","sticky":false,"template":"","format":"standard","meta":{"om_disable_all_campaigns":false,"_monsterinsights_skip_tracking":false,"_monsterinsights_sitenote_active":false,"_monsterinsights_sitenote_note":"","_monsterinsights_sitenote_category":0},"categories":[1],"tags":[],"aioseo_notices":[],"gutentor_comment":0,"rttpg_featured_image_url":{"full":["https:\/\/arantv.az\/wp-content\/uploads\/2026\/04\/947220cda746d12578124563be39023e.jpg",750,422,false],"landscape":["https:\/\/arantv.az\/wp-content\/uploads\/2026\/04\/947220cda746d12578124563be39023e.jpg",750,422,false],"portraits":["https:\/\/arantv.az\/wp-content\/uploads\/2026\/04\/947220cda746d12578124563be39023e.jpg",750,422,false],"thumbnail":["https:\/\/arantv.az\/wp-content\/uploads\/2026\/04\/947220cda746d12578124563be39023e-500x280.jpg",500,280,true],"medium":["https:\/\/arantv.az\/wp-content\/uploads\/2026\/04\/947220cda746d12578124563be39023e-649x365.jpg",649,365,true],"large":["https:\/\/arantv.az\/wp-content\/uploads\/2026\/04\/947220cda746d12578124563be39023e.jpg",640,360,false],"1536x1536":["https:\/\/arantv.az\/wp-content\/uploads\/2026\/04\/947220cda746d12578124563be39023e.jpg",750,422,false],"2048x2048":["https:\/\/arantv.az\/wp-content\/uploads\/2026\/04\/947220cda746d12578124563be39023e.jpg",750,422,false],"post-thumbnail":["https:\/\/arantv.az\/wp-content\/uploads\/2026\/04\/947220cda746d12578124563be39023e-240x172.jpg",240,172,true],"advps-thumb-one":["https:\/\/arantv.az\/wp-content\/uploads\/2026\/04\/947220cda746d12578124563be39023e.jpg",750,422,false]},"rttpg_author":{"display_name":"V\u00fcsal Rafiqo\u011flu","author_link":"https:\/\/arantv.az\/?author=2"},"rttpg_comment":0,"rttpg_category":"<a href=\"https:\/\/arantv.az\/?cat=1\" rel=\"category\">C\u0259miyy\u0259t<\/a>","rttpg_excerpt":"Az\u0259rbaycanda sosial t\u0259minat sah\u0259sind\u0259 apar\u0131lan islahatlar fonunda pensiya m\u0259bl\u0259\u011fl\u0259ri yenid\u0259n g\u00fcnd\u0259m\u0259 g\u0259lib. R\u0259smi a\u00e7\u0131qlamalarda \u00f6lk\u0259d\u0259 orta pensiyan\u0131n 594 manat, ya\u015fa g\u00f6r\u0259 is\u0259 632 manat oldu\u011fu bildirilir. Lakin artan qiym\u0259tl\u0259r, x\u00fcsusil\u0259 \u0259rzaq v\u0259 d\u0259rman x\u0259rcl\u0259rinin y\u00fcks\u0259lm\u0259si fonunda bu m\u0259bl\u0259\u011fl\u0259rin v\u0259t\u0259nda\u015flar\u0131n real ehtiyaclar\u0131n\u0131 n\u0259 d\u0259r\u0259c\u0259d\u0259 qar\u015f\u0131lad\u0131\u011f\u0131 sual do\u011furur. B\u0259s, orta pensiya m\u0259bl\u0259\u011fi art\u0131r\u0131la bil\u0259rmi? Musavat.com\u00a0x\u0259b\u0259r verir ki,&hellip;","_links":{"self":[{"href":"https:\/\/arantv.az\/index.php?rest_route=\/wp\/v2\/posts\/850117"}],"collection":[{"href":"https:\/\/arantv.az\/index.php?rest_route=\/wp\/v2\/posts"}],"about":[{"href":"https:\/\/arantv.az\/index.php?rest_route=\/wp\/v2\/types\/post"}],"author":[{"embeddable":true,"href":"https:\/\/arantv.az\/index.php?rest_route=\/wp\/v2\/users\/2"}],"replies":[{"embeddable":true,"href":"https:\/\/arantv.az\/index.php?rest_route=%2Fwp%2Fv2%2Fcomments&post=850117"}],"version-history":[{"count":1,"href":"https:\/\/arantv.az\/index.php?rest_route=\/wp\/v2\/posts\/850117\/revisions"}],"predecessor-version":[{"id":850119,"href":"https:\/\/arantv.az\/index.php?rest_route=\/wp\/v2\/posts\/850117\/revisions\/850119"}],"wp:featuredmedia":[{"embeddable":true,"href":"https:\/\/arantv.az\/index.php?rest_route=\/wp\/v2\/media\/850118"}],"wp:attachment":[{"href":"https:\/\/arantv.az\/index.php?rest_route=%2Fwp%2Fv2%2Fmedia&parent=850117"}],"wp:term":[{"taxonomy":"category","embeddable":true,"href":"https:\/\/arantv.az\/index.php?rest_route=%2Fwp%2Fv2%2Fcategories&post=850117"},{"taxonomy":"post_tag","embeddable":true,"href":"https:\/\/arantv.az\/index.php?rest_route=%2Fwp%2Fv2%2Ftags&post=850117"}],"curies":[{"name":"wp","href":"https:\/\/api.w.org\/{rel}","templated":true}]}}