{"id":850123,"date":"2026-04-28T20:36:03","date_gmt":"2026-04-28T16:36:03","guid":{"rendered":"https:\/\/arantv.az\/?p=850123"},"modified":"2026-04-28T20:36:03","modified_gmt":"2026-04-28T16:36:03","slug":"ir%c9%99vandan-xank%c9%99ndi-aciqlamasi-hay-kuyun-m%c9%99nasi-yoxdur","status":"publish","type":"post","link":"https:\/\/arantv.az\/?p=850123","title":{"rendered":"\u0130r\u0259vandan Xank\u0259ndi a\u00e7\u0131qlamas\u0131: Hay-k\u00fcy\u00fcn m\u0259nas\u0131 yoxdur"},"content":{"rendered":"<p><strong>Erm\u0259nistan parlamentind\u0259 hakim \u201cV\u0259t\u0259nda\u015f m\u00fcqavil\u0259si\u201d fraksiyas\u0131ndan olan deputat Arsen Torosyan Xank\u0259ndid\u0259 qanunsuz tikilil\u0259rin s\u00f6k\u00fclm\u0259si il\u0259 ba\u011fl\u0131 \u0130r\u0259van\u0131n s\u0259rt reaksiya verm\u0259sinin m\u0259nas\u0131z oldu\u011funu bildirib. Musavat.com x\u0259b\u0259r verir ki, o, bu bar\u0259d\u0259 ictimai televiziyan\u0131n efirind\u0259 dan\u0131\u015f\u0131b.<\/strong><\/p>\n<p>Deputat m\u0259s\u0259l\u0259 il\u0259 ba\u011fl\u0131 hay-k\u00fcy qald\u0131rma\u011f\u0131n he\u00e7 bir n\u0259tic\u0259 verm\u0259y\u0259c\u0259yini vur\u011fulay\u0131b:<\/p>\n<p>\u201cYax\u015f\u0131, bunu ed\u0259k \u2014 v\u0259 n\u0259 olacaq?\u201d \u2013 dey\u0259 o bildirib.<\/p>\n<p>Torosyan\u0131n s\u00f6zl\u0259rin\u0259 g\u00f6r\u0259, Erm\u0259nistan\u0131n bu istiqam\u0259td\u0259 h\u0259r hans\u0131 add\u0131m atmas\u0131 Qaraba\u011f h\u0259r\u0259kat\u0131n\u0131n yenid\u0259n canlanmas\u0131na s\u0259b\u0259b ola bil\u0259r. O qeyd edib ki, Az\u0259rbaycan \u00f6z suveren \u0259razisind\u0259 ist\u0259diyi add\u0131mlar\u0131 atmaq h\u00fcququna malikdir:<\/p>\n<p>\u201cOnlar \u00f6z suveren \u0259razil\u0259rind\u0259 n\u0259s\u0259 edirl\u0259r\u201d, \u2013 dey\u0259 deputat bildirib.<\/p>\n<p>O \u0259lav\u0259 edib ki, m\u0259s\u0259l\u0259 varsa bel\u0259, bu, Erm\u0259nistan t\u0259r\u0259find\u0259n deyil, beyn\u0259lxalq qurumlar s\u0259viyy\u0259sind\u0259 qald\u0131r\u0131la bil\u0259r:<\/p>\n<p>\u201cBu m\u00f6vzu ikit\u0259r\u0259fli m\u00fcnasib\u0259tl\u0259rin g\u00fcnd\u0259liyin\u0259 \u00e7evrilm\u0259m\u0259lidir. Biz ke\u00e7mi\u015fi m\u00fcr\u0259kk\u0259b olan qon\u015fumuzla s\u00fclh qurma\u011fa \u00e7al\u0131\u015f\u0131r\u0131q v\u0259 bu, bir g\u00fcn\u0259 ba\u015f vermir\u201d.<\/p>\n","protected":false},"excerpt":{"rendered":"<p>Erm\u0259nistan parlamentind\u0259 hakim \u201cV\u0259t\u0259nda\u015f m\u00fcqavil\u0259si\u201d fraksiyas\u0131ndan olan deputat Arsen Torosyan Xank\u0259ndid\u0259 qanunsuz tikilil\u0259rin s\u00f6k\u00fclm\u0259si il\u0259 ba\u011fl\u0131 \u0130r\u0259van\u0131n s\u0259rt reaksiya verm\u0259sinin m\u0259nas\u0131z oldu\u011funu bildirib. Musavat.com x\u0259b\u0259r verir ki, o, bu bar\u0259d\u0259 ictimai televiziyan\u0131n efirind\u0259 dan\u0131\u015f\u0131b. Deputat m\u0259s\u0259l\u0259 il\u0259 ba\u011fl\u0131 hay-k\u00fcy qald\u0131rma\u011f\u0131n he\u00e7 bir n\u0259tic\u0259 verm\u0259y\u0259c\u0259yini vur\u011fulay\u0131b: \u201cYax\u015f\u0131, bunu ed\u0259k \u2014 v\u0259 n\u0259 olacaq?\u201d \u2013 dey\u0259 o bildirib. Torosyan\u0131n s\u00f6zl\u0259rin\u0259 g\u00f6r\u0259, Erm\u0259nistan\u0131n bu istiqam\u0259td\u0259 h\u0259r hans\u0131 add\u0131m atmas\u0131 Qaraba\u011f h\u0259r\u0259kat\u0131n\u0131n yenid\u0259n canlanmas\u0131na s\u0259b\u0259b ola bil\u0259r. O qeyd edib ki, Az\u0259rbaycan \u00f6z suveren \u0259razisind\u0259 ist\u0259diyi add\u0131mlar\u0131 atmaq h\u00fcququna malikdir: \u201cOnlar \u00f6z suveren \u0259razil\u0259rind\u0259&hellip;<\/p>\n","protected":false},"author":2,"featured_media":850124,"comment_status":"closed","ping_status":"closed","sticky":false,"template":"","format":"standard","meta":{"om_disable_all_campaigns":false,"_monsterinsights_skip_tracking":false,"_monsterinsights_sitenote_active":false,"_monsterinsights_sitenote_note":"","_monsterinsights_sitenote_category":0},"categories":[4],"tags":[],"aioseo_notices":[],"gutentor_comment":0,"rttpg_featured_image_url":{"full":["https:\/\/arantv.az\/wp-content\/uploads\/2026\/04\/fdc437be98bd5a07121a6dcfdfdf0b0c.jpg",588,441,false],"landscape":["https:\/\/arantv.az\/wp-content\/uploads\/2026\/04\/fdc437be98bd5a07121a6dcfdfdf0b0c.jpg",588,441,false],"portraits":["https:\/\/arantv.az\/wp-content\/uploads\/2026\/04\/fdc437be98bd5a07121a6dcfdfdf0b0c.jpg",588,441,false],"thumbnail":["https:\/\/arantv.az\/wp-content\/uploads\/2026\/04\/fdc437be98bd5a07121a6dcfdfdf0b0c-500x280.jpg",500,280,true],"medium":["https:\/\/arantv.az\/wp-content\/uploads\/2026\/04\/fdc437be98bd5a07121a6dcfdfdf0b0c-487x365.jpg",487,365,true],"large":["https:\/\/arantv.az\/wp-content\/uploads\/2026\/04\/fdc437be98bd5a07121a6dcfdfdf0b0c.jpg",588,441,false],"1536x1536":["https:\/\/arantv.az\/wp-content\/uploads\/2026\/04\/fdc437be98bd5a07121a6dcfdfdf0b0c.jpg",588,441,false],"2048x2048":["https:\/\/arantv.az\/wp-content\/uploads\/2026\/04\/fdc437be98bd5a07121a6dcfdfdf0b0c.jpg",588,441,false],"post-thumbnail":["https:\/\/arantv.az\/wp-content\/uploads\/2026\/04\/fdc437be98bd5a07121a6dcfdfdf0b0c-240x172.jpg",240,172,true],"advps-thumb-one":["https:\/\/arantv.az\/wp-content\/uploads\/2026\/04\/fdc437be98bd5a07121a6dcfdfdf0b0c.jpg",588,441,false]},"rttpg_author":{"display_name":"V\u00fcsal Rafiqo\u011flu","author_link":"https:\/\/arantv.az\/?author=2"},"rttpg_comment":0,"rttpg_category":"<a href=\"https:\/\/arantv.az\/?cat=4\" rel=\"category\">Siyas\u0259t<\/a>","rttpg_excerpt":"Erm\u0259nistan parlamentind\u0259 hakim \u201cV\u0259t\u0259nda\u015f m\u00fcqavil\u0259si\u201d fraksiyas\u0131ndan olan deputat Arsen Torosyan Xank\u0259ndid\u0259 qanunsuz tikilil\u0259rin s\u00f6k\u00fclm\u0259si il\u0259 ba\u011fl\u0131 \u0130r\u0259van\u0131n s\u0259rt reaksiya verm\u0259sinin m\u0259nas\u0131z oldu\u011funu bildirib. Musavat.com x\u0259b\u0259r verir ki, o, bu bar\u0259d\u0259 ictimai televiziyan\u0131n efirind\u0259 dan\u0131\u015f\u0131b. Deputat m\u0259s\u0259l\u0259 il\u0259 ba\u011fl\u0131 hay-k\u00fcy qald\u0131rma\u011f\u0131n he\u00e7 bir n\u0259tic\u0259 verm\u0259y\u0259c\u0259yini vur\u011fulay\u0131b: \u201cYax\u015f\u0131, bunu ed\u0259k \u2014 v\u0259 n\u0259 olacaq?\u201d \u2013 dey\u0259 o&hellip;","_links":{"self":[{"href":"https:\/\/arantv.az\/index.php?rest_route=\/wp\/v2\/posts\/850123"}],"collection":[{"href":"https:\/\/arantv.az\/index.php?rest_route=\/wp\/v2\/posts"}],"about":[{"href":"https:\/\/arantv.az\/index.php?rest_route=\/wp\/v2\/types\/post"}],"author":[{"embeddable":true,"href":"https:\/\/arantv.az\/index.php?rest_route=\/wp\/v2\/users\/2"}],"replies":[{"embeddable":true,"href":"https:\/\/arantv.az\/index.php?rest_route=%2Fwp%2Fv2%2Fcomments&post=850123"}],"version-history":[{"count":1,"href":"https:\/\/arantv.az\/index.php?rest_route=\/wp\/v2\/posts\/850123\/revisions"}],"predecessor-version":[{"id":850125,"href":"https:\/\/arantv.az\/index.php?rest_route=\/wp\/v2\/posts\/850123\/revisions\/850125"}],"wp:featuredmedia":[{"embeddable":true,"href":"https:\/\/arantv.az\/index.php?rest_route=\/wp\/v2\/media\/850124"}],"wp:attachment":[{"href":"https:\/\/arantv.az\/index.php?rest_route=%2Fwp%2Fv2%2Fmedia&parent=850123"}],"wp:term":[{"taxonomy":"category","embeddable":true,"href":"https:\/\/arantv.az\/index.php?rest_route=%2Fwp%2Fv2%2Fcategories&post=850123"},{"taxonomy":"post_tag","embeddable":true,"href":"https:\/\/arantv.az\/index.php?rest_route=%2Fwp%2Fv2%2Ftags&post=850123"}],"curies":[{"name":"wp","href":"https:\/\/api.w.org\/{rel}","templated":true}]}}