{"id":850131,"date":"2026-04-29T10:30:57","date_gmt":"2026-04-29T06:30:57","guid":{"rendered":"https:\/\/arantv.az\/?p=850131"},"modified":"2026-04-29T10:30:57","modified_gmt":"2026-04-29T06:30:57","slug":"daglar-qoynunda-inci","status":"publish","type":"post","link":"https:\/\/arantv.az\/?p=850131","title":{"rendered":"Da\u011flar qoynunda inci&#8230;"},"content":{"rendered":"<p><em><strong>\u015eu\u015fa \u0130\u018fT-in turizm paytaxt\u0131 elan edilib<\/strong><\/em><\/p>\n<p>F\u00fcsunkar t\u0259bi\u0259tin\u0259 v\u0259 t\u0259miz iqlimin\u0259 malik olan \u015eu\u015fa \u015f\u0259h\u0259ri \u015e\u0259rqin incil\u0259rind\u0259n biridir. \u0130slam m\u0259d\u0259niyy\u0259tinin bir par\u00e7as\u0131 olan \u015f\u0259h\u0259r xal\u00e7a\u00e7\u0131l\u0131\u011f\u0131, boyakarl\u0131\u011f\u0131, musiqisi ifa\u00e7\u0131l\u0131\u011f\u0131, s\u0259n\u0259tkarl\u0131\u011f\u0131 il\u0259 b\u0259rab\u0259r, h\u0259m d\u0259 \u0259srar\u0259ngiz g\u00f6z\u0259llikl\u0259ri il\u0259 insan\u0131 valeh edir. Erm\u0259nistan\u0131n i\u015f\u011fal\u00e7\u0131 v\u0259 v\u0259h\u015fi quldur d\u0259st\u0259l\u0259ri buran\u0131n t\u0259bi\u0259tin\u0259 v\u0259 m\u0259d\u0259niyy\u0259tin\u0259 n\u0259 q\u0259d\u0259r z\u0259rb\u0259l\u0259r vursa da tamamil\u0259 m\u0259hv etm\u0259y\u0259 imkanlar\u0131 \u00e7atmam\u0131\u015fd\u0131r. Azad edil\u0259nd\u0259n q\u0131sa m\u00fcdd\u0259td\u0259 h\u0259r \u015fey b\u0259rpa edilmi\u015f, \u0259vv\u0259lkind\u0259n d\u0259 bax\u0131ml\u0131 edilmi\u015fdir. Bir \u00e7ox \u00f6lk\u0259l\u0259rin d\u00f6vl\u0259t ba\u015f\u00e7\u0131lar\u0131, diplomatlar\u0131, yaz\u0131\u00e7\u0131 v\u0259 jurnalistl\u0259ri, tan\u0131nm\u0131\u015f m\u0259d\u0259niyy\u0259t xadiml\u0259ri, musiqi kollektivl\u0259ri, turistl\u0259r, bura ax\u0131n etmi\u015fl\u0259r.<\/p>\n<p>\u015eu\u015fa \u015f\u0259h\u0259rind\u0259 &#8220;\u015eu\u015fa \u2013 \u0130\u018fT-in turizm paytaxt\u0131 2026&#8221; t\u0259dbirinin a\u00e7\u0131l\u0131\u015f m\u0259rasimi ke\u00e7irilib. \u015eu\u015faya ezam olunmu\u015f m\u0259tbuat t\u0259msil\u00e7il\u0259ri x\u0259b\u0259r verirl\u0259r ki, bu \u00e7\u0259r\u00e7iv\u0259d\u0259 ke\u00e7iril\u0259n t\u0259dbirl\u0259rd\u0259 Az\u0259rbaycan, T\u00fcrkiy\u0259, \u0130ran, Qazax\u0131stan, Q\u0131r\u011f\u0131z\u0131stan, Tacikistan, Pakistan, T\u00fcrkm\u0259nistan v\u0259 \u00d6zb\u0259kistan n\u00fcmay\u0259nd\u0259 hey\u0259tl\u0259ri i\u015ftirak edirl\u0259r.<\/p>\n<p>N\u00f6vb\u0259ti g\u00fcnl\u0259rd\u0259 \u0130qtisadi \u018fm\u0259kda\u015fl\u0131q T\u0259\u015fkilat\u0131n\u0131n (\u0130\u018fT) Turizm \u00fczr\u0259 Y\u00fcks\u0259k S\u0259viyy\u0259li Ekspertl\u0259r Qrupunun 9-cu iclas\u0131, Qastronomiya G\u00fcn\u00fc, el\u0259c\u0259 d\u0259 \u0130\u018fT Turizm Nazirl\u0259rinin 7-ci g\u00f6r\u00fc\u015f\u00fcn\u00fcn ke\u00e7irilm\u0259si n\u0259z\u0259rd\u0259 tutulur.<\/p>\n<p>2023-c\u00fc ild\u0259 \u0130\u018fT-\u0259 \u00fczv \u00f6lk\u0259l\u0259rin turizm nazirl\u0259rinin 5-ci iclas\u0131nda \u015eu\u015fa \u015f\u0259h\u0259ri 2026-c\u0131 il \u00fc\u00e7\u00fcn &#8220;\u0130\u018fT-in turizm paytaxt\u0131&#8221; elan edilib.<\/p>\n<p>T\u0259dbirl\u0259r Nazirl\u0259r Kabinetinin &#8220;\u015eu\u015fa \u015f\u0259h\u0259rinin 2026-c\u0131 il \u00fc\u00e7\u00fcn \u0130qtisadi \u018fm\u0259kda\u015fl\u0131q T\u0259\u015fkilat\u0131n\u0131n turizm paytaxt\u0131 elan edilm\u0259si&#8221; il\u0259 ba\u011fl\u0131 T\u0259dbirl\u0259r Plan\u0131na uy\u011fun olaraq t\u0259\u015fkil olunur. Ayd\u0131n g\u00f6r\u00fcn\u00fcr ki, ziyar\u0259t\u00e7il\u0259rd\u0259n ba\u015fqa iri beyn\u0259lxalq t\u0259\u015fkilatlar da\u011flar qoynundak\u0131 nadir incini g\u00f6rm\u0259kd\u0259, ab-havas\u0131ndan dadma\u011fa maraq g\u00f6st\u0259rirl\u0259r. \u018fslind\u0259 \u015eu\u015fa \u015f\u0259h\u0259r kimi formala\u015fd\u0131r\u0131ld\u0131\u011f\u0131 XVIII \u0259srd\u0259 bu missiyan\u0131 yerin\u0259 yetirirdi. Burada pul k\u0259silir, mu\u011fam s\u0259n\u0259ti inki\u015faf etdirilir, qala divarlar\u0131, m\u0259scidl\u0259r in\u015fa olunur, saraylar in\u015fa edilirdi. M\u00fcxt\u0259lif ixtisaslara yiy\u0259l\u0259nmi\u015f insanlar i\u015fl\u0259m\u0259k \u00fc\u00e7\u00fcn ax\u0131n-ax\u0131n g\u0259lirdil\u0259r. Qaraba\u011f xanl\u0131\u011f\u0131n\u0131n paytaxt\u0131 oldu\u011fu ill\u0259rd\u0259 \u015eu\u015faya \u0130ran h\u00f6kmdar\u0131 F\u0259t\u0259li \u015fah\u0131n, sonralar A\u011fa M\u0259h\u0259mm\u0259d \u015fah Qacar\u0131n, Rusiya imperiyas\u0131n\u0131n i\u015f\u011fal\u00e7\u0131 qo\u015funlar\u0131n\u0131n h\u00fccumlar\u0131na qar\u015f\u0131 sin\u0259 g\u0259rib. Rus \u0259sg\u0259rinin aya\u011f\u0131 \u015eu\u015faya d\u0259y\u0259nd\u0259n sonra \u015f\u0259h\u0259r \u0259halisinin ba\u015f\u0131 m\u00fcsib\u0259td\u0259n a\u00e7\u0131lmay\u0131b. Bir c\u0259llad\u0131 ba\u015fqas\u0131 \u0259v\u0259z edib. Riyakar Sovet h\u00f6kum\u0259ti hakimiyy\u0259t ba\u015f\u0131na g\u0259l\u0259nd\u0259n sonra d\u0259y\u0259rli ziyal\u0131lara divan tutdu, repressiyaya, s\u00fcrg\u00fcn\u0259 m\u0259ruz qoydu. Adl\u0131-sanl\u0131 aliml\u0259rin, h\u0259rb\u00e7il\u0259rin, \u0259d\u0259biyyat\u015f\u00fcnaslar\u0131n, \u015fair v\u0259 m\u00fc\u011f\u0259nnil\u0259rin v\u0259t\u0259ni \u0259sl c\u0259h\u0259nn\u0259m\u0259 \u00e7evrildi. Bu d\u0259h\u015f\u0259t iyirmi il\u0259 q\u0259d\u0259r davam etdi.<\/p>\n<p>Yeni m\u00fcsib\u0259t Kremld\u0259 l\u0259n\u0259tlik Mixail Qorba\u00e7ovun arvad\u0131 Raisa il\u0259 birlikd\u0259 1988-ci ild\u0259 s\u00fcni sur\u0259td\u0259 t\u0259\u015fkil edildi. Onlar erm\u0259ni separat\u00e7\u0131lar\u0131na h\u0259r c\u00fcr d\u0259st\u0259k ver\u0259r\u0259k \u015eu\u015fan\u0131n i\u015f\u011fal plan\u0131n\u0131 h\u0259yata ke\u00e7irdil\u0259r. T\u0259sad\u00fcfi deyil ki, Qaraba\u011f\u0131n Az\u0259rbaycandan qopar\u0131l\u0131b Erm\u0259nistana birl\u0259\u015fdirilm\u0259si kimi separat\u00e7\u0131 niyy\u0259ti ilk d\u0259f\u0259 Mixail Qorba\u00e7ovun iqtisadi m\u0259s\u0259l\u0259l\u0259r \u00fczr\u0259 k\u00f6m\u0259k\u00e7isi akademik Abel Aqanbekyan Parisd\u0259 s\u0259f\u0259rd\u0259 olark\u0259n \u201cHumanite\u201d q\u0259zetin\u0259 m\u00fcsahib\u0259sind\u0259 a\u00e7m\u0131\u015fd\u0131. M\u0259d\u0259ni abid\u0259l\u0259rin qorunmas\u0131ndan d\u0259m vuran erm\u0259nil\u0259r \u00dczeyir Hac\u0131b\u0259ylinin, Xur\u015fidbanu Nat\u0259van\u0131n, Xan\u0131n, B\u00fclb\u00fcl\u00fcn b\u00fcstl\u0259rini g\u00fcll\u0259l\u0259mi\u015f, ev muzeyl\u0259rini da\u011f\u0131tm\u0131\u015fd\u0131lar. \u00a0Bel\u0259likl\u0259, \u015eu\u015fa iyirmi s\u0259kkiz il h\u00fczn i\u00e7ind\u0259, d\u00fc\u015fm\u0259n \u0259lind\u0259 qald\u0131.<\/p>\n<p>N\u0259hay\u0259t, i\u015f\u011fal d\u00f6vr\u00fc d\u0259 sona \u00e7atd\u0131. 2020-ci il noyabr\u0131n 8-d\u0259 \u015eu\u015fa yenid\u0259n azadl\u0131\u011fa qovu\u015fdu. Erm\u0259ni vandallar\u0131 t\u0259r\u0259find\u0259n da\u011f\u0131d\u0131l\u0131b xarabazara \u00e7evrilmi\u015f g\u00f6z\u0259l \u015f\u0259h\u0259r q\u0131sa m\u00fcdd\u0259td\u0259 abad bir gu\u015f\u0259y\u0259 \u00e7evrildi. Ziyar\u0259t\u00e7il\u0259r C\u0131d\u0131r d\u00fcz\u00fcn\u00fc, Topxana me\u015f\u0259sini, G\u0259lin qayas\u0131, \u0130sa bula\u011f\u0131n\u0131 heyranl\u0131qla seyr edirl\u0259r. Deyil\u0259nl\u0259r\u0259 g\u00f6r\u0259,d\u00fcnyada iki yerd\u0259 bit\u0259n xar\u0131b\u00fclb\u00fcl \u00e7i\u00e7\u0259yi is\u0259 art\u0131q \u015eu\u015fan\u0131n simvoluna cevrilib. Bir \u00e7ox soyda\u015flar\u0131m\u0131z bu simvolun ni\u015fan\u0131n\u0131 f\u0259xrl\u0259 yaxalar\u0131nda g\u0259zdirirl\u0259r. T\u0259bi\u0259t g\u00f6z\u0259llikl\u0259rinn h\u0259r birinin maraql\u0131 yaranma tarixi var. T\u00fcrkiy\u0259 Prezidenti R\u0259c\u0259b Tayyib \u018frdo\u011fan, Pakistan d\u00f6vl\u0259tinin Ba\u015f naziri M\u0259h\u0259mm\u0259d \u015eahbaz \u015e\u0259rif \u015eu\u015fan\u0131n f\u0259xri qonaqlar\u0131 olublar. Onlar bu yerin g\u00f6z\u0259llikl\u0259rind\u0259n m\u0259mnun qald\u0131qlar\u0131n\u0131 bildiribl\u0259r. Qartall\u0131 da\u011flar, ba\u015f\u0131 dumanl\u0131 zirv\u0259l\u0259r, d\u0259rin d\u0259r\u0259l\u0259r, ya\u015f\u0131l me\u015f\u0259l\u0259r, t\u0259miz hava, dumduru s\u0259ma \u015eu\u015faya sanki sirli-sehrli xo\u015f ovqat g\u0259tirir. Bir azdan d\u00fcnyan\u0131n h\u0259r yerind\u0259n turistl\u0259r bu sehrin i\u015f\u0131\u011f\u0131na y\u0131\u011f\u0131\u015facaqlar.<\/p>\n<p><strong>V\u0259li \u0130lyasov, \u201c\u0130ki sahil\u201d<\/strong><\/p>\n","protected":false},"excerpt":{"rendered":"<p>\u015eu\u015fa \u0130\u018fT-in turizm paytaxt\u0131 elan edilib F\u00fcsunkar t\u0259bi\u0259tin\u0259 v\u0259 t\u0259miz iqlimin\u0259 malik olan \u015eu\u015fa \u015f\u0259h\u0259ri \u015e\u0259rqin incil\u0259rind\u0259n biridir. \u0130slam m\u0259d\u0259niyy\u0259tinin bir par\u00e7as\u0131 olan \u015f\u0259h\u0259r xal\u00e7a\u00e7\u0131l\u0131\u011f\u0131, boyakarl\u0131\u011f\u0131, musiqisi ifa\u00e7\u0131l\u0131\u011f\u0131, s\u0259n\u0259tkarl\u0131\u011f\u0131 il\u0259 b\u0259rab\u0259r, h\u0259m d\u0259 \u0259srar\u0259ngiz g\u00f6z\u0259llikl\u0259ri il\u0259 insan\u0131 valeh edir. Erm\u0259nistan\u0131n i\u015f\u011fal\u00e7\u0131 v\u0259 v\u0259h\u015fi quldur d\u0259st\u0259l\u0259ri buran\u0131n t\u0259bi\u0259tin\u0259 v\u0259 m\u0259d\u0259niyy\u0259tin\u0259 n\u0259 q\u0259d\u0259r z\u0259rb\u0259l\u0259r vursa da tamamil\u0259 m\u0259hv etm\u0259y\u0259 imkanlar\u0131 \u00e7atmam\u0131\u015fd\u0131r. Azad edil\u0259nd\u0259n q\u0131sa m\u00fcdd\u0259td\u0259 h\u0259r \u015fey b\u0259rpa edilmi\u015f, \u0259vv\u0259lkind\u0259n d\u0259 bax\u0131ml\u0131 edilmi\u015fdir. Bir \u00e7ox \u00f6lk\u0259l\u0259rin d\u00f6vl\u0259t ba\u015f\u00e7\u0131lar\u0131, diplomatlar\u0131, yaz\u0131\u00e7\u0131 v\u0259 jurnalistl\u0259ri, tan\u0131nm\u0131\u015f m\u0259d\u0259niyy\u0259t xadiml\u0259ri, musiqi kollektivl\u0259ri, turistl\u0259r, bura ax\u0131n etmi\u015fl\u0259r. \u015eu\u015fa&hellip;<\/p>\n","protected":false},"author":2,"featured_media":850132,"comment_status":"closed","ping_status":"closed","sticky":false,"template":"","format":"standard","meta":{"om_disable_all_campaigns":false,"_monsterinsights_skip_tracking":false,"_monsterinsights_sitenote_active":false,"_monsterinsights_sitenote_note":"","_monsterinsights_sitenote_category":0},"categories":[19],"tags":[],"aioseo_notices":[],"gutentor_comment":0,"rttpg_featured_image_url":{"full":["https:\/\/arantv.az\/wp-content\/uploads\/2026\/04\/70162fe6170600079324967880510692125.jpg",975,540,false],"landscape":["https:\/\/arantv.az\/wp-content\/uploads\/2026\/04\/70162fe6170600079324967880510692125.jpg",975,540,false],"portraits":["https:\/\/arantv.az\/wp-content\/uploads\/2026\/04\/70162fe6170600079324967880510692125.jpg",975,540,false],"thumbnail":["https:\/\/arantv.az\/wp-content\/uploads\/2026\/04\/70162fe6170600079324967880510692125-500x280.jpg",500,280,true],"medium":["https:\/\/arantv.az\/wp-content\/uploads\/2026\/04\/70162fe6170600079324967880510692125-660x365.jpg",660,365,true],"large":["https:\/\/arantv.az\/wp-content\/uploads\/2026\/04\/70162fe6170600079324967880510692125-840x465.jpg",640,354,true],"1536x1536":["https:\/\/arantv.az\/wp-content\/uploads\/2026\/04\/70162fe6170600079324967880510692125.jpg",975,540,false],"2048x2048":["https:\/\/arantv.az\/wp-content\/uploads\/2026\/04\/70162fe6170600079324967880510692125.jpg",975,540,false],"post-thumbnail":["https:\/\/arantv.az\/wp-content\/uploads\/2026\/04\/70162fe6170600079324967880510692125-240x172.jpg",240,172,true],"advps-thumb-one":["https:\/\/arantv.az\/wp-content\/uploads\/2026\/04\/70162fe6170600079324967880510692125.jpg",975,540,false]},"rttpg_author":{"display_name":"V\u00fcsal Rafiqo\u011flu","author_link":"https:\/\/arantv.az\/?author=2"},"rttpg_comment":0,"rttpg_category":"<a href=\"https:\/\/arantv.az\/?cat=19\" rel=\"category\">G\u00fcnd\u0259m<\/a>","rttpg_excerpt":"\u015eu\u015fa \u0130\u018fT-in turizm paytaxt\u0131 elan edilib F\u00fcsunkar t\u0259bi\u0259tin\u0259 v\u0259 t\u0259miz iqlimin\u0259 malik olan \u015eu\u015fa \u015f\u0259h\u0259ri \u015e\u0259rqin incil\u0259rind\u0259n biridir. \u0130slam m\u0259d\u0259niyy\u0259tinin bir par\u00e7as\u0131 olan \u015f\u0259h\u0259r xal\u00e7a\u00e7\u0131l\u0131\u011f\u0131, boyakarl\u0131\u011f\u0131, musiqisi ifa\u00e7\u0131l\u0131\u011f\u0131, s\u0259n\u0259tkarl\u0131\u011f\u0131 il\u0259 b\u0259rab\u0259r, h\u0259m d\u0259 \u0259srar\u0259ngiz g\u00f6z\u0259llikl\u0259ri il\u0259 insan\u0131 valeh edir. Erm\u0259nistan\u0131n i\u015f\u011fal\u00e7\u0131 v\u0259 v\u0259h\u015fi quldur d\u0259st\u0259l\u0259ri buran\u0131n t\u0259bi\u0259tin\u0259 v\u0259 m\u0259d\u0259niyy\u0259tin\u0259 n\u0259 q\u0259d\u0259r z\u0259rb\u0259l\u0259r vursa da tamamil\u0259&hellip;","_links":{"self":[{"href":"https:\/\/arantv.az\/index.php?rest_route=\/wp\/v2\/posts\/850131"}],"collection":[{"href":"https:\/\/arantv.az\/index.php?rest_route=\/wp\/v2\/posts"}],"about":[{"href":"https:\/\/arantv.az\/index.php?rest_route=\/wp\/v2\/types\/post"}],"author":[{"embeddable":true,"href":"https:\/\/arantv.az\/index.php?rest_route=\/wp\/v2\/users\/2"}],"replies":[{"embeddable":true,"href":"https:\/\/arantv.az\/index.php?rest_route=%2Fwp%2Fv2%2Fcomments&post=850131"}],"version-history":[{"count":2,"href":"https:\/\/arantv.az\/index.php?rest_route=\/wp\/v2\/posts\/850131\/revisions"}],"predecessor-version":[{"id":850134,"href":"https:\/\/arantv.az\/index.php?rest_route=\/wp\/v2\/posts\/850131\/revisions\/850134"}],"wp:featuredmedia":[{"embeddable":true,"href":"https:\/\/arantv.az\/index.php?rest_route=\/wp\/v2\/media\/850132"}],"wp:attachment":[{"href":"https:\/\/arantv.az\/index.php?rest_route=%2Fwp%2Fv2%2Fmedia&parent=850131"}],"wp:term":[{"taxonomy":"category","embeddable":true,"href":"https:\/\/arantv.az\/index.php?rest_route=%2Fwp%2Fv2%2Fcategories&post=850131"},{"taxonomy":"post_tag","embeddable":true,"href":"https:\/\/arantv.az\/index.php?rest_route=%2Fwp%2Fv2%2Ftags&post=850131"}],"curies":[{"name":"wp","href":"https:\/\/api.w.org\/{rel}","templated":true}]}}