{"id":850135,"date":"2026-04-29T10:32:40","date_gmt":"2026-04-29T06:32:40","guid":{"rendered":"https:\/\/arantv.az\/?p=850135"},"modified":"2026-04-29T10:32:40","modified_gmt":"2026-04-29T06:32:40","slug":"planetimiz%c9%99-sulh-g%c9%99r%c9%99kdir","status":"publish","type":"post","link":"https:\/\/arantv.az\/?p=850135","title":{"rendered":"Planetimiz\u0259 s\u00fclh g\u0259r\u0259kdir"},"content":{"rendered":"<p><em><strong>Prezident \u0130lham \u018fliyevin Az\u0259rbaycan il\u0259 Erm\u0259nistan aras\u0131nda s\u00fclh\u00fcn \u0259ld\u0259 olunmas\u0131 v\u0259 dialoqun t\u0259\u015fviqi istiqam\u0259tind\u0259 g\u00f6st\u0259rdiyi s\u0259yl\u0259r\u0259 g\u00f6r\u0259 \u201cS\u00fclh v\u0259 Bar\u0131\u015f\u0131q \u00fc\u00e7\u00fcn Gernika m\u00fckafat\u0131\u201dna layiq g\u00f6r\u00fclm\u0259si \u00f6lk\u0259mizin b\u00fct\u00fcn d\u00fcnyada qar\u015f\u0131l\u0131ql\u0131 anla\u015fman\u0131n, \u0259m\u0259kda\u015fl\u0131\u011f\u0131n v\u0259 t\u0259hl\u00fck\u0259sizliyin b\u0259rq\u0259rar olmas\u0131na, g\u0259l\u0259c\u0259k n\u0259sill\u0259rin daha sabit, t\u0259hl\u00fck\u0259siz v\u0259 m\u00fcharib\u0259l\u0259rsiz d\u00fcnyada ya\u015famas\u0131na verdiyi \u0259m\u0259li t\u00f6hf\u0259l\u0259rin y\u00fcks\u0259k qiym\u0259tl\u0259ndirilm\u0259sinin bariz n\u00fcmun\u0259sidir<\/strong><\/em><\/p>\n<p>S\u00fclh \u0259n ali d\u0259y\u0259r, b\u00fct\u00fcn b\u0259\u015f\u0259riyy\u0259tin dincliyi v\u0259 xo\u015fb\u0259xtliyi \u00fc\u00e7\u00fcn \u0259sas meyard\u0131r. S\u00fclh h\u0259m d\u0259 m\u00fcr\u0259kk\u0259b prosesdir. Beyn\u0259lxalq insan h\u00fcquqlar\u0131 il\u0259 s\u00fclh h\u00fcququ aras\u0131nda \u0259laq\u0259l\u0259r \u00e7ox g\u00fccl\u00fcd\u00fcr. B\u00fct\u00fcn insanlar milli v\u0259 beyn\u0259lxalq s\u00fclh, t\u0259hl\u00fck\u0259sizlik h\u00fcququna malikdirl\u0259r. Bu bax\u0131mdan s\u00fclh\u00fc yaln\u0131z diplomatiya yolu il\u0259 t\u0259min etm\u0259k m\u00fcmk\u00fcn deyil. Bunun \u00fc\u00e7\u00fcn \u0259vv\u0259lc\u0259 m\u00fcharib\u0259y\u0259 s\u0259b\u0259b olan amill\u0259ri ortadan qald\u0131rmaq, \u0259sasl\u0131 t\u0259dbirl\u0259r g\u00f6rm\u0259k laz\u0131md\u0131r. Bu t\u0259dbirl\u0259rd\u0259n \u0259n vacibi g\u00fcc\u0259 v\u0259 g\u00fcc t\u0259hdidin\u0259 m\u00fcraci\u0259t etm\u0259m\u0259k, m\u00fcnaqi\u015f\u0259ni diplomatik yol il\u0259 h\u0259ll etm\u0259k, iqtisadi v\u0259 sosial \u0259m\u0259kda\u015fl\u0131\u011f\u0131 t\u0259min etm\u0259k, bir-birin\u0259 d\u00fc\u015fm\u0259n olan idelogoyalar\u0131n v\u0259 bax\u0131\u015flar\u0131n t\u0259sirind\u0259n qurtarmaq, qar\u015fl\u0131lql\u0131 nifrt\u0259d\u0259n xilas olmaqd\u0131r.<\/p>\n<p>Prezident \u0130lham \u018fliyevin regional v\u0259 qlobal s\u00fclh g\u00fcnd\u0259liyin\u0259 verdiyi t\u00f6hf\u0259l\u0259r xalqlar\u0131n s\u00fclh\u00fcn qorunmas\u0131 v\u0259 h\u0259yata ke\u00e7irilm\u0259si h\u00fcququnun t\u0259\u015fviqinin b\u00fct\u00fcn d\u00f6vl\u0259tl\u0259rin \u0259sas v\u0259zif\u0259si oldu\u011funu bir daha t\u0259sdiq etdi. D\u00f6vl\u0259timizin ba\u015f\u00e7\u0131s\u0131n\u0131n uzun ill\u0259rd\u0259n b\u0259ri s\u00fclh, dialoq v\u0259 qar\u015f\u0131l\u0131ql\u0131 anl\u015faman\u0131n t\u0259\u015f\u0259bb\u00fcskarlar\u0131ndan v\u0259 f\u0259al t\u0259\u015fviqat\u00e7\u0131lar\u0131ndan biri kimi \u00e7\u0131x\u0131\u015f etm\u0259si s\u00fclh \u015f\u0259raitind\u0259 ya\u015fama\u011f\u0131n b\u00fct\u00fcn insanlar\u0131n, d\u00fcnya xalqlar\u0131n\u0131n m\u00fcq\u0259dd\u0259s haqq\u0131 oldu\u011funu bir daha t\u0259sdiq etdi.<\/p>\n<p>D\u00fcnya nizam\u0131n\u0131n qaydalar\u0131n\u0131n, nec\u0259 dey\u0259rl\u0259r, \u201cyenid\u0259n yaz\u0131ld\u0131\u011f\u0131\u201d, neft\u0259, qaza, nadir elementl\u0259r\u0259 v\u0259 dig\u0259r qaynaqlara sahib olmaq v\u0259 ya n\u0259zar\u0259t etm\u0259k u\u011frunda ged\u0259n m\u00fcbariz\u0259l\u0259r s\u0259b\u0259bind\u0259n regional v\u0259 beyn\u0259lxalq g\u0259rginlikl\u0259rin artd\u0131\u011f\u0131 bir d\u00f6vrd\u0259, Erm\u0259nistanla \u00fc\u00e7 onillik m\u00fcdd\u0259tind\u0259 davam ed\u0259n m\u00fcnaqi\u015f\u0259nin h\u0259lli istiqm\u0259tind\u0259 beyn\u0259lxalq h\u00fcquq, \u0259razi b\u00fct\u00f6vl\u00fcy\u00fc v\u0259 tam suverenlik prinsipl\u0259rin\u0259 \u0259saslanan yeni reall\u0131qlar formala\u015fd\u0131ran Az\u0259rbaycan\u0131n qlobal s\u00fclh\u00fcn v\u0259 t\u0259hl\u00fck\u0259siliyin t\u0259min olunmas\u0131 m\u0259s\u0259l\u0259l\u0259rind\u0259 artan konstruktiv rolu b\u00fct\u00fcn d\u00fcnyada r\u0259\u011fb\u0259tl\u0259 qar\u015f\u0131lan\u0131r, \u0259n y\u00fcks\u0259k s\u0259viyy\u0259d\u0259 t\u0259qdir olunur.<\/p>\n<p>Az\u0259rabaycan davaml\u0131 s\u00fclh, t\u0259hl\u00fck\u0259sizlik v\u0259 \u0259m\u0259kda\u015fl\u0131q prinsipl\u0259rin\u0259 sadiqiliyini h\u0259r zaman t\u0259sdiq edib. 2025-ci ilin avqustunda Va\u015finqton \u015f\u0259h\u0259rind\u0259 ba\u015f tutmu\u015f tarixi Zirv\u0259 G\u00f6r\u00fc\u015f\u00fcnd\u0259 Az\u0259rbaycan v\u0259 Erm\u0259nistan aras\u0131nda s\u00fclh sazi\u015finin m\u0259tni paraflanm\u0131\u015f, eyni zamanda, Birg\u0259 B\u0259yannam\u0259nin imzalanmas\u0131 il\u0259 iki xalq aras\u0131nda s\u00fclh\u00fcn, bar\u0131\u015f\u0131\u011f\u0131n, qar\u015f\u0131l\u0131ql\u0131 t\u0259r\u0259fda\u015fl\u0131q d\u00f6vr\u00fcn\u00fcn \u0259sas\u0131 qoyulmu\u015fdur. H\u0259m\u00e7inin daha sonra d\u00f6vl\u0259timizin ba\u015f\u00e7\u0131s\u0131n\u0131n AB\u015e-a i\u015fg\u00fczar s\u0259f\u0259ri \u00e7\u0259r\u00e7iv\u0259sind\u0259 fevral\u0131n 19-da Va\u015finqtonda ke\u00e7iril\u0259n S\u00fclh \u015euras\u0131n\u0131n ilk iclas\u0131nda i\u015ftirak\u0131 Az\u0259rbaycan\u0131n beyn\u0259lxalq s\u00fclh v\u0259 t\u0259hl\u00fck\u0259sizlik g\u00fcnd\u0259liyind\u0259 artan rolunu, qlobal prosesl\u0259rd\u0259 f\u0259al m\u00f6vqeyini bir daha t\u0259sdiq etdi.<\/p>\n<p>Haz\u0131rda Bak\u0131n\u0131n \u00e7oxt\u0259r\u0259fli diplomatiya, dialoq v\u0259 \u0259m\u0259kda\u015fl\u0131q \u00fc\u00e7\u00fcn etibarl\u0131 m\u0259rk\u0259z kimi \u0259h\u0259miy\u0259ti g\u00fcnd\u0259n-g\u00fcn\u0259 art\u0131r. Aprelin 25-d\u0259 Q\u0259b\u0259l\u0259d\u0259 Ukrayna Prezidenti Volodimir Zelenskinin Az\u0259rbaycan Prezidenti \u0130lham \u018fliyev il\u0259 m\u0259tbuata birg\u0259 b\u0259yanat\u0131nda Rusiya il\u0259 \u0130krayna aras\u0131ndak\u0131 dan\u0131\u015f\u0131qlar\u0131n \u00f6lk\u0259mizd\u0259 ke\u00e7irilm\u0259sini t\u0259klif etm\u0259si bunun bariz g\u00f6st\u0259ricisidir. Beyn\u0259lxalq al\u0259md\u0259 etibarl\u0131 t\u0259r\u0259fda\u015f kimi tan\u0131nan Az\u0259rbaycan\u0131n bu sah\u0259d\u0259 b\u00f6y\u00fck t\u0259cr\u00fcb\u0259si var. Bel\u0259 ki, vaxtil\u0259 Bak\u0131da T\u00fcrkiy\u0259 v\u0259 \u0130srail aras\u0131nda dan\u0131\u015f\u0131qlar ba\u015f tutub. H\u0259m\u00e7inin Rusiya Ba\u015f Q\u0259rargah\u0131n\u0131n r\u0259isi il\u0259 NATO komandanl\u0131\u011f\u0131 \u00f6lk\u0259mizd\u0259 bir ne\u00e7\u0259 d\u0259f\u0259 g\u00f6r\u00fc\u015f\u00fcbl\u0259r. B\u00fct\u00fcn bunlar r\u0259smi Bak\u0131n\u0131n siyasi g\u00fcc\u00fcn\u00fc art\u0131r\u0131r, n\u00fcfuzunu getdikc\u0259 y\u00fcks\u0259ldir.<\/p>\n<p>Regionda davaml\u0131 s\u00fclh\u00fcn, \u0259m\u0259kda\u015fl\u0131\u011f\u0131n v\u0259 t\u0259hl\u00fck\u0259sizliyin b\u0259rq\u0259rar olmas\u0131 istiqam\u0259tind\u0259 ciddi add\u0131mlar atan\u00a0Az\u0259rbaycan beyn\u0259lxalq m\u00fcnasib\u0259tl\u0259rd\u0259 vasit\u0259\u00e7i v\u0259 sabitl\u0259\u015fdirici aktor kimi m\u00f6vqeyini daha da g\u00fccl\u0259ndirm\u0259kl\u0259 yana\u015f\u0131, C\u0259nubi Qafqazda yeni s\u00fclh reall\u0131\u011f\u0131 formala\u015fd\u0131r\u0131b. Prezident \u0130lham \u018fliyevin Az\u0259rbaycan il\u0259 Erm\u0259nistan aras\u0131nda s\u00fclh\u00fcn \u0259ld\u0259 olunmas\u0131 v\u0259 dialoqun t\u0259\u015fviqi istiqam\u0259tind\u0259 g\u00f6st\u0259rdiyi s\u0259yl\u0259r\u0259 g\u00f6r\u0259 \u201cS\u00fclh v\u0259 Bar\u0131\u015f\u0131q \u00fc\u00e7\u00fcn Gernika m\u00fckafat\u0131\u201dna layiq g\u00f6r\u00fclm\u0259si \u00f6lk\u0259mizin beyn\u0259lxalq al\u0259md\u0259 artan n\u00fcfuzunun, h\u0259yata ke\u00e7iril\u0259n uzaqg\u00f6r\u0259n v\u0259 praqmatik siyas\u0259tin, el\u0259c\u0259 d\u0259 s\u00fclh v\u0259 sabitliy\u0259 veril\u0259n t\u00f6hf\u0259l\u0259rin y\u00fcks\u0259k qiym\u0259tl\u0259ndirilm\u0259sinin bariz g\u00f6st\u0259ricisidir. M\u00fckafat\u0131n ad\u0131 \u0130spaniyan\u0131n Bask b\u00f6lg\u0259sind\u0259 yerl\u0259\u015f\u0259n Gernika-Lumo \u015f\u0259h\u0259rinin ad\u0131 il\u0259 ba\u011fl\u0131d\u0131r. 1937-ci ild\u0259 \u0130spaniya V\u0259t\u0259nda\u015f m\u00fcharib\u0259si zaman\u0131 \u015f\u0259h\u0259rin bombalanmas\u0131 d\u00fcnya tarixind\u0259 m\u00fclki \u0259haliy\u0259 qar\u015f\u0131 t\u00f6r\u0259dil\u0259n \u0259n sars\u0131d\u0131c\u0131 h\u00fccumlardan biri kimi yadda qal\u0131b v\u0259 sonradan s\u00fclh, bar\u0131\u015f\u0131q v\u0259 m\u00fcharib\u0259y\u0259 qar\u015f\u0131 qlobal simvola \u00e7evrilib. Gernika S\u00fclh M\u00fckafat\u0131 d\u00fcnyada s\u00fclh, bar\u0131\u015f\u0131q v\u0259 insan haqlar\u0131n\u0131n t\u0259\u015fviqin\u0259 t\u00f6hf\u0259 ver\u0259n \u015f\u0259xsl\u0259r\u0259 t\u0259qdim olunur. M\u00fckafat Gernika-Lumo \u015e\u0259h\u0259r \u015euras\u0131 t\u0259r\u0259find\u0259n t\u0259sis edilib.<\/p>\n<p>Prezident \u0130lham \u018fliyev \u201cS\u00fclh v\u0259 Bar\u0131\u015f\u0131q \u00fc\u00e7\u00fcn Gernika m\u00fckafat\u0131\u201dn\u0131n t\u0259qdimolunma m\u0259rasiminin i\u015ftirak\u00e7\u0131lar\u0131na \u00fcnvanlad\u0131\u011f\u0131 m\u00fcraci\u0259td\u0259 bildirib: \u201cGernika \u015f\u0259h\u0259rinin tarixind\u0259n ir\u0259li g\u0259l\u0259n s\u00fclh v\u0259 bar\u0131\u015f\u0131q mesaj\u0131 b\u00fct\u00fcn xalqlar \u00fc\u00e7\u00fcn m\u00fch\u00fcm \u0259h\u0259miyy\u0259t k\u0259sb edir. M\u00fcharib\u0259l\u0259rin ac\u0131 n\u0259tic\u0259l\u0259rini ya\u015fam\u0131\u015f xalqlar\u0131n xatir\u0259si v\u0259 t\u0259cr\u00fcb\u0259si g\u0259l\u0259c\u0259k n\u0259sill\u0259rin daha sabit v\u0259 t\u0259hl\u00fck\u0259siz d\u00fcnyada ya\u015famas\u0131 \u00fc\u00e7\u00fcn m\u00fch\u00fcm d\u0259rs olmal\u0131d\u0131r. 30 il\u0259 yax\u0131n m\u00fcdd\u0259t \u0259rzind\u0259 m\u00fcnaqi\u015f\u0259 \u015f\u0259raitind\u0259 ya\u015fam\u0131\u015f, m\u00fcharib\u0259nin a\u011f\u0131r f\u0259sadlar\u0131 il\u0259 \u00fczl\u0259\u015fmi\u015f Az\u0259rbaycan xalq\u0131 da s\u00fclh\u00fcn v\u0259 bar\u0131\u015f\u0131\u011f\u0131n d\u0259y\u0259rini \u00e7ox yax\u015f\u0131 anlay\u0131r. Az\u0259rbaycan bu g\u00fcn s\u00fclh \u015f\u0259raitind\u0259 ya\u015fama\u011f\u0131n n\u0259 oldu\u011funu \u00f6yr\u0259nir. Bu, bizim \u00fc\u00e7\u00fcn yeni v\u0259 qeyri-adi bir hissdir. \u00c7\u00fcnki m\u00fcst\u0259qilliyimizi b\u0259rpa ed\u0259nd\u0259n b\u0259ri biz bu hissi ya\u015famam\u0131\u015fd\u0131q. \u0130ki \u00f6lk\u0259 aras\u0131nda etimad quruculu\u011fu t\u0259dbirl\u0259ri davaml\u0131 s\u00fclh\u00fcn b\u0259rq\u0259rar olmas\u0131nda m\u00fch\u00fcm rol oynay\u0131r. D\u00f6vl\u0259t s\u0259viyy\u0259sind\u0259 at\u0131lan add\u0131mlarla yana\u015f\u0131, v\u0259t\u0259nda\u015f c\u0259miyy\u0259tinin n\u00fcmay\u0259nd\u0259l\u0259ri aras\u0131nda m\u00fct\u0259madi g\u00f6r\u00fc\u015fl\u0259r bu proses\u0259 m\u00fcsb\u0259t t\u00f6hf\u0259sini verir. Az\u0259rbaycan\u0131n v\u0259 Erm\u0259nistan\u0131n n\u00fcmun\u0259si g\u00f6st\u0259rir ki, uzunm\u00fcdd\u0259tli m\u00fcnaqi\u015f\u0259y\u0259, iztirablara v\u0259 qar\u015f\u0131l\u0131ql\u0131 etimads\u0131zl\u0131\u011fa baxmayaraq, g\u00fccl\u00fc siyasi irad\u0259 v\u0259 beyn\u0259lxalq d\u0259st\u0259k m\u00f6vcud olduqda s\u00fclh \u0259ld\u0259 etm\u0259k m\u00fcmk\u00fcnd\u00fcr\u201d.<\/p>\n<p>Az\u0259rbaycan bundan sonra da \u00f6z Liderinin r\u0259hb\u0259rliyi il\u0259 regionda v\u0259 b\u00fct\u00fcn d\u00fcnyada davaml\u0131 s\u00fclh\u00fcn, dialoqun v\u0259 t\u0259hl\u00fck\u0259sizliyin b\u0259rq\u0259rar olmas\u0131, g\u0259l\u0259c\u0259k n\u0259sill\u0259rin daha sabit, t\u0259hl\u00fck\u0259siz v\u0259 m\u00fcharib\u0259l\u0259rsiz d\u00fcnyada ya\u015famas\u0131 \u00fc\u00e7\u00fcn ciddi add\u0131mlar atacaq.<\/p>\n<p><em><strong>\u00a0Zahid Rza, \u201c\u0130ki sahil\u201d<\/strong><\/em><\/p>\n","protected":false},"excerpt":{"rendered":"<p>Prezident \u0130lham \u018fliyevin Az\u0259rbaycan il\u0259 Erm\u0259nistan aras\u0131nda s\u00fclh\u00fcn \u0259ld\u0259 olunmas\u0131 v\u0259 dialoqun t\u0259\u015fviqi istiqam\u0259tind\u0259 g\u00f6st\u0259rdiyi s\u0259yl\u0259r\u0259 g\u00f6r\u0259 \u201cS\u00fclh v\u0259 Bar\u0131\u015f\u0131q \u00fc\u00e7\u00fcn Gernika m\u00fckafat\u0131\u201dna layiq g\u00f6r\u00fclm\u0259si \u00f6lk\u0259mizin b\u00fct\u00fcn d\u00fcnyada qar\u015f\u0131l\u0131ql\u0131 anla\u015fman\u0131n, \u0259m\u0259kda\u015fl\u0131\u011f\u0131n v\u0259 t\u0259hl\u00fck\u0259sizliyin b\u0259rq\u0259rar olmas\u0131na, g\u0259l\u0259c\u0259k n\u0259sill\u0259rin daha sabit, t\u0259hl\u00fck\u0259siz v\u0259 m\u00fcharib\u0259l\u0259rsiz d\u00fcnyada ya\u015famas\u0131na verdiyi \u0259m\u0259li t\u00f6hf\u0259l\u0259rin y\u00fcks\u0259k qiym\u0259tl\u0259ndirilm\u0259sinin bariz n\u00fcmun\u0259sidir S\u00fclh \u0259n ali d\u0259y\u0259r, b\u00fct\u00fcn b\u0259\u015f\u0259riyy\u0259tin dincliyi v\u0259 xo\u015fb\u0259xtliyi \u00fc\u00e7\u00fcn \u0259sas meyard\u0131r. S\u00fclh h\u0259m d\u0259 m\u00fcr\u0259kk\u0259b prosesdir. Beyn\u0259lxalq insan h\u00fcquqlar\u0131 il\u0259 s\u00fclh h\u00fcququ aras\u0131nda \u0259laq\u0259l\u0259r \u00e7ox g\u00fccl\u00fcd\u00fcr. B\u00fct\u00fcn insanlar milli v\u0259 beyn\u0259lxalq s\u00fclh, t\u0259hl\u00fck\u0259sizlik h\u00fcququna malikdirl\u0259r. Bu bax\u0131mdan s\u00fclh\u00fc&hellip;<\/p>\n","protected":false},"author":2,"featured_media":850137,"comment_status":"closed","ping_status":"closed","sticky":false,"template":"","format":"standard","meta":{"om_disable_all_campaigns":false,"_monsterinsights_skip_tracking":false,"_monsterinsights_sitenote_active":false,"_monsterinsights_sitenote_note":"","_monsterinsights_sitenote_category":0},"categories":[19],"tags":[],"aioseo_notices":[],"gutentor_comment":0,"rttpg_featured_image_url":{"full":["https:\/\/arantv.az\/wp-content\/uploads\/2026\/04\/ba7e36c4177546637952509949010199258-1.jpg",975,540,false],"landscape":["https:\/\/arantv.az\/wp-content\/uploads\/2026\/04\/ba7e36c4177546637952509949010199258-1.jpg",975,540,false],"portraits":["https:\/\/arantv.az\/wp-content\/uploads\/2026\/04\/ba7e36c4177546637952509949010199258-1.jpg",975,540,false],"thumbnail":["https:\/\/arantv.az\/wp-content\/uploads\/2026\/04\/ba7e36c4177546637952509949010199258-1-500x280.jpg",500,280,true],"medium":["https:\/\/arantv.az\/wp-content\/uploads\/2026\/04\/ba7e36c4177546637952509949010199258-1-660x365.jpg",660,365,true],"large":["https:\/\/arantv.az\/wp-content\/uploads\/2026\/04\/ba7e36c4177546637952509949010199258-1-840x465.jpg",640,354,true],"1536x1536":["https:\/\/arantv.az\/wp-content\/uploads\/2026\/04\/ba7e36c4177546637952509949010199258-1.jpg",975,540,false],"2048x2048":["https:\/\/arantv.az\/wp-content\/uploads\/2026\/04\/ba7e36c4177546637952509949010199258-1.jpg",975,540,false],"post-thumbnail":["https:\/\/arantv.az\/wp-content\/uploads\/2026\/04\/ba7e36c4177546637952509949010199258-1-240x172.jpg",240,172,true],"advps-thumb-one":["https:\/\/arantv.az\/wp-content\/uploads\/2026\/04\/ba7e36c4177546637952509949010199258-1.jpg",975,540,false]},"rttpg_author":{"display_name":"V\u00fcsal Rafiqo\u011flu","author_link":"https:\/\/arantv.az\/?author=2"},"rttpg_comment":0,"rttpg_category":"<a href=\"https:\/\/arantv.az\/?cat=19\" rel=\"category\">G\u00fcnd\u0259m<\/a>","rttpg_excerpt":"Prezident \u0130lham \u018fliyevin Az\u0259rbaycan il\u0259 Erm\u0259nistan aras\u0131nda s\u00fclh\u00fcn \u0259ld\u0259 olunmas\u0131 v\u0259 dialoqun t\u0259\u015fviqi istiqam\u0259tind\u0259 g\u00f6st\u0259rdiyi s\u0259yl\u0259r\u0259 g\u00f6r\u0259 \u201cS\u00fclh v\u0259 Bar\u0131\u015f\u0131q \u00fc\u00e7\u00fcn Gernika m\u00fckafat\u0131\u201dna layiq g\u00f6r\u00fclm\u0259si \u00f6lk\u0259mizin b\u00fct\u00fcn d\u00fcnyada qar\u015f\u0131l\u0131ql\u0131 anla\u015fman\u0131n, \u0259m\u0259kda\u015fl\u0131\u011f\u0131n v\u0259 t\u0259hl\u00fck\u0259sizliyin b\u0259rq\u0259rar olmas\u0131na, g\u0259l\u0259c\u0259k n\u0259sill\u0259rin daha sabit, t\u0259hl\u00fck\u0259siz v\u0259 m\u00fcharib\u0259l\u0259rsiz d\u00fcnyada ya\u015famas\u0131na verdiyi \u0259m\u0259li t\u00f6hf\u0259l\u0259rin y\u00fcks\u0259k qiym\u0259tl\u0259ndirilm\u0259sinin bariz n\u00fcmun\u0259sidir S\u00fclh \u0259n ali d\u0259y\u0259r,&hellip;","_links":{"self":[{"href":"https:\/\/arantv.az\/index.php?rest_route=\/wp\/v2\/posts\/850135"}],"collection":[{"href":"https:\/\/arantv.az\/index.php?rest_route=\/wp\/v2\/posts"}],"about":[{"href":"https:\/\/arantv.az\/index.php?rest_route=\/wp\/v2\/types\/post"}],"author":[{"embeddable":true,"href":"https:\/\/arantv.az\/index.php?rest_route=\/wp\/v2\/users\/2"}],"replies":[{"embeddable":true,"href":"https:\/\/arantv.az\/index.php?rest_route=%2Fwp%2Fv2%2Fcomments&post=850135"}],"version-history":[{"count":2,"href":"https:\/\/arantv.az\/index.php?rest_route=\/wp\/v2\/posts\/850135\/revisions"}],"predecessor-version":[{"id":850139,"href":"https:\/\/arantv.az\/index.php?rest_route=\/wp\/v2\/posts\/850135\/revisions\/850139"}],"wp:featuredmedia":[{"embeddable":true,"href":"https:\/\/arantv.az\/index.php?rest_route=\/wp\/v2\/media\/850137"}],"wp:attachment":[{"href":"https:\/\/arantv.az\/index.php?rest_route=%2Fwp%2Fv2%2Fmedia&parent=850135"}],"wp:term":[{"taxonomy":"category","embeddable":true,"href":"https:\/\/arantv.az\/index.php?rest_route=%2Fwp%2Fv2%2Fcategories&post=850135"},{"taxonomy":"post_tag","embeddable":true,"href":"https:\/\/arantv.az\/index.php?rest_route=%2Fwp%2Fv2%2Ftags&post=850135"}],"curies":[{"name":"wp","href":"https:\/\/api.w.org\/{rel}","templated":true}]}}