{"id":850150,"date":"2026-04-29T11:14:58","date_gmt":"2026-04-29T07:14:58","guid":{"rendered":"https:\/\/arantv.az\/?p=850150"},"modified":"2026-04-29T11:14:58","modified_gmt":"2026-04-29T07:14:58","slug":"son-d%c9%99qiq%c9%99-az%c9%99rbaycan-numay%c9%99nd%c9%99l%c9%99ri-ir%c9%99vana-getdifoto","status":"publish","type":"post","link":"https:\/\/arantv.az\/?p=850150","title":{"rendered":"SON D\u018fQ\u0130Q\u018f: Az\u0259rbaycan n\u00fcmay\u0259nd\u0259l\u0259ri \u0130r\u0259vana GETD\u0130FOTO"},"content":{"rendered":"<div class=\"text-content\" data-id=\"\" data-url=\"\">\n<p><strong>Az\u0259rbaycan Hava Yollar\u0131na m\u0259xsus t\u0259yyar\u0259 Zvartnots Beyn\u0259lxalq Hava Liman\u0131na eni\u015f edib.<\/strong><\/p>\n<p><strong>Musavat.com<\/strong>\u00a0x\u0259b\u0259r verir ki, Erm\u0259nistan M\u00fclki Aviasiya Komit\u0259si \u201cSputnik Armeniya\u201dya t\u0259sdiql\u0259yib ki, Az\u0259rbaycan n\u00fcmay\u0259nd\u0259 hey\u0259ti Bak\u0131dan \u0130r\u0259vana gedib.<\/p>\n<p>M\u00fclki Aviasiya Komit\u0259si Bak\u0131dan kimin g\u0259ldiyini a\u00e7\u0131qlamay\u0131b. Yerli mediada is\u0259 Ba\u015f nazirin m\u00fcavini \u015eahin Mustafayevin r\u0259hb\u0259rlik etdiyi Az\u0259rbaycan n\u00fcmay\u0259nd\u0259 hey\u0259tinin \u0130r\u0259vana s\u0259f\u0259r etdiyi bildirilir.<\/p>\n<p><strong>Nigar H\u0259s\u0259nli<\/strong><br \/>\n<strong>Musavat.com<\/strong><\/p>\n<\/div>\n<div>\n<div class=\"form-group\"><img class=\"img-responsive\" src=\"https:\/\/cdn.musavat.com\/news\/images\/Ayten\/WhatsApp%20Image%202026-04-29%20at%2011.11.24.jpeg\" \/><\/div>\n<\/div>\n","protected":false},"excerpt":{"rendered":"<p>Az\u0259rbaycan Hava Yollar\u0131na m\u0259xsus t\u0259yyar\u0259 Zvartnots Beyn\u0259lxalq Hava Liman\u0131na eni\u015f edib. Musavat.com\u00a0x\u0259b\u0259r verir ki, Erm\u0259nistan M\u00fclki Aviasiya Komit\u0259si \u201cSputnik Armeniya\u201dya t\u0259sdiql\u0259yib ki, Az\u0259rbaycan n\u00fcmay\u0259nd\u0259 hey\u0259ti Bak\u0131dan \u0130r\u0259vana gedib. M\u00fclki Aviasiya Komit\u0259si Bak\u0131dan kimin g\u0259ldiyini a\u00e7\u0131qlamay\u0131b. Yerli mediada is\u0259 Ba\u015f nazirin m\u00fcavini \u015eahin Mustafayevin r\u0259hb\u0259rlik etdiyi Az\u0259rbaycan n\u00fcmay\u0259nd\u0259 hey\u0259tinin \u0130r\u0259vana s\u0259f\u0259r etdiyi bildirilir. Nigar H\u0259s\u0259nli Musavat.com<\/p>\n","protected":false},"author":2,"featured_media":850151,"comment_status":"closed","ping_status":"closed","sticky":false,"template":"","format":"standard","meta":{"om_disable_all_campaigns":false,"_monsterinsights_skip_tracking":false,"_monsterinsights_sitenote_active":false,"_monsterinsights_sitenote_note":"","_monsterinsights_sitenote_category":0},"categories":[19],"tags":[],"aioseo_notices":[],"gutentor_comment":0,"rttpg_featured_image_url":{"full":["https:\/\/arantv.az\/wp-content\/uploads\/2026\/04\/f7f270b1df0f58b126015464a28e0fbf.jpg",800,500,false],"landscape":["https:\/\/arantv.az\/wp-content\/uploads\/2026\/04\/f7f270b1df0f58b126015464a28e0fbf.jpg",800,500,false],"portraits":["https:\/\/arantv.az\/wp-content\/uploads\/2026\/04\/f7f270b1df0f58b126015464a28e0fbf.jpg",800,500,false],"thumbnail":["https:\/\/arantv.az\/wp-content\/uploads\/2026\/04\/f7f270b1df0f58b126015464a28e0fbf-500x280.jpg",500,280,true],"medium":["https:\/\/arantv.az\/wp-content\/uploads\/2026\/04\/f7f270b1df0f58b126015464a28e0fbf-584x365.jpg",584,365,true],"large":["https:\/\/arantv.az\/wp-content\/uploads\/2026\/04\/f7f270b1df0f58b126015464a28e0fbf.jpg",640,400,false],"1536x1536":["https:\/\/arantv.az\/wp-content\/uploads\/2026\/04\/f7f270b1df0f58b126015464a28e0fbf.jpg",800,500,false],"2048x2048":["https:\/\/arantv.az\/wp-content\/uploads\/2026\/04\/f7f270b1df0f58b126015464a28e0fbf.jpg",800,500,false],"post-thumbnail":["https:\/\/arantv.az\/wp-content\/uploads\/2026\/04\/f7f270b1df0f58b126015464a28e0fbf-240x172.jpg",240,172,true],"advps-thumb-one":["https:\/\/arantv.az\/wp-content\/uploads\/2026\/04\/f7f270b1df0f58b126015464a28e0fbf.jpg",800,500,false]},"rttpg_author":{"display_name":"V\u00fcsal Rafiqo\u011flu","author_link":"https:\/\/arantv.az\/?author=2"},"rttpg_comment":0,"rttpg_category":"<a href=\"https:\/\/arantv.az\/?cat=19\" rel=\"category\">G\u00fcnd\u0259m<\/a>","rttpg_excerpt":"Az\u0259rbaycan Hava Yollar\u0131na m\u0259xsus t\u0259yyar\u0259 Zvartnots Beyn\u0259lxalq Hava Liman\u0131na eni\u015f edib. Musavat.com\u00a0x\u0259b\u0259r verir ki, Erm\u0259nistan M\u00fclki Aviasiya Komit\u0259si \u201cSputnik Armeniya\u201dya t\u0259sdiql\u0259yib ki, Az\u0259rbaycan n\u00fcmay\u0259nd\u0259 hey\u0259ti Bak\u0131dan \u0130r\u0259vana gedib. M\u00fclki Aviasiya Komit\u0259si Bak\u0131dan kimin g\u0259ldiyini a\u00e7\u0131qlamay\u0131b. Yerli mediada is\u0259 Ba\u015f nazirin m\u00fcavini \u015eahin Mustafayevin r\u0259hb\u0259rlik etdiyi Az\u0259rbaycan n\u00fcmay\u0259nd\u0259 hey\u0259tinin \u0130r\u0259vana s\u0259f\u0259r etdiyi bildirilir. Nigar H\u0259s\u0259nli Musavat.com","_links":{"self":[{"href":"https:\/\/arantv.az\/index.php?rest_route=\/wp\/v2\/posts\/850150"}],"collection":[{"href":"https:\/\/arantv.az\/index.php?rest_route=\/wp\/v2\/posts"}],"about":[{"href":"https:\/\/arantv.az\/index.php?rest_route=\/wp\/v2\/types\/post"}],"author":[{"embeddable":true,"href":"https:\/\/arantv.az\/index.php?rest_route=\/wp\/v2\/users\/2"}],"replies":[{"embeddable":true,"href":"https:\/\/arantv.az\/index.php?rest_route=%2Fwp%2Fv2%2Fcomments&post=850150"}],"version-history":[{"count":1,"href":"https:\/\/arantv.az\/index.php?rest_route=\/wp\/v2\/posts\/850150\/revisions"}],"predecessor-version":[{"id":850152,"href":"https:\/\/arantv.az\/index.php?rest_route=\/wp\/v2\/posts\/850150\/revisions\/850152"}],"wp:featuredmedia":[{"embeddable":true,"href":"https:\/\/arantv.az\/index.php?rest_route=\/wp\/v2\/media\/850151"}],"wp:attachment":[{"href":"https:\/\/arantv.az\/index.php?rest_route=%2Fwp%2Fv2%2Fmedia&parent=850150"}],"wp:term":[{"taxonomy":"category","embeddable":true,"href":"https:\/\/arantv.az\/index.php?rest_route=%2Fwp%2Fv2%2Fcategories&post=850150"},{"taxonomy":"post_tag","embeddable":true,"href":"https:\/\/arantv.az\/index.php?rest_route=%2Fwp%2Fv2%2Ftags&post=850150"}],"curies":[{"name":"wp","href":"https:\/\/api.w.org\/{rel}","templated":true}]}}