{"id":850153,"date":"2026-04-29T11:15:53","date_gmt":"2026-04-29T07:15:53","guid":{"rendered":"https:\/\/arantv.az\/?p=850153"},"modified":"2026-04-29T11:15:53","modified_gmt":"2026-04-29T07:15:53","slug":"baki-metrosunun-is-rejimi-d%c9%99yisir","status":"publish","type":"post","link":"https:\/\/arantv.az\/?p=850153","title":{"rendered":"Bak\u0131 metrosunun i\u015f rejimi D\u018fY\u0130\u015e\u0130R"},"content":{"rendered":"<p><strong>Bak\u0131 Metropoliteni WUF13 d\u00f6vr\u00fcnd\u0259 g\u00fccl\u0259ndirilmi\u015f i\u015f rejimin\u0259 ke\u00e7\u0259c\u0259k.<\/strong><\/p>\n<p><strong>Musavat.com<\/strong>\u00a0x\u0259b\u0259r verir ki, bu bar\u0259d\u0259\u00a0&#8220;Bak\u0131 Metropoliteni&#8221; QSC-nin m\u0259tbuat xidm\u0259tind\u0259n m\u0259lumat verilib.<\/p>\n<p>Bildirilib ki, 17-22 may 2026-c\u0131 il tarixl\u0259rind\u0259 Bak\u0131da ke\u00e7iril\u0259c\u0259k \u00dcmumd\u00fcnya \u015e\u0259h\u0259rsalma Forumunun (WUF13) t\u0259\u015fkilin\u0259 uy\u011fun olaraq metroda h\u0259r\u0259k\u0259t qrafikin\u0259 z\u0259ruri d\u00fcz\u0259li\u015fl\u0259r edil\u0259c\u0259k, pik saatlarda is\u0259 intervallar minimuma endiril\u0259c\u0259k.<\/p>\n<p>Qurumdan qeyd olunub ki, s\u0259rni\u015fin ax\u0131n\u0131n\u0131n t\u0259nziml\u0259nm\u0259si m\u0259qs\u0259dil\u0259 b\u0259zi stansiyalara \u0259lav\u0259 i\u015f\u00e7i q\u00fcvv\u0259si v\u0259 k\u00f6n\u00fcll\u00fcl\u0259r c\u0259lb edil\u0259c\u0259k, eyni zamanda x\u0259tt\u0259 burax\u0131lma\u011fa haz\u0131r ehtiyat qatarlar saxlan\u0131lacaq.<\/p>\n<p>H\u0259m\u00e7inin forum m\u00fcdd\u0259tind\u0259 \u018fm\u0259liyyat \u015eirk\u0259ti v\u0259 aidiyy\u0259ti qurumlarla m\u0259rk\u0259zl\u0259\u015fdirilmi\u015f platforma \u00fcz\u0259rind\u0259n koordinasiyal\u0131 f\u0259aliyy\u0259t h\u0259yata ke\u00e7iril\u0259c\u0259k.<\/p>\n<p>M\u0259lumatda o da vur\u011fulan\u0131b ki, t\u0259dbir g\u00fcnl\u0259rind\u0259 metrodan \u00f6d\u0259ni\u015fsiz istifad\u0259 il\u0259 ba\u011fl\u0131 q\u0259rarlar yaln\u0131z WUF13 \u018fm\u0259liyyat \u015eirk\u0259ti il\u0259 birg\u0259 f\u0259aliyy\u0259t \u00e7\u0259r\u00e7iv\u0259sind\u0259 ictimaiyy\u0259t\u0259 a\u00e7\u0131qlanacaq.<\/p>\n","protected":false},"excerpt":{"rendered":"<p>Bak\u0131 Metropoliteni WUF13 d\u00f6vr\u00fcnd\u0259 g\u00fccl\u0259ndirilmi\u015f i\u015f rejimin\u0259 ke\u00e7\u0259c\u0259k. Musavat.com\u00a0x\u0259b\u0259r verir ki, bu bar\u0259d\u0259\u00a0&#8220;Bak\u0131 Metropoliteni&#8221; QSC-nin m\u0259tbuat xidm\u0259tind\u0259n m\u0259lumat verilib. Bildirilib ki, 17-22 may 2026-c\u0131 il tarixl\u0259rind\u0259 Bak\u0131da ke\u00e7iril\u0259c\u0259k \u00dcmumd\u00fcnya \u015e\u0259h\u0259rsalma Forumunun (WUF13) t\u0259\u015fkilin\u0259 uy\u011fun olaraq metroda h\u0259r\u0259k\u0259t qrafikin\u0259 z\u0259ruri d\u00fcz\u0259li\u015fl\u0259r edil\u0259c\u0259k, pik saatlarda is\u0259 intervallar minimuma endiril\u0259c\u0259k. Qurumdan qeyd olunub ki, s\u0259rni\u015fin ax\u0131n\u0131n\u0131n t\u0259nziml\u0259nm\u0259si m\u0259qs\u0259dil\u0259 b\u0259zi stansiyalara \u0259lav\u0259 i\u015f\u00e7i q\u00fcvv\u0259si v\u0259 k\u00f6n\u00fcll\u00fcl\u0259r c\u0259lb edil\u0259c\u0259k, eyni zamanda x\u0259tt\u0259 burax\u0131lma\u011fa haz\u0131r ehtiyat qatarlar saxlan\u0131lacaq. H\u0259m\u00e7inin forum m\u00fcdd\u0259tind\u0259 \u018fm\u0259liyyat \u015eirk\u0259ti v\u0259 aidiyy\u0259ti qurumlarla m\u0259rk\u0259zl\u0259\u015fdirilmi\u015f platforma \u00fcz\u0259rind\u0259n koordinasiyal\u0131 f\u0259aliyy\u0259t h\u0259yata ke\u00e7iril\u0259c\u0259k. M\u0259lumatda o da&hellip;<\/p>\n","protected":false},"author":2,"featured_media":850154,"comment_status":"closed","ping_status":"closed","sticky":false,"template":"","format":"standard","meta":{"om_disable_all_campaigns":false,"_monsterinsights_skip_tracking":false,"_monsterinsights_sitenote_active":false,"_monsterinsights_sitenote_note":"","_monsterinsights_sitenote_category":0},"categories":[1],"tags":[],"aioseo_notices":[],"gutentor_comment":0,"rttpg_featured_image_url":{"full":["https:\/\/arantv.az\/wp-content\/uploads\/2026\/04\/c04e7b9226e2500c0a9b18a6bde62d05.jpg",740,493,false],"landscape":["https:\/\/arantv.az\/wp-content\/uploads\/2026\/04\/c04e7b9226e2500c0a9b18a6bde62d05.jpg",740,493,false],"portraits":["https:\/\/arantv.az\/wp-content\/uploads\/2026\/04\/c04e7b9226e2500c0a9b18a6bde62d05.jpg",740,493,false],"thumbnail":["https:\/\/arantv.az\/wp-content\/uploads\/2026\/04\/c04e7b9226e2500c0a9b18a6bde62d05-500x280.jpg",500,280,true],"medium":["https:\/\/arantv.az\/wp-content\/uploads\/2026\/04\/c04e7b9226e2500c0a9b18a6bde62d05-548x365.jpg",548,365,true],"large":["https:\/\/arantv.az\/wp-content\/uploads\/2026\/04\/c04e7b9226e2500c0a9b18a6bde62d05.jpg",640,426,false],"1536x1536":["https:\/\/arantv.az\/wp-content\/uploads\/2026\/04\/c04e7b9226e2500c0a9b18a6bde62d05.jpg",740,493,false],"2048x2048":["https:\/\/arantv.az\/wp-content\/uploads\/2026\/04\/c04e7b9226e2500c0a9b18a6bde62d05.jpg",740,493,false],"post-thumbnail":["https:\/\/arantv.az\/wp-content\/uploads\/2026\/04\/c04e7b9226e2500c0a9b18a6bde62d05-240x172.jpg",240,172,true],"advps-thumb-one":["https:\/\/arantv.az\/wp-content\/uploads\/2026\/04\/c04e7b9226e2500c0a9b18a6bde62d05.jpg",740,493,false]},"rttpg_author":{"display_name":"V\u00fcsal Rafiqo\u011flu","author_link":"https:\/\/arantv.az\/?author=2"},"rttpg_comment":0,"rttpg_category":"<a href=\"https:\/\/arantv.az\/?cat=1\" rel=\"category\">C\u0259miyy\u0259t<\/a>","rttpg_excerpt":"Bak\u0131 Metropoliteni WUF13 d\u00f6vr\u00fcnd\u0259 g\u00fccl\u0259ndirilmi\u015f i\u015f rejimin\u0259 ke\u00e7\u0259c\u0259k. Musavat.com\u00a0x\u0259b\u0259r verir ki, bu bar\u0259d\u0259\u00a0&#8220;Bak\u0131 Metropoliteni&#8221; QSC-nin m\u0259tbuat xidm\u0259tind\u0259n m\u0259lumat verilib. Bildirilib ki, 17-22 may 2026-c\u0131 il tarixl\u0259rind\u0259 Bak\u0131da ke\u00e7iril\u0259c\u0259k \u00dcmumd\u00fcnya \u015e\u0259h\u0259rsalma Forumunun (WUF13) t\u0259\u015fkilin\u0259 uy\u011fun olaraq metroda h\u0259r\u0259k\u0259t qrafikin\u0259 z\u0259ruri d\u00fcz\u0259li\u015fl\u0259r edil\u0259c\u0259k, pik saatlarda is\u0259 intervallar minimuma endiril\u0259c\u0259k. Qurumdan qeyd olunub ki, s\u0259rni\u015fin ax\u0131n\u0131n\u0131n t\u0259nziml\u0259nm\u0259si m\u0259qs\u0259dil\u0259&hellip;","_links":{"self":[{"href":"https:\/\/arantv.az\/index.php?rest_route=\/wp\/v2\/posts\/850153"}],"collection":[{"href":"https:\/\/arantv.az\/index.php?rest_route=\/wp\/v2\/posts"}],"about":[{"href":"https:\/\/arantv.az\/index.php?rest_route=\/wp\/v2\/types\/post"}],"author":[{"embeddable":true,"href":"https:\/\/arantv.az\/index.php?rest_route=\/wp\/v2\/users\/2"}],"replies":[{"embeddable":true,"href":"https:\/\/arantv.az\/index.php?rest_route=%2Fwp%2Fv2%2Fcomments&post=850153"}],"version-history":[{"count":1,"href":"https:\/\/arantv.az\/index.php?rest_route=\/wp\/v2\/posts\/850153\/revisions"}],"predecessor-version":[{"id":850155,"href":"https:\/\/arantv.az\/index.php?rest_route=\/wp\/v2\/posts\/850153\/revisions\/850155"}],"wp:featuredmedia":[{"embeddable":true,"href":"https:\/\/arantv.az\/index.php?rest_route=\/wp\/v2\/media\/850154"}],"wp:attachment":[{"href":"https:\/\/arantv.az\/index.php?rest_route=%2Fwp%2Fv2%2Fmedia&parent=850153"}],"wp:term":[{"taxonomy":"category","embeddable":true,"href":"https:\/\/arantv.az\/index.php?rest_route=%2Fwp%2Fv2%2Fcategories&post=850153"},{"taxonomy":"post_tag","embeddable":true,"href":"https:\/\/arantv.az\/index.php?rest_route=%2Fwp%2Fv2%2Ftags&post=850153"}],"curies":[{"name":"wp","href":"https:\/\/api.w.org\/{rel}","templated":true}]}}