{"id":850161,"date":"2026-04-29T11:52:53","date_gmt":"2026-04-29T07:52:53","guid":{"rendered":"https:\/\/arantv.az\/?p=850161"},"modified":"2026-04-29T11:52:53","modified_gmt":"2026-04-29T07:52:53","slug":"dord-avropa-liderl%c9%99rinin-ardarda-s%c9%99f%c9%99ri-baki-il%c9%99-munasib%c9%99tl%c9%99r-z%c9%99rur%c9%99t%c9%99-cevrilir","status":"publish","type":"post","link":"https:\/\/arantv.az\/?p=850161","title":{"rendered":"D\u00f6rd Avropa liderl\u0259rinin ardarda s\u0259f\u0259ri &#8211; Bak\u0131 il\u0259 m\u00fcnasib\u0259tl\u0259r z\u0259rur\u0259t\u0259 \u00e7evrilir"},"content":{"rendered":"<p><strong>Ba\u015fa \u00e7atmaq \u00fczr\u0259 olan aprel ay\u0131nda d\u00f6rd Avropa \u00f6lk\u0259sinin lideri Az\u0259rbaycana s\u0259f\u0259r\u0259 g\u0259lib. Az\u0259rbaycan Prezidenti \u0130lham \u018fliyev Litva Respublikas\u0131n\u0131n Ba\u015f naziri \u0130nqa Ruqiniene v\u0259 Latviya Prezidenti Edqars Rinkevi\u00e7i Bak\u0131da, Ukraynan\u0131n prezidenti Volodimir Zelenski v\u0259 \u00c7exiyan\u0131n ba\u015f naziri Andrey Babi\u015fi is\u0259 Q\u0259b\u0259l\u0259d\u0259 q\u0259bul etdi.\u00a0<\/strong><strong>May\u0131n 5-d\u0259 is\u0259 \u0130taliyan\u0131n ba\u015f naziri Corcia Meloni Az\u0259rbaycana s\u0259f\u0259r ed\u0259c\u0259k. Bu s\u0259f\u0259r d\u0259 aprel prosesinin davam\u0131 kimi qiym\u0259tl\u0259ndirilir.<\/strong><br \/>\n<strong>Bu \u00f6lk\u0259l\u0259rd\u0259n d\u00f6rd\u00fc Avropa \u0130ttifaq\u0131n\u0131n \u00fczv\u00fc, biri is\u0259 Avropan\u0131n \u00f6n\u0259mli \u00f6lk\u0259sidir.<\/strong><br \/>\nMusavat.com-un x\u0259b\u0259rin\u0259 g\u00f6r\u0259, siyasi analitikl\u0259r hesab edir ki, bu s\u0259f\u0259rl\u0259r Az\u0259rbaycan\u0131n Avropa \u00fc\u00e7\u00fcn \u00f6n\u0259minin daha da artd\u0131\u011f\u0131n\u0131n g\u00f6st\u0259ricisidir. Bu intensivlikd\u0259 s\u0259f\u0259rl\u0259r t\u0259sad\u00fcfi deyil. Az\u0259rbaycan beyn\u0259lxalq arenada art\u0131q yaln\u0131z enerji t\u0259r\u0259fda\u015f\u0131 deyil, h\u0259m d\u0259 siyasi dialoq v\u0259 \u00e7oxt\u0259r\u0259fli \u0259m\u0259kda\u015fl\u0131q \u00fc\u00e7\u00fcn etibarl\u0131 platforma kimi q\u0259bul edilir. X\u00fcsusil\u0259, Avropa \u00f6lk\u0259l\u0259rinin Az\u0259rbaycana artan mara\u011f\u0131 onlar\u0131n regionda sabitlik, enerji t\u0259hl\u00fck\u0259sizliyi v\u0259 yeni n\u0259qliyyat d\u0259hlizl\u0259ri il\u0259 ba\u011fl\u0131 strateji h\u0259d\u0259fl\u0259rind\u0259n ir\u0259li g\u0259lir.<br \/>\nAz\u0259rbaycan d\u00fcnya bazarlar\u0131na \u00f6z enerji resurslar\u0131n\u0131 ixrac ed\u0259n etibarl\u0131 \u00f6lk\u0259l\u0259r s\u0131ras\u0131ndad\u0131r. Bunu, o c\u00fcml\u0259d\u0259n Avropa \u0130ttifaq\u0131 da qeyd edir v\u0259 Az\u0259rbaycan\u0131 etibarl\u0131 t\u0259r\u0259fda\u015f kimi qiym\u0259tl\u0259ndirir. Bu g\u00fcn Az\u0259rbaycan qaz\u0131 16 \u00f6lk\u0259y\u0259 ixrac edilir v\u0259 onlardan 10 \u00f6lk\u0259 Avropa \u0130ttifaq\u0131na \u00fczv \u00f6lk\u0259dir. Proses Az\u0259rbaycan\u0131n Avropa il\u0259 m\u00fcnasib\u0259tl\u0259rind\u0259 d\u0259 daha praqmatik v\u0259 qar\u015f\u0131l\u0131ql\u0131 maraqlara \u0259saslanan yana\u015fman\u0131n formala\u015fd\u0131\u011f\u0131n\u0131 g\u00f6st\u0259rir. Eyni zamanda, enerji t\u0259hl\u00fck\u0259sizliyi, alternativ t\u0259chizat mar\u015frutlar\u0131 v\u0259 ya\u015f\u0131l enerji g\u00fcnd\u0259liyi kimi istiqam\u0259tl\u0259r ikit\u0259r\u0259fli \u0259m\u0259kda\u015fl\u0131\u011f\u0131n yeni konturlar\u0131n\u0131 m\u00fc\u0259yy\u0259n edir. Aprel ay\u0131nda Az\u0259rbaycana Avropa \u00f6lk\u0259l\u0259rinin liderl\u0259rinin s\u0259f\u0259rl\u0259ri d\u0259 g\u00f6st\u0259rdi ki, Avropa \u0130ttifaq\u0131 Az\u0259rbaycan\u0131 t\u0259kc\u0259 C\u0259nubi Qafqaz\u0131n lider d\u00f6vl\u0259ti deyil, h\u0259m d\u0259 Avropa \u0130ttifaq\u0131 \u00fc\u00e7\u00fcn strateji \u0259h\u0259miyy\u0259tli qlobal t\u0259r\u0259fda\u015f kimi g\u00f6r\u00fcr. Avropa \u00fc\u00e7\u00fcn Az\u0259rbaycan art\u0131q yaln\u0131z alternativ enerji m\u0259nb\u0259yi deyil, h\u0259m d\u0259 strateji t\u0259r\u0259fda\u015fd\u0131r. Az\u0259rbaycan art\u0131q regional oyun\u00e7u yox, sistem qurucu aktor kimi q\u0259bul edilir.<br \/>\nAvropa Bak\u0131 il\u0259 m\u00fcnasib\u0259tl\u0259ri z\u0259rur\u0259t kimi g\u00f6rm\u0259y\u0259 ba\u015flay\u0131b.<br \/>\nEtibar Seyida\u011fa,<br \/>\nMusavat.com<\/p>\n","protected":false},"excerpt":{"rendered":"<p>Ba\u015fa \u00e7atmaq \u00fczr\u0259 olan aprel ay\u0131nda d\u00f6rd Avropa \u00f6lk\u0259sinin lideri Az\u0259rbaycana s\u0259f\u0259r\u0259 g\u0259lib. Az\u0259rbaycan Prezidenti \u0130lham \u018fliyev Litva Respublikas\u0131n\u0131n Ba\u015f naziri \u0130nqa Ruqiniene v\u0259 Latviya Prezidenti Edqars Rinkevi\u00e7i Bak\u0131da, Ukraynan\u0131n prezidenti Volodimir Zelenski v\u0259 \u00c7exiyan\u0131n ba\u015f naziri Andrey Babi\u015fi is\u0259 Q\u0259b\u0259l\u0259d\u0259 q\u0259bul etdi.\u00a0May\u0131n 5-d\u0259 is\u0259 \u0130taliyan\u0131n ba\u015f naziri Corcia Meloni Az\u0259rbaycana s\u0259f\u0259r ed\u0259c\u0259k. Bu s\u0259f\u0259r d\u0259 aprel prosesinin davam\u0131 kimi qiym\u0259tl\u0259ndirilir. Bu \u00f6lk\u0259l\u0259rd\u0259n d\u00f6rd\u00fc Avropa \u0130ttifaq\u0131n\u0131n \u00fczv\u00fc, biri is\u0259 Avropan\u0131n \u00f6n\u0259mli \u00f6lk\u0259sidir. Musavat.com-un x\u0259b\u0259rin\u0259 g\u00f6r\u0259, siyasi analitikl\u0259r hesab edir ki, bu s\u0259f\u0259rl\u0259r Az\u0259rbaycan\u0131n Avropa \u00fc\u00e7\u00fcn \u00f6n\u0259minin daha da artd\u0131\u011f\u0131n\u0131n g\u00f6st\u0259ricisidir.&hellip;<\/p>\n","protected":false},"author":2,"featured_media":850162,"comment_status":"closed","ping_status":"closed","sticky":false,"template":"","format":"standard","meta":{"om_disable_all_campaigns":false,"_monsterinsights_skip_tracking":false,"_monsterinsights_sitenote_active":false,"_monsterinsights_sitenote_note":"","_monsterinsights_sitenote_category":0},"categories":[4],"tags":[],"aioseo_notices":[],"gutentor_comment":0,"rttpg_featured_image_url":{"full":["https:\/\/arantv.az\/wp-content\/uploads\/2026\/04\/b7eaf6af9f26bfd86143bbc772c0ceb0.png",700,500,false],"landscape":["https:\/\/arantv.az\/wp-content\/uploads\/2026\/04\/b7eaf6af9f26bfd86143bbc772c0ceb0.png",700,500,false],"portraits":["https:\/\/arantv.az\/wp-content\/uploads\/2026\/04\/b7eaf6af9f26bfd86143bbc772c0ceb0.png",700,500,false],"thumbnail":["https:\/\/arantv.az\/wp-content\/uploads\/2026\/04\/b7eaf6af9f26bfd86143bbc772c0ceb0-500x280.png",500,280,true],"medium":["https:\/\/arantv.az\/wp-content\/uploads\/2026\/04\/b7eaf6af9f26bfd86143bbc772c0ceb0-511x365.png",511,365,true],"large":["https:\/\/arantv.az\/wp-content\/uploads\/2026\/04\/b7eaf6af9f26bfd86143bbc772c0ceb0.png",640,457,false],"1536x1536":["https:\/\/arantv.az\/wp-content\/uploads\/2026\/04\/b7eaf6af9f26bfd86143bbc772c0ceb0.png",700,500,false],"2048x2048":["https:\/\/arantv.az\/wp-content\/uploads\/2026\/04\/b7eaf6af9f26bfd86143bbc772c0ceb0.png",700,500,false],"post-thumbnail":["https:\/\/arantv.az\/wp-content\/uploads\/2026\/04\/b7eaf6af9f26bfd86143bbc772c0ceb0-240x172.png",240,172,true],"advps-thumb-one":["https:\/\/arantv.az\/wp-content\/uploads\/2026\/04\/b7eaf6af9f26bfd86143bbc772c0ceb0.png",700,500,false]},"rttpg_author":{"display_name":"V\u00fcsal Rafiqo\u011flu","author_link":"https:\/\/arantv.az\/?author=2"},"rttpg_comment":0,"rttpg_category":"<a href=\"https:\/\/arantv.az\/?cat=4\" rel=\"category\">Siyas\u0259t<\/a>","rttpg_excerpt":"Ba\u015fa \u00e7atmaq \u00fczr\u0259 olan aprel ay\u0131nda d\u00f6rd Avropa \u00f6lk\u0259sinin lideri Az\u0259rbaycana s\u0259f\u0259r\u0259 g\u0259lib. Az\u0259rbaycan Prezidenti \u0130lham \u018fliyev Litva Respublikas\u0131n\u0131n Ba\u015f naziri \u0130nqa Ruqiniene v\u0259 Latviya Prezidenti Edqars Rinkevi\u00e7i Bak\u0131da, Ukraynan\u0131n prezidenti Volodimir Zelenski v\u0259 \u00c7exiyan\u0131n ba\u015f naziri Andrey Babi\u015fi is\u0259 Q\u0259b\u0259l\u0259d\u0259 q\u0259bul etdi.\u00a0May\u0131n 5-d\u0259 is\u0259 \u0130taliyan\u0131n ba\u015f naziri Corcia Meloni Az\u0259rbaycana s\u0259f\u0259r ed\u0259c\u0259k. Bu s\u0259f\u0259r&hellip;","_links":{"self":[{"href":"https:\/\/arantv.az\/index.php?rest_route=\/wp\/v2\/posts\/850161"}],"collection":[{"href":"https:\/\/arantv.az\/index.php?rest_route=\/wp\/v2\/posts"}],"about":[{"href":"https:\/\/arantv.az\/index.php?rest_route=\/wp\/v2\/types\/post"}],"author":[{"embeddable":true,"href":"https:\/\/arantv.az\/index.php?rest_route=\/wp\/v2\/users\/2"}],"replies":[{"embeddable":true,"href":"https:\/\/arantv.az\/index.php?rest_route=%2Fwp%2Fv2%2Fcomments&post=850161"}],"version-history":[{"count":1,"href":"https:\/\/arantv.az\/index.php?rest_route=\/wp\/v2\/posts\/850161\/revisions"}],"predecessor-version":[{"id":850163,"href":"https:\/\/arantv.az\/index.php?rest_route=\/wp\/v2\/posts\/850161\/revisions\/850163"}],"wp:featuredmedia":[{"embeddable":true,"href":"https:\/\/arantv.az\/index.php?rest_route=\/wp\/v2\/media\/850162"}],"wp:attachment":[{"href":"https:\/\/arantv.az\/index.php?rest_route=%2Fwp%2Fv2%2Fmedia&parent=850161"}],"wp:term":[{"taxonomy":"category","embeddable":true,"href":"https:\/\/arantv.az\/index.php?rest_route=%2Fwp%2Fv2%2Fcategories&post=850161"},{"taxonomy":"post_tag","embeddable":true,"href":"https:\/\/arantv.az\/index.php?rest_route=%2Fwp%2Fv2%2Ftags&post=850161"}],"curies":[{"name":"wp","href":"https:\/\/api.w.org\/{rel}","templated":true}]}}