{"id":850178,"date":"2026-04-29T12:11:16","date_gmt":"2026-04-29T08:11:16","guid":{"rendered":"https:\/\/arantv.az\/?p=850178"},"modified":"2026-04-29T12:11:16","modified_gmt":"2026-04-29T08:11:16","slug":"prezident-kuboku-2026-beyn%c9%99lxalq-reqatasinin-acilis-m%c9%99rasimi-kecirildi-fotolar","status":"publish","type":"post","link":"https:\/\/arantv.az\/?p=850178","title":{"rendered":"\u201cPrezident Kuboku 2026\u201d beyn\u0259lxalq reqatas\u0131n\u0131n a\u00e7\u0131l\u0131\u015f m\u0259rasimi ke\u00e7irildi &#8211; FOTOLAR"},"content":{"rendered":"<p><strong>\u00dcmummilli Lider Heyd\u0259r \u018fliyevin 103-c\u00fc ild\u00f6n\u00fcm\u00fcn\u0259 h\u0259sr edil\u0259n \u201cPrezident Kuboku 2026\u201d beyn\u0259lxalq reqatas\u0131n\u0131n Ming\u0259\u00e7evir \u015f\u0259h\u0259rind\u0259 r\u0259smi a\u00e7\u0131l\u0131\u015f m\u0259rasimi ba\u015f tutub.<\/strong><\/p>\n<p><strong>Musavat.com<\/strong>\u00a0x\u0259b\u0259r verir ki, \u201cK\u00fcr\u201d Olimpiya T\u0259dris-\u0130dman M\u0259rk\u0259zinin qar\u015f\u0131s\u0131nda ke\u00e7iril\u0259n t\u0259dbird\u0259 \u0259vv\u0259lc\u0259 reqata bar\u0259d\u0259 \u0259trafl\u0131 m\u0259lumat verilib. H\u0259m\u00e7inin bildirilib ki, aprelin 28-i g\u00f6rk\u0259mli oftalmoloq alim, akademik Z\u0259rif\u0259 xan\u0131m \u018fliyevan\u0131n do\u011fum g\u00fcn\u00fcn\u0259 t\u0259sad\u00fcf edir. T\u0259dbir \u00e7\u0259r\u00e7iv\u0259sind\u0259 Heyd\u0259r \u018fliyev v\u0259 Z\u0259rif\u0259 \u018fliyevaya h\u0259sr olunmu\u015f video\u00e7arx n\u00fcmayi\u015f etdirilib.<\/p>\n<p>A\u00e7\u0131l\u0131\u015f m\u0259rasimind\u0259 \u00e7\u0131x\u0131\u015f ed\u0259n Ming\u0259\u00e7evir \u015e\u0259h\u0259r \u0130cra Hakimiyy\u0259tinin ba\u015f\u00e7\u0131s\u0131 \u0130lham \u0130smay\u0131lov, M\u0259rk\u0259zi Aran Regional G\u0259ncl\u0259r v\u0259 \u0130dman \u0130dar\u0259sinin r\u0259isi Azad G\u00f6z\u0259lov v\u0259 Az\u0259rbaycan Su \u0130dman N\u00f6vl\u0259ri Federasiyas\u0131n\u0131n icra\u00e7\u0131 vitse-prezidenti F\u0259rhad \u018fliyev Prezident \u0130lham \u018fliyevin \u00f6lk\u0259mizd\u0259 idman\u0131n inki\u015faf\u0131na g\u00f6st\u0259rdiyi diqq\u0259t v\u0259 qay\u011f\u0131n\u0131 x\u00fcsusi vur\u011fulay\u0131blar.<\/p>\n<p>Qeyd olunub ki, bel\u0259 m\u00f6t\u0259b\u0259r yar\u0131\u015flar\u0131n t\u0259\u015fkili Az\u0259rbaycan\u0131n idman \u00f6lk\u0259si kimi n\u00fcfuzunun daha da m\u00f6hk\u0259ml\u0259nm\u0259sin\u0259 xidm\u0259t edir. Eyni zamanda, yar\u0131\u015flar\u0131n Prezident \u0130lham \u018fliyevin tap\u015f\u0131r\u0131\u011f\u0131 \u0259sas\u0131nda ilk d\u0259f\u0259 S\u0259rs\u0259ng su anbar\u0131nda ke\u00e7irilm\u0259si x\u00fcsusi \u0259h\u0259miyy\u0259t da\u015f\u0131y\u0131r.<\/p>\n<p>R\u0259smi hiss\u0259d\u0259n sonra m\u0259rasim b\u0259dii proqramla davam edib. Proqram \u00e7\u0259r\u00e7iv\u0259sind\u0259 folklor musiqil\u0259ri, i\u015ftirak\u00e7\u0131 \u00f6lk\u0259l\u0259rin milli musiqil\u0259ri il\u0259 r\u0259qs n\u00fcmun\u0259l\u0259ri v\u0259 m\u00fcxt\u0259lif s\u0259hn\u0259 kompozisiyalar\u0131 t\u0259qdim olunub.<\/p>\n<p>T\u0259dbird\u0259 h\u0259m\u00e7inin son ill\u0259rin populyar \u201cD\u00f6ng\u0259\u201d musiqi qrupu canl\u0131 konsert proqram\u0131 il\u0259 \u00e7\u0131x\u0131\u015f edib. A\u00e7\u0131l\u0131\u015f m\u0259rasimi \u0259n\u0259n\u0259vi at\u0259\u015ff\u0259\u015fanl\u0131qla yekunla\u015f\u0131b.<\/p>\n<p>M\u0259lumat \u00fc\u00e7\u00fcn bildir\u0259k ki, reqata aprelin 29-da Suqovu\u015fanda davam ed\u0259c\u0259k.\u00a0 30 aprel &#8211; 1 may tarixl\u0259rind\u0259 Ming\u0259\u00e7evird\u0259 son yar\u0131\u015flar ke\u00e7iril\u0259c\u0259k.<\/p>\n<div><img class=\"img-responsive\" title=\"\" src=\"https:\/\/qafqazinfo.az\/uploads\/1777446325\/WhatsApp_Image_2026-04-29_at_10.57.07__1_.jpeg\" alt=\"\" \/><br \/>\n<img class=\"img-responsive\" title=\"\" src=\"https:\/\/qafqazinfo.az\/uploads\/1777446325\/WhatsApp_Image_2026-04-29_at_10.57.07__2_.jpeg\" alt=\"\" \/><br \/>\n<img class=\"img-responsive\" title=\"\" src=\"https:\/\/qafqazinfo.az\/uploads\/1777446325\/WhatsApp_Image_2026-04-29_at_10.57.07.jpeg\" alt=\"\" \/><br \/>\n<img class=\"img-responsive\" title=\"\" src=\"https:\/\/qafqazinfo.az\/uploads\/1777446325\/WhatsApp_Image_2026-04-29_at_10.57.08__1_.jpeg\" alt=\"\" \/><br \/>\n<img class=\"img-responsive\" title=\"\" src=\"https:\/\/qafqazinfo.az\/uploads\/1777446325\/WhatsApp_Image_2026-04-29_at_10.57.08__2_.jpeg\" alt=\"\" \/><br \/>\n<img class=\"img-responsive\" title=\"\" src=\"https:\/\/qafqazinfo.az\/uploads\/1777446325\/WhatsApp_Image_2026-04-29_at_10.57.08__3_.jpeg\" alt=\"\" \/><br \/>\n<img class=\"img-responsive\" title=\"\" src=\"https:\/\/qafqazinfo.az\/uploads\/1777446325\/WhatsApp_Image_2026-04-29_at_10.57.08__4_.jpeg\" alt=\"\" \/><br \/>\n<img class=\"img-responsive\" title=\"\" src=\"https:\/\/qafqazinfo.az\/uploads\/1777446325\/WhatsApp_Image_2026-04-29_at_10.57.08__5_.jpeg\" alt=\"\" \/><br \/>\n<img class=\"img-responsive\" title=\"\" src=\"https:\/\/qafqazinfo.az\/uploads\/1777446325\/WhatsApp_Image_2026-04-29_at_10.57.08.jpeg\" alt=\"\" \/><br \/>\n<img class=\"img-responsive\" title=\"\" src=\"https:\/\/qafqazinfo.az\/uploads\/1777446325\/WhatsApp_Image_2026-04-29_at_10.57.09.jpeg\" alt=\"\" \/><br \/>\n<img class=\"img-responsive\" title=\"\" src=\"https:\/\/qafqazinfo.az\/uploads\/1777446325\/WhatsApp_Image_2026-04-29_at_10.57.10__1_.jpeg\" alt=\"\" \/><br \/>\n<img class=\"img-responsive\" title=\"\" src=\"https:\/\/qafqazinfo.az\/uploads\/1777446325\/WhatsApp_Image_2026-04-29_at_10.57.10.jpeg\" alt=\"\" \/><br \/>\n<img class=\"img-responsive\" title=\"\" src=\"https:\/\/qafqazinfo.az\/uploads\/1777446325\/WhatsApp_Image_2026-04-29_at_10.57.11.jpeg\" alt=\"\" \/><\/div>\n<div><\/div>\n","protected":false},"excerpt":{"rendered":"<p>\u00dcmummilli Lider Heyd\u0259r \u018fliyevin 103-c\u00fc ild\u00f6n\u00fcm\u00fcn\u0259 h\u0259sr edil\u0259n \u201cPrezident Kuboku 2026\u201d beyn\u0259lxalq reqatas\u0131n\u0131n Ming\u0259\u00e7evir \u015f\u0259h\u0259rind\u0259 r\u0259smi a\u00e7\u0131l\u0131\u015f m\u0259rasimi ba\u015f tutub. Musavat.com\u00a0x\u0259b\u0259r verir ki, \u201cK\u00fcr\u201d Olimpiya T\u0259dris-\u0130dman M\u0259rk\u0259zinin qar\u015f\u0131s\u0131nda ke\u00e7iril\u0259n t\u0259dbird\u0259 \u0259vv\u0259lc\u0259 reqata bar\u0259d\u0259 \u0259trafl\u0131 m\u0259lumat verilib. H\u0259m\u00e7inin bildirilib ki, aprelin 28-i g\u00f6rk\u0259mli oftalmoloq alim, akademik Z\u0259rif\u0259 xan\u0131m \u018fliyevan\u0131n do\u011fum g\u00fcn\u00fcn\u0259 t\u0259sad\u00fcf edir. T\u0259dbir \u00e7\u0259r\u00e7iv\u0259sind\u0259 Heyd\u0259r \u018fliyev v\u0259 Z\u0259rif\u0259 \u018fliyevaya h\u0259sr olunmu\u015f video\u00e7arx n\u00fcmayi\u015f etdirilib. A\u00e7\u0131l\u0131\u015f m\u0259rasimind\u0259 \u00e7\u0131x\u0131\u015f ed\u0259n Ming\u0259\u00e7evir \u015e\u0259h\u0259r \u0130cra Hakimiyy\u0259tinin ba\u015f\u00e7\u0131s\u0131 \u0130lham \u0130smay\u0131lov, M\u0259rk\u0259zi Aran Regional G\u0259ncl\u0259r v\u0259 \u0130dman \u0130dar\u0259sinin r\u0259isi Azad G\u00f6z\u0259lov v\u0259 Az\u0259rbaycan Su \u0130dman N\u00f6vl\u0259ri&hellip;<\/p>\n","protected":false},"author":2,"featured_media":850179,"comment_status":"closed","ping_status":"closed","sticky":false,"template":"","format":"standard","meta":{"om_disable_all_campaigns":false,"_monsterinsights_skip_tracking":false,"_monsterinsights_sitenote_active":false,"_monsterinsights_sitenote_note":"","_monsterinsights_sitenote_category":0},"categories":[6],"tags":[],"aioseo_notices":[],"gutentor_comment":0,"rttpg_featured_image_url":{"full":["https:\/\/arantv.az\/wp-content\/uploads\/2026\/04\/03206fb06c5b3f5a64dbe72217a3cd55.jpg",870,500,false],"landscape":["https:\/\/arantv.az\/wp-content\/uploads\/2026\/04\/03206fb06c5b3f5a64dbe72217a3cd55.jpg",870,500,false],"portraits":["https:\/\/arantv.az\/wp-content\/uploads\/2026\/04\/03206fb06c5b3f5a64dbe72217a3cd55.jpg",870,500,false],"thumbnail":["https:\/\/arantv.az\/wp-content\/uploads\/2026\/04\/03206fb06c5b3f5a64dbe72217a3cd55-500x280.jpg",500,280,true],"medium":["https:\/\/arantv.az\/wp-content\/uploads\/2026\/04\/03206fb06c5b3f5a64dbe72217a3cd55-635x365.jpg",635,365,true],"large":["https:\/\/arantv.az\/wp-content\/uploads\/2026\/04\/03206fb06c5b3f5a64dbe72217a3cd55-840x483.jpg",640,368,true],"1536x1536":["https:\/\/arantv.az\/wp-content\/uploads\/2026\/04\/03206fb06c5b3f5a64dbe72217a3cd55.jpg",870,500,false],"2048x2048":["https:\/\/arantv.az\/wp-content\/uploads\/2026\/04\/03206fb06c5b3f5a64dbe72217a3cd55.jpg",870,500,false],"post-thumbnail":["https:\/\/arantv.az\/wp-content\/uploads\/2026\/04\/03206fb06c5b3f5a64dbe72217a3cd55-240x172.jpg",240,172,true],"advps-thumb-one":["https:\/\/arantv.az\/wp-content\/uploads\/2026\/04\/03206fb06c5b3f5a64dbe72217a3cd55.jpg",870,500,false]},"rttpg_author":{"display_name":"V\u00fcsal Rafiqo\u011flu","author_link":"https:\/\/arantv.az\/?author=2"},"rttpg_comment":0,"rttpg_category":"<a href=\"https:\/\/arantv.az\/?cat=6\" rel=\"category\">\u0130dman<\/a>","rttpg_excerpt":"\u00dcmummilli Lider Heyd\u0259r \u018fliyevin 103-c\u00fc ild\u00f6n\u00fcm\u00fcn\u0259 h\u0259sr edil\u0259n \u201cPrezident Kuboku 2026\u201d beyn\u0259lxalq reqatas\u0131n\u0131n Ming\u0259\u00e7evir \u015f\u0259h\u0259rind\u0259 r\u0259smi a\u00e7\u0131l\u0131\u015f m\u0259rasimi ba\u015f tutub. Musavat.com\u00a0x\u0259b\u0259r verir ki, \u201cK\u00fcr\u201d Olimpiya T\u0259dris-\u0130dman M\u0259rk\u0259zinin qar\u015f\u0131s\u0131nda ke\u00e7iril\u0259n t\u0259dbird\u0259 \u0259vv\u0259lc\u0259 reqata bar\u0259d\u0259 \u0259trafl\u0131 m\u0259lumat verilib. H\u0259m\u00e7inin bildirilib ki, aprelin 28-i g\u00f6rk\u0259mli oftalmoloq alim, akademik Z\u0259rif\u0259 xan\u0131m \u018fliyevan\u0131n do\u011fum g\u00fcn\u00fcn\u0259 t\u0259sad\u00fcf edir. T\u0259dbir \u00e7\u0259r\u00e7iv\u0259sind\u0259 Heyd\u0259r&hellip;","_links":{"self":[{"href":"https:\/\/arantv.az\/index.php?rest_route=\/wp\/v2\/posts\/850178"}],"collection":[{"href":"https:\/\/arantv.az\/index.php?rest_route=\/wp\/v2\/posts"}],"about":[{"href":"https:\/\/arantv.az\/index.php?rest_route=\/wp\/v2\/types\/post"}],"author":[{"embeddable":true,"href":"https:\/\/arantv.az\/index.php?rest_route=\/wp\/v2\/users\/2"}],"replies":[{"embeddable":true,"href":"https:\/\/arantv.az\/index.php?rest_route=%2Fwp%2Fv2%2Fcomments&post=850178"}],"version-history":[{"count":2,"href":"https:\/\/arantv.az\/index.php?rest_route=\/wp\/v2\/posts\/850178\/revisions"}],"predecessor-version":[{"id":850181,"href":"https:\/\/arantv.az\/index.php?rest_route=\/wp\/v2\/posts\/850178\/revisions\/850181"}],"wp:featuredmedia":[{"embeddable":true,"href":"https:\/\/arantv.az\/index.php?rest_route=\/wp\/v2\/media\/850179"}],"wp:attachment":[{"href":"https:\/\/arantv.az\/index.php?rest_route=%2Fwp%2Fv2%2Fmedia&parent=850178"}],"wp:term":[{"taxonomy":"category","embeddable":true,"href":"https:\/\/arantv.az\/index.php?rest_route=%2Fwp%2Fv2%2Fcategories&post=850178"},{"taxonomy":"post_tag","embeddable":true,"href":"https:\/\/arantv.az\/index.php?rest_route=%2Fwp%2Fv2%2Ftags&post=850178"}],"curies":[{"name":"wp","href":"https:\/\/api.w.org\/{rel}","templated":true}]}}