{"id":850191,"date":"2026-04-29T13:20:50","date_gmt":"2026-04-29T09:20:50","guid":{"rendered":"https:\/\/arantv.az\/?p=850191"},"modified":"2026-04-29T13:20:50","modified_gmt":"2026-04-29T09:20:50","slug":"s%c9%99hiyy%c9%99-nazirliyind%c9%99-b%c9%99%c9%99-nin-numay%c9%99nd%c9%99-hey%c9%99ti-il%c9%99-gorus-kecirildi-fotolar","status":"publish","type":"post","link":"https:\/\/arantv.az\/?p=850191","title":{"rendered":"S\u0259hiyy\u0259 Nazirliyind\u0259 B\u018f\u018f-nin n\u00fcmay\u0259nd\u0259 hey\u0259ti il\u0259 g\u00f6r\u00fc\u015f ke\u00e7irildi &#8211; FOTOLAR"},"content":{"rendered":"<div class=\"blog_text\">\n<p><strong>Az\u0259rbaycan Respublikas\u0131n\u0131n s\u0259hiyy\u0259 naziri Teymur Musayev Birl\u0259\u015fmi\u015f \u018fr\u0259b \u018fmirlikl\u0259rinin Xarici \u0130\u015fl\u0259r Nazirliyinin D\u00f6vl\u0259t naziri S\u0259id bin M\u00fcbar\u0259k \u018fl-Hacirinin ba\u015f\u00e7\u0131l\u0131q etdiyi n\u00fcmay\u0259nd\u0259 hey\u0259ti il\u0259 g\u00f6r\u00fc\u015f\u00fcb.<\/strong><\/p>\n<p><strong>Musavat.com<\/strong>\u00a0x\u0259b\u0259r verir ki, qonaqlar\u0131 salamlayan Teymur Musayev Prezident \u0130lham \u018fliyevin Birl\u0259\u015fmi\u015f \u018fr\u0259b \u018fmirlikl\u0259rin\u0259, \u015eeyx M\u0259h\u0259mm\u0259d bin Zayed Al N\u0259hyan\u0131n is\u0259 Az\u0259rbaycana, o c\u00fcml\u0259d\u0259n Qaraba\u011fa s\u0259f\u0259rl\u0259rini, bu s\u0259f\u0259rl\u0259r zaman\u0131 apar\u0131lm\u0131\u015f m\u00fczakir\u0259l\u0259rin iki \u00f6lk\u0259 aras\u0131nda \u0259laq\u0259l\u0259rin geni\u015fl\u0259ndirilm\u0259sind\u0259 m\u00fch\u00fcm rol oynad\u0131\u011f\u0131n\u0131 vur\u011fulay\u0131b.<\/p>\n<p>Nazir Az\u0259rbaycan il\u0259 Birl\u0259\u015fmi\u015f \u018fr\u0259b \u018fmirlikl\u0259ri aras\u0131nda m\u00fcxt\u0259lif sah\u0259l\u0259rd\u0259, o c\u00fcml\u0259d\u0259n s\u0259hiyy\u0259 sektorunda \u0259m\u0259kda\u015fl\u0131\u011f\u0131n u\u011furla inki\u015faf etdiyini qeyd edib. O, \u00f6lk\u0259mizd\u0259 s\u0259hiyy\u0259 sisteminin modernl\u0259\u015fdirilm\u0259si, tibbi xidm\u0259tl\u0259rin keyfiyy\u0259tinin y\u00fcks\u0259ldilm\u0259si v\u0259 r\u0259q\u0259msal s\u0259hiyy\u0259 h\u0259ll\u0259rinin t\u0259tbiqi istiqam\u0259tind\u0259 h\u0259yata ke\u00e7iril\u0259n islahatlardan b\u0259hs edib.<\/p>\n<p>Birl\u0259\u015fmi\u015f \u018fr\u0259b \u018fmirlikl\u0259rinin Xarici \u0130\u015fl\u0259r Nazirliyinin D\u00f6vl\u0259t naziri S\u0259id bin M\u00fcbar\u0259k \u018fl-Haciri g\u00f6st\u0259ril\u0259n qonaqp\u0259rv\u0259rliy\u0259 g\u00f6r\u0259 t\u0259\u015f\u0259kk\u00fcr\u00fcn\u00fc bildirib, \u00f6lk\u0259sinin Az\u0259rbaycan il\u0259 s\u0259hiyy\u0259 sah\u0259sind\u0259 \u0259m\u0259kda\u015fl\u0131\u011f\u0131n daha da geni\u015fl\u0259ndirilm\u0259sin\u0259 haz\u0131r olduqlar\u0131n\u0131 vur\u011fulay\u0131b.<\/p>\n<p>T\u0259r\u0259fl\u0259r g\u00f6r\u00fc\u015f zaman\u0131 s\u0259hiyy\u0259 sah\u0259sind\u0259 \u0259m\u0259kda\u015fl\u0131\u011f\u0131n cari v\u0259ziyy\u0259tini v\u0259 g\u0259l\u0259c\u0259k inki\u015faf perspektivl\u0259rini geni\u015f \u015f\u0259kild\u0259 m\u00fczakir\u0259 edibl\u0259r. X\u00fcsusil\u0259 innovativ tibbi texnologiyalar\u0131n t\u0259tbiqi, s\u0259hiyy\u0259 infrastrukturunun inki\u015faf\u0131, tibbi xidm\u0259tl\u0259rin keyfiyy\u0259tinin art\u0131r\u0131lmas\u0131, r\u0259q\u0259msal s\u0259hiyy\u0259 sisteml\u0259rinin qurulmas\u0131 diqq\u0259t m\u0259rk\u0259zind\u0259 olub. Bununla yana\u015f\u0131, tibbi kadrlar\u0131n haz\u0131rlanmas\u0131 v\u0259 ixtisasart\u0131rma proqramlar\u0131, t\u0259dqiqat v\u0259 innovasiya sah\u0259sind\u0259 \u0259m\u0259kda\u015fl\u0131q, el\u0259c\u0259 d\u0259 qabaqc\u0131l beyn\u0259lxalq t\u0259cr\u00fcb\u0259nin \u00f6yr\u0259nilm\u0259si v\u0259 t\u0259tbiqi m\u0259s\u0259l\u0259l\u0259ri \u0259traf\u0131nda fikir m\u00fcbadil\u0259si apar\u0131l\u0131b.<\/p>\n<p>Sonda t\u0259r\u0259fl\u0259r bu c\u00fcr g\u00f6r\u00fc\u015fl\u0259rin qar\u015f\u0131l\u0131ql\u0131 \u0259m\u0259kda\u015fl\u0131\u011f\u0131n d\u0259rinl\u0259\u015fdirilm\u0259si bax\u0131m\u0131ndan \u0259h\u0259miyy\u0259tini vur\u011fulay\u0131b, g\u0259l\u0259c\u0259kd\u0259 \u0259laq\u0259l\u0259rin daha da geni\u015fl\u0259ndirilm\u0259si v\u0259 konkret layih\u0259l\u0259r \u00fczr\u0259 i\u015fl\u0259rin davam etdirilm\u0259si bar\u0259d\u0259 raz\u0131l\u0131\u011fa g\u0259libl\u0259r.<\/p>\n<\/div>\n<div class=\"two_image\">\n<figure><strong><img src=\"https:\/\/sehiyye.gov.az\/site\/assets\/files\/13622\/24-2_jpg.jpeg\" alt=\"\" \/><\/strong><\/figure>\n<figure><strong><img src=\"https:\/\/sehiyye.gov.az\/site\/assets\/files\/13622\/24-3_jpg.jpeg\" alt=\"\" \/><\/strong><\/figure>\n<\/div>\n<div class=\"two_image\">\n<figure><img src=\"https:\/\/sehiyye.gov.az\/site\/assets\/files\/13623\/24-4_jpg.jpeg\" alt=\"\" \/><\/figure>\n<figure><img src=\"https:\/\/sehiyye.gov.az\/site\/assets\/files\/13623\/29-5_jpg.jpeg\" alt=\"\" \/><\/figure>\n<\/div>\n","protected":false},"excerpt":{"rendered":"<p>Az\u0259rbaycan Respublikas\u0131n\u0131n s\u0259hiyy\u0259 naziri Teymur Musayev Birl\u0259\u015fmi\u015f \u018fr\u0259b \u018fmirlikl\u0259rinin Xarici \u0130\u015fl\u0259r Nazirliyinin D\u00f6vl\u0259t naziri S\u0259id bin M\u00fcbar\u0259k \u018fl-Hacirinin ba\u015f\u00e7\u0131l\u0131q etdiyi n\u00fcmay\u0259nd\u0259 hey\u0259ti il\u0259 g\u00f6r\u00fc\u015f\u00fcb. Musavat.com\u00a0x\u0259b\u0259r verir ki, qonaqlar\u0131 salamlayan Teymur Musayev Prezident \u0130lham \u018fliyevin Birl\u0259\u015fmi\u015f \u018fr\u0259b \u018fmirlikl\u0259rin\u0259, \u015eeyx M\u0259h\u0259mm\u0259d bin Zayed Al N\u0259hyan\u0131n is\u0259 Az\u0259rbaycana, o c\u00fcml\u0259d\u0259n Qaraba\u011fa s\u0259f\u0259rl\u0259rini, bu s\u0259f\u0259rl\u0259r zaman\u0131 apar\u0131lm\u0131\u015f m\u00fczakir\u0259l\u0259rin iki \u00f6lk\u0259 aras\u0131nda \u0259laq\u0259l\u0259rin geni\u015fl\u0259ndirilm\u0259sind\u0259 m\u00fch\u00fcm rol oynad\u0131\u011f\u0131n\u0131 vur\u011fulay\u0131b. Nazir Az\u0259rbaycan il\u0259 Birl\u0259\u015fmi\u015f \u018fr\u0259b \u018fmirlikl\u0259ri aras\u0131nda m\u00fcxt\u0259lif sah\u0259l\u0259rd\u0259, o c\u00fcml\u0259d\u0259n s\u0259hiyy\u0259 sektorunda \u0259m\u0259kda\u015fl\u0131\u011f\u0131n u\u011furla inki\u015faf etdiyini qeyd edib. O, \u00f6lk\u0259mizd\u0259 s\u0259hiyy\u0259 sisteminin modernl\u0259\u015fdirilm\u0259si, tibbi xidm\u0259tl\u0259rin keyfiyy\u0259tinin&hellip;<\/p>\n","protected":false},"author":2,"featured_media":850192,"comment_status":"closed","ping_status":"closed","sticky":false,"template":"","format":"standard","meta":{"om_disable_all_campaigns":false,"_monsterinsights_skip_tracking":false,"_monsterinsights_sitenote_active":false,"_monsterinsights_sitenote_note":"","_monsterinsights_sitenote_category":0},"categories":[1],"tags":[],"aioseo_notices":[],"gutentor_comment":0,"rttpg_featured_image_url":{"full":["https:\/\/arantv.az\/wp-content\/uploads\/2026\/04\/f434b32881c929f985ae06c62d88ee63.jpg",870,500,false],"landscape":["https:\/\/arantv.az\/wp-content\/uploads\/2026\/04\/f434b32881c929f985ae06c62d88ee63.jpg",870,500,false],"portraits":["https:\/\/arantv.az\/wp-content\/uploads\/2026\/04\/f434b32881c929f985ae06c62d88ee63.jpg",870,500,false],"thumbnail":["https:\/\/arantv.az\/wp-content\/uploads\/2026\/04\/f434b32881c929f985ae06c62d88ee63-500x280.jpg",500,280,true],"medium":["https:\/\/arantv.az\/wp-content\/uploads\/2026\/04\/f434b32881c929f985ae06c62d88ee63-635x365.jpg",635,365,true],"large":["https:\/\/arantv.az\/wp-content\/uploads\/2026\/04\/f434b32881c929f985ae06c62d88ee63-840x483.jpg",640,368,true],"1536x1536":["https:\/\/arantv.az\/wp-content\/uploads\/2026\/04\/f434b32881c929f985ae06c62d88ee63.jpg",870,500,false],"2048x2048":["https:\/\/arantv.az\/wp-content\/uploads\/2026\/04\/f434b32881c929f985ae06c62d88ee63.jpg",870,500,false],"post-thumbnail":["https:\/\/arantv.az\/wp-content\/uploads\/2026\/04\/f434b32881c929f985ae06c62d88ee63-240x172.jpg",240,172,true],"advps-thumb-one":["https:\/\/arantv.az\/wp-content\/uploads\/2026\/04\/f434b32881c929f985ae06c62d88ee63.jpg",870,500,false]},"rttpg_author":{"display_name":"V\u00fcsal Rafiqo\u011flu","author_link":"https:\/\/arantv.az\/?author=2"},"rttpg_comment":0,"rttpg_category":"<a href=\"https:\/\/arantv.az\/?cat=1\" rel=\"category\">C\u0259miyy\u0259t<\/a>","rttpg_excerpt":"Az\u0259rbaycan Respublikas\u0131n\u0131n s\u0259hiyy\u0259 naziri Teymur Musayev Birl\u0259\u015fmi\u015f \u018fr\u0259b \u018fmirlikl\u0259rinin Xarici \u0130\u015fl\u0259r Nazirliyinin D\u00f6vl\u0259t naziri S\u0259id bin M\u00fcbar\u0259k \u018fl-Hacirinin ba\u015f\u00e7\u0131l\u0131q etdiyi n\u00fcmay\u0259nd\u0259 hey\u0259ti il\u0259 g\u00f6r\u00fc\u015f\u00fcb. Musavat.com\u00a0x\u0259b\u0259r verir ki, qonaqlar\u0131 salamlayan Teymur Musayev Prezident \u0130lham \u018fliyevin Birl\u0259\u015fmi\u015f \u018fr\u0259b \u018fmirlikl\u0259rin\u0259, \u015eeyx M\u0259h\u0259mm\u0259d bin Zayed Al N\u0259hyan\u0131n is\u0259 Az\u0259rbaycana, o c\u00fcml\u0259d\u0259n Qaraba\u011fa s\u0259f\u0259rl\u0259rini, bu s\u0259f\u0259rl\u0259r zaman\u0131 apar\u0131lm\u0131\u015f m\u00fczakir\u0259l\u0259rin iki&hellip;","_links":{"self":[{"href":"https:\/\/arantv.az\/index.php?rest_route=\/wp\/v2\/posts\/850191"}],"collection":[{"href":"https:\/\/arantv.az\/index.php?rest_route=\/wp\/v2\/posts"}],"about":[{"href":"https:\/\/arantv.az\/index.php?rest_route=\/wp\/v2\/types\/post"}],"author":[{"embeddable":true,"href":"https:\/\/arantv.az\/index.php?rest_route=\/wp\/v2\/users\/2"}],"replies":[{"embeddable":true,"href":"https:\/\/arantv.az\/index.php?rest_route=%2Fwp%2Fv2%2Fcomments&post=850191"}],"version-history":[{"count":1,"href":"https:\/\/arantv.az\/index.php?rest_route=\/wp\/v2\/posts\/850191\/revisions"}],"predecessor-version":[{"id":850193,"href":"https:\/\/arantv.az\/index.php?rest_route=\/wp\/v2\/posts\/850191\/revisions\/850193"}],"wp:featuredmedia":[{"embeddable":true,"href":"https:\/\/arantv.az\/index.php?rest_route=\/wp\/v2\/media\/850192"}],"wp:attachment":[{"href":"https:\/\/arantv.az\/index.php?rest_route=%2Fwp%2Fv2%2Fmedia&parent=850191"}],"wp:term":[{"taxonomy":"category","embeddable":true,"href":"https:\/\/arantv.az\/index.php?rest_route=%2Fwp%2Fv2%2Fcategories&post=850191"},{"taxonomy":"post_tag","embeddable":true,"href":"https:\/\/arantv.az\/index.php?rest_route=%2Fwp%2Fv2%2Ftags&post=850191"}],"curies":[{"name":"wp","href":"https:\/\/api.w.org\/{rel}","templated":true}]}}