{"id":850198,"date":"2026-04-29T13:27:40","date_gmt":"2026-04-29T09:27:40","guid":{"rendered":"https:\/\/arantv.az\/?p=850198"},"modified":"2026-04-29T13:27:40","modified_gmt":"2026-04-29T09:27:40","slug":"t%c9%99cili-ir%c9%99vanda-h%c9%99lledici-danisiqlar-gund%c9%99likd%c9%99-olan-%c9%99sas-m%c9%99s%c9%99l%c9%99-oz%c9%99lfoto","status":"publish","type":"post","link":"https:\/\/arantv.az\/?p=850198","title":{"rendered":"T\u018fC\u0130L\u0130! \u0130r\u0259vanda h\u0259lledici dan\u0131\u015f\u0131qlar, G\u00dcND\u018fL\u0130KD\u018f olan \u0259sas m\u0259s\u0259l\u0259&#8230; \u00d6Z\u018fLFOTO"},"content":{"rendered":"<div class=\"text-content\" data-id=\"\" data-url=\"\">\n<p><strong>X\u0259b\u0259r verdiyimiz kimi, ba\u015f nazirin m\u00fcavini \u015eahin Mustafayevin r\u0259hb\u0259rlik etdiyi Az\u0259rbaycan n\u00fcmay\u0259nd\u0259 hey\u0259ti \u0130r\u0259vanda s\u0259f\u0259rd\u0259dir.<\/strong><\/p>\n<p><strong>Musavat.com<\/strong>\u00a0x\u0259b\u0259r verir ki, Erm\u0259nistan Xarici \u0130\u015fl\u0259r Nazirliyi m\u0259lumat\u0131 t\u0259sdiql\u0259yib.<\/p>\n<p>\u015eahin Mustafayev Az\u0259rbaycan Respublikas\u0131 il\u0259 Erm\u0259nistan Respublikas\u0131 aras\u0131nda d\u00f6vl\u0259t s\u0259rh\u0259dinin delimitasiyas\u0131 \u00fczr\u0259 D\u00f6vl\u0259t Komissiyas\u0131n\u0131n s\u0259dridir. S\u0259f\u0259rin d\u0259 m\u0259hz delimitasiya prosesi il\u0259 ba\u011fl\u0131 oldu\u011fu bildirilir.<\/p>\n<p><strong>Qeyd ed\u0259k ki, Erm\u0259nistan ba\u015f naziri Nikol Pa\u015finyan bir ne\u00e7\u0259 g\u00fcn \u00f6nc\u0259 s\u0259rh\u0259dl\u0259rin delimitasiyas\u0131n\u0131n yax\u0131n g\u0259l\u0259c\u0259kd\u0259 bitm\u0259 ehtimal\u0131 oldu\u011funu bildirib.<\/strong><\/p>\n<p><strong>Musavat.com<\/strong>-un \u0259ld\u0259 etdiyi m\u0259lumata \u0259sas\u0259n, g\u00f6r\u00fc\u015fd\u0259n sonra birg\u0259 b\u0259yanat\u0131n verilm\u0259si g\u00f6zl\u0259nilir.<\/p>\n<p><strong>Xat\u0131rladaq ki,<\/strong>\u00a02022-ci ild\u0259 Prezident \u0130lham \u018fliyev Az\u0259rbaycan Respublikas\u0131 il\u0259 Erm\u0259nistan Respublikas\u0131 aras\u0131nda d\u00f6vl\u0259t s\u0259rh\u0259dinin delimitasiyas\u0131 \u00fczr\u0259 D\u00f6vl\u0259t Komissiyas\u0131n\u0131n yarad\u0131lmas\u0131 haqq\u0131nda s\u0259r\u0259ncam imzalay\u0131b.<\/p>\n<p><strong>S\u00f6z\u00fcged\u0259n komissiyan\u0131n son iclas\u0131 2025-ci ilin noyabr\u0131n 28-d\u0259 Q\u0259b\u0259l\u0259 \u015f\u0259h\u0259rind\u0259 olub.<\/strong><\/p>\n<p>Az\u0259rbaycan Respublikas\u0131n\u0131n ba\u015f nazirinin m\u00fcavini \u015eahin Mustafayev v\u0259 Erm\u0259nistan Respublikas\u0131n\u0131n ba\u015f nazirinin m\u00fcavini Mher Qriqoryan\u0131n s\u0259drliyi il\u0259 ke\u00e7iril\u0259n sayca 12-ci g\u00f6r\u00fc\u015f zaman\u0131 t\u0259r\u0259fl\u0259r 2025-ci il yanvar\u0131n 16-da ke\u00e7irilmi\u015f 11-ci g\u00f6r\u00fc\u015f\u00fcn yekunlar\u0131 \u00fczr\u0259 \u0259ld\u0259 olunmu\u015f, delimitasiyas\u0131 \u00fczr\u0259 kompleks i\u015fl\u0259rin d\u00f6vl\u0259t s\u0259rh\u0259dinin \u015fimal sah\u0259sind\u0259n ba\u015flayaraq Az\u0259rbaycan Respublikas\u0131n\u0131n, Erm\u0259nistan Respublikas\u0131n\u0131n v\u0259 G\u00fcrc\u00fcstan\u0131n s\u0259rh\u0259dl\u0259rinin qovu\u015fma n\u00f6qt\u0259si \u0259razisind\u0259n c\u0259nub istiqam\u0259tind\u0259, \u015fimaldan c\u0259nuba, Az\u0259rbaycan Respublikas\u0131n\u0131n v\u0259 Erm\u0259nistan Respublikas\u0131n\u0131n \u0130ran \u0130slam Respublikas\u0131 il\u0259 s\u0259rh\u0259din\u0259 q\u0259d\u0259r ba\u015flanmas\u0131 bar\u0259d\u0259 raz\u0131la\u015fman\u0131 qeyd edibl\u0259r.<\/p>\n<p><strong>T\u0259r\u0259fl\u0259r n\u00f6vb\u0259ti g\u00f6r\u00fc\u015f\u00fcn tarixini i\u015f qaydas\u0131nda, Erm\u0259nistan Respublikas\u0131n\u0131n \u015f\u0259h\u0259rl\u0259rind\u0259n birind\u0259 m\u00fc\u0259yy\u0259n etm\u0259k bar\u0259d\u0259 raz\u0131l\u0131\u011fa g\u0259libl\u0259r. M\u0259hz bu \u00e7\u0259r\u00e7iv\u0259d\u0259 g\u00f6r\u00fc\u015f \u0130r\u0259vanda ke\u00e7irilir.<\/strong><\/p>\n<p><strong>Nigar H\u0259s\u0259nli<\/strong><br \/>\n<strong>Musavat.com<\/strong><\/p>\n<\/div>\n<div>\n<div class=\"form-group\"><img class=\"img-responsive\" src=\"https:\/\/cdn.musavat.com\/news\/images\/Ayten\/WhatsApp%20Image%202026-04-29%20at%2013.06.12%20%281%29.jpeg\" \/><\/div>\n<div class=\"form-group\"><img class=\"img-responsive\" src=\"https:\/\/cdn.musavat.com\/news\/images\/Ayten\/WhatsApp%20Image%202026-04-29%20at%2013.06.12.jpeg\" \/><\/div>\n<\/div>\n","protected":false},"excerpt":{"rendered":"<p>X\u0259b\u0259r verdiyimiz kimi, ba\u015f nazirin m\u00fcavini \u015eahin Mustafayevin r\u0259hb\u0259rlik etdiyi Az\u0259rbaycan n\u00fcmay\u0259nd\u0259 hey\u0259ti \u0130r\u0259vanda s\u0259f\u0259rd\u0259dir. Musavat.com\u00a0x\u0259b\u0259r verir ki, Erm\u0259nistan Xarici \u0130\u015fl\u0259r Nazirliyi m\u0259lumat\u0131 t\u0259sdiql\u0259yib. \u015eahin Mustafayev Az\u0259rbaycan Respublikas\u0131 il\u0259 Erm\u0259nistan Respublikas\u0131 aras\u0131nda d\u00f6vl\u0259t s\u0259rh\u0259dinin delimitasiyas\u0131 \u00fczr\u0259 D\u00f6vl\u0259t Komissiyas\u0131n\u0131n s\u0259dridir. S\u0259f\u0259rin d\u0259 m\u0259hz delimitasiya prosesi il\u0259 ba\u011fl\u0131 oldu\u011fu bildirilir. Qeyd ed\u0259k ki, Erm\u0259nistan ba\u015f naziri Nikol Pa\u015finyan bir ne\u00e7\u0259 g\u00fcn \u00f6nc\u0259 s\u0259rh\u0259dl\u0259rin delimitasiyas\u0131n\u0131n yax\u0131n g\u0259l\u0259c\u0259kd\u0259 bitm\u0259 ehtimal\u0131 oldu\u011funu bildirib. Musavat.com-un \u0259ld\u0259 etdiyi m\u0259lumata \u0259sas\u0259n, g\u00f6r\u00fc\u015fd\u0259n sonra birg\u0259 b\u0259yanat\u0131n verilm\u0259si g\u00f6zl\u0259nilir. Xat\u0131rladaq ki,\u00a02022-ci ild\u0259 Prezident \u0130lham \u018fliyev Az\u0259rbaycan Respublikas\u0131 il\u0259 Erm\u0259nistan Respublikas\u0131&hellip;<\/p>\n","protected":false},"author":2,"featured_media":850199,"comment_status":"closed","ping_status":"closed","sticky":false,"template":"","format":"standard","meta":{"om_disable_all_campaigns":false,"_monsterinsights_skip_tracking":false,"_monsterinsights_sitenote_active":false,"_monsterinsights_sitenote_note":"","_monsterinsights_sitenote_category":0},"categories":[19],"tags":[],"aioseo_notices":[],"gutentor_comment":0,"rttpg_featured_image_url":{"full":["https:\/\/arantv.az\/wp-content\/uploads\/2026\/04\/031ea667aef28970f6c05ce274e23ef7.jpg",870,500,false],"landscape":["https:\/\/arantv.az\/wp-content\/uploads\/2026\/04\/031ea667aef28970f6c05ce274e23ef7.jpg",870,500,false],"portraits":["https:\/\/arantv.az\/wp-content\/uploads\/2026\/04\/031ea667aef28970f6c05ce274e23ef7.jpg",870,500,false],"thumbnail":["https:\/\/arantv.az\/wp-content\/uploads\/2026\/04\/031ea667aef28970f6c05ce274e23ef7-500x280.jpg",500,280,true],"medium":["https:\/\/arantv.az\/wp-content\/uploads\/2026\/04\/031ea667aef28970f6c05ce274e23ef7-635x365.jpg",635,365,true],"large":["https:\/\/arantv.az\/wp-content\/uploads\/2026\/04\/031ea667aef28970f6c05ce274e23ef7-840x483.jpg",640,368,true],"1536x1536":["https:\/\/arantv.az\/wp-content\/uploads\/2026\/04\/031ea667aef28970f6c05ce274e23ef7.jpg",870,500,false],"2048x2048":["https:\/\/arantv.az\/wp-content\/uploads\/2026\/04\/031ea667aef28970f6c05ce274e23ef7.jpg",870,500,false],"post-thumbnail":["https:\/\/arantv.az\/wp-content\/uploads\/2026\/04\/031ea667aef28970f6c05ce274e23ef7-240x172.jpg",240,172,true],"advps-thumb-one":["https:\/\/arantv.az\/wp-content\/uploads\/2026\/04\/031ea667aef28970f6c05ce274e23ef7.jpg",870,500,false]},"rttpg_author":{"display_name":"V\u00fcsal Rafiqo\u011flu","author_link":"https:\/\/arantv.az\/?author=2"},"rttpg_comment":0,"rttpg_category":"<a href=\"https:\/\/arantv.az\/?cat=19\" rel=\"category\">G\u00fcnd\u0259m<\/a>","rttpg_excerpt":"X\u0259b\u0259r verdiyimiz kimi, ba\u015f nazirin m\u00fcavini \u015eahin Mustafayevin r\u0259hb\u0259rlik etdiyi Az\u0259rbaycan n\u00fcmay\u0259nd\u0259 hey\u0259ti \u0130r\u0259vanda s\u0259f\u0259rd\u0259dir. Musavat.com\u00a0x\u0259b\u0259r verir ki, Erm\u0259nistan Xarici \u0130\u015fl\u0259r Nazirliyi m\u0259lumat\u0131 t\u0259sdiql\u0259yib. \u015eahin Mustafayev Az\u0259rbaycan Respublikas\u0131 il\u0259 Erm\u0259nistan Respublikas\u0131 aras\u0131nda d\u00f6vl\u0259t s\u0259rh\u0259dinin delimitasiyas\u0131 \u00fczr\u0259 D\u00f6vl\u0259t Komissiyas\u0131n\u0131n s\u0259dridir. S\u0259f\u0259rin d\u0259 m\u0259hz delimitasiya prosesi il\u0259 ba\u011fl\u0131 oldu\u011fu bildirilir. Qeyd ed\u0259k ki, Erm\u0259nistan ba\u015f naziri Nikol&hellip;","_links":{"self":[{"href":"https:\/\/arantv.az\/index.php?rest_route=\/wp\/v2\/posts\/850198"}],"collection":[{"href":"https:\/\/arantv.az\/index.php?rest_route=\/wp\/v2\/posts"}],"about":[{"href":"https:\/\/arantv.az\/index.php?rest_route=\/wp\/v2\/types\/post"}],"author":[{"embeddable":true,"href":"https:\/\/arantv.az\/index.php?rest_route=\/wp\/v2\/users\/2"}],"replies":[{"embeddable":true,"href":"https:\/\/arantv.az\/index.php?rest_route=%2Fwp%2Fv2%2Fcomments&post=850198"}],"version-history":[{"count":1,"href":"https:\/\/arantv.az\/index.php?rest_route=\/wp\/v2\/posts\/850198\/revisions"}],"predecessor-version":[{"id":850200,"href":"https:\/\/arantv.az\/index.php?rest_route=\/wp\/v2\/posts\/850198\/revisions\/850200"}],"wp:featuredmedia":[{"embeddable":true,"href":"https:\/\/arantv.az\/index.php?rest_route=\/wp\/v2\/media\/850199"}],"wp:attachment":[{"href":"https:\/\/arantv.az\/index.php?rest_route=%2Fwp%2Fv2%2Fmedia&parent=850198"}],"wp:term":[{"taxonomy":"category","embeddable":true,"href":"https:\/\/arantv.az\/index.php?rest_route=%2Fwp%2Fv2%2Fcategories&post=850198"},{"taxonomy":"post_tag","embeddable":true,"href":"https:\/\/arantv.az\/index.php?rest_route=%2Fwp%2Fv2%2Ftags&post=850198"}],"curies":[{"name":"wp","href":"https:\/\/api.w.org\/{rel}","templated":true}]}}