{"id":850201,"date":"2026-04-29T13:48:45","date_gmt":"2026-04-29T09:48:45","guid":{"rendered":"https:\/\/arantv.az\/?p=850201"},"modified":"2026-04-29T13:48:45","modified_gmt":"2026-04-29T09:48:45","slug":"ceyhun-bayramov-h%c9%99mkari-il%c9%99-ikit%c9%99r%c9%99fli-munasib%c9%99tl%c9%99ri-muzakir%c9%99-etdi","status":"publish","type":"post","link":"https:\/\/arantv.az\/?p=850201","title":{"rendered":"Ceyhun Bayramov h\u0259mkar\u0131 il\u0259 ikit\u0259r\u0259fli m\u00fcnasib\u0259tl\u0259ri m\u00fczakir\u0259 etdi"},"content":{"rendered":"<p><strong>Az\u0259rbaycan\u0131n xarici i\u015fl\u0259r naziri Ceyhun Bayramov il\u0259 Koreya xarici i\u015fl\u0259r naziri \u00c7o Hyon aras\u0131nda telefon dan\u0131\u015f\u0131\u011f\u0131 apar\u0131l\u0131b.<\/strong><\/p>\n<p>Bu bar\u0259d\u0259\u00a0<strong>Musavat.com<\/strong>-a Xarici \u0130\u015fl\u0259r Nazirliyind\u0259n m\u0259lumat verilib.<\/p>\n<p>Qeyd olunub ki, telefon dan\u0131\u015f\u0131\u011f\u0131 zaman\u0131 Az\u0259rbaycan il\u0259 Koreya aras\u0131nda ikit\u0259r\u0259fli m\u00fcnasib\u0259tl\u0259rin cari v\u0259ziyy\u0259ti v\u0259 inki\u015faf perspektivl\u0259ri, el\u0259c\u0259 d\u0259 regional \u0259m\u0259kda\u015fl\u0131q m\u0259s\u0259l\u0259l\u0259ri m\u00fczakir\u0259 olunub.<\/p>\n<p>Az\u0259rbaycanda h\u0259yata ke\u00e7iril\u0259n bir s\u0131ra layih\u0259l\u0259rd\u0259 Koreya \u015firk\u0259tl\u0259rinin i\u015ftirak\u0131n\u0131n \u0259h\u0259miyy\u0259ti vur\u011fulanaraq, iqtisadi sah\u0259d\u0259 \u0259m\u0259kda\u015fl\u0131\u011f\u0131n daha da inki\u015faf etdirilm\u0259si \u00fc\u00e7\u00fcn geni\u015f imkanlar\u0131n m\u00f6vcudlu\u011fu qeyd olunub.<\/p>\n<p>Az\u0259rbaycan H\u00f6kum\u0259ti il\u0259 Koreya H\u00f6kum\u0259ti aras\u0131nda iqtisadi \u0259m\u0259kda\u015fl\u0131q \u00fczr\u0259 birg\u0259 Komissiyan\u0131n m\u00fcnasib\u0259tl\u0259rin inki\u015faf\u0131nda m\u00fch\u00fcm rol oynad\u0131\u011f\u0131 bildirilib.<\/p>\n<p>Xarici \u0130\u015fl\u0259r Nazirlikl\u0259ri aras\u0131nda m\u0259sl\u0259h\u0259tl\u0259\u015fm\u0259 mexanizminin v\u0259 qar\u015f\u0131l\u0131ql\u0131 s\u0259f\u0259rl\u0259rin intensivl\u0259\u015fdirilm\u0259sinin \u0259h\u0259miyy\u0259ti diqq\u0259t\u0259 \u00e7atd\u0131r\u0131l\u0131b.<\/p>\n<p>T\u0259r\u0259fl\u0259r regional \u0259m\u0259kda\u015fl\u0131q platformalar\u0131 \u00e7\u0259r\u00e7iv\u0259sind\u0259 qar\u015f\u0131l\u0131ql\u0131 f\u0259aliyy\u0259t m\u0259s\u0259l\u0259l\u0259rin\u0259 toxunaraq, m\u00fcxt\u0259lif sah\u0259l\u0259r \u00fczr\u0259 \u0259m\u0259kda\u015fl\u0131\u011f\u0131n geni\u015fl\u0259ndirilm\u0259si imkanlar\u0131n\u0131 n\u0259z\u0259rd\u0259n ke\u00e7iribl\u0259r.<\/p>\n<p>H\u0259m\u00e7inin Az\u0259rbaycan\u0131n BMT-nin Asiya v\u0259 Sakit Okean \u00fczr\u0259 \u0130qtisadi v\u0259 Sosial Komissiyas\u0131nda (UNESCAP) s\u0259drliyinin m\u0259mnunluqla qar\u015f\u0131land\u0131\u011f\u0131 Koreya t\u0259r\u0259find\u0259n vur\u011fulan\u0131b.<\/p>\n<p>Telefon dan\u0131\u015f\u0131\u011f\u0131 zaman\u0131 h\u0259m\u00e7inin qar\u015f\u0131l\u0131ql\u0131 maraq do\u011furan dig\u0259r m\u0259s\u0259l\u0259l\u0259r \u0259traf\u0131nda fikir m\u00fcbadil\u0259si apar\u0131l\u0131b.<\/p>\n","protected":false},"excerpt":{"rendered":"<p>Az\u0259rbaycan\u0131n xarici i\u015fl\u0259r naziri Ceyhun Bayramov il\u0259 Koreya xarici i\u015fl\u0259r naziri \u00c7o Hyon aras\u0131nda telefon dan\u0131\u015f\u0131\u011f\u0131 apar\u0131l\u0131b. Bu bar\u0259d\u0259\u00a0Musavat.com-a Xarici \u0130\u015fl\u0259r Nazirliyind\u0259n m\u0259lumat verilib. Qeyd olunub ki, telefon dan\u0131\u015f\u0131\u011f\u0131 zaman\u0131 Az\u0259rbaycan il\u0259 Koreya aras\u0131nda ikit\u0259r\u0259fli m\u00fcnasib\u0259tl\u0259rin cari v\u0259ziyy\u0259ti v\u0259 inki\u015faf perspektivl\u0259ri, el\u0259c\u0259 d\u0259 regional \u0259m\u0259kda\u015fl\u0131q m\u0259s\u0259l\u0259l\u0259ri m\u00fczakir\u0259 olunub. Az\u0259rbaycanda h\u0259yata ke\u00e7iril\u0259n bir s\u0131ra layih\u0259l\u0259rd\u0259 Koreya \u015firk\u0259tl\u0259rinin i\u015ftirak\u0131n\u0131n \u0259h\u0259miyy\u0259ti vur\u011fulanaraq, iqtisadi sah\u0259d\u0259 \u0259m\u0259kda\u015fl\u0131\u011f\u0131n daha da inki\u015faf etdirilm\u0259si \u00fc\u00e7\u00fcn geni\u015f imkanlar\u0131n m\u00f6vcudlu\u011fu qeyd olunub. Az\u0259rbaycan H\u00f6kum\u0259ti il\u0259 Koreya H\u00f6kum\u0259ti aras\u0131nda iqtisadi \u0259m\u0259kda\u015fl\u0131q \u00fczr\u0259 birg\u0259 Komissiyan\u0131n m\u00fcnasib\u0259tl\u0259rin inki\u015faf\u0131nda m\u00fch\u00fcm rol oynad\u0131\u011f\u0131 bildirilib. Xarici&hellip;<\/p>\n","protected":false},"author":2,"featured_media":850202,"comment_status":"closed","ping_status":"closed","sticky":false,"template":"","format":"standard","meta":{"om_disable_all_campaigns":false,"_monsterinsights_skip_tracking":false,"_monsterinsights_sitenote_active":false,"_monsterinsights_sitenote_note":"","_monsterinsights_sitenote_category":0},"categories":[4],"tags":[],"aioseo_notices":[],"gutentor_comment":0,"rttpg_featured_image_url":{"full":["https:\/\/arantv.az\/wp-content\/uploads\/2026\/04\/5bc58e4b4e8df03fe589f9259bb79126.png",870,500,false],"landscape":["https:\/\/arantv.az\/wp-content\/uploads\/2026\/04\/5bc58e4b4e8df03fe589f9259bb79126.png",870,500,false],"portraits":["https:\/\/arantv.az\/wp-content\/uploads\/2026\/04\/5bc58e4b4e8df03fe589f9259bb79126.png",870,500,false],"thumbnail":["https:\/\/arantv.az\/wp-content\/uploads\/2026\/04\/5bc58e4b4e8df03fe589f9259bb79126-500x280.png",500,280,true],"medium":["https:\/\/arantv.az\/wp-content\/uploads\/2026\/04\/5bc58e4b4e8df03fe589f9259bb79126-635x365.png",635,365,true],"large":["https:\/\/arantv.az\/wp-content\/uploads\/2026\/04\/5bc58e4b4e8df03fe589f9259bb79126-840x483.png",640,368,true],"1536x1536":["https:\/\/arantv.az\/wp-content\/uploads\/2026\/04\/5bc58e4b4e8df03fe589f9259bb79126.png",870,500,false],"2048x2048":["https:\/\/arantv.az\/wp-content\/uploads\/2026\/04\/5bc58e4b4e8df03fe589f9259bb79126.png",870,500,false],"post-thumbnail":["https:\/\/arantv.az\/wp-content\/uploads\/2026\/04\/5bc58e4b4e8df03fe589f9259bb79126-240x172.png",240,172,true],"advps-thumb-one":["https:\/\/arantv.az\/wp-content\/uploads\/2026\/04\/5bc58e4b4e8df03fe589f9259bb79126.png",870,500,false]},"rttpg_author":{"display_name":"V\u00fcsal Rafiqo\u011flu","author_link":"https:\/\/arantv.az\/?author=2"},"rttpg_comment":0,"rttpg_category":"<a href=\"https:\/\/arantv.az\/?cat=4\" rel=\"category\">Siyas\u0259t<\/a>","rttpg_excerpt":"Az\u0259rbaycan\u0131n xarici i\u015fl\u0259r naziri Ceyhun Bayramov il\u0259 Koreya xarici i\u015fl\u0259r naziri \u00c7o Hyon aras\u0131nda telefon dan\u0131\u015f\u0131\u011f\u0131 apar\u0131l\u0131b. Bu bar\u0259d\u0259\u00a0Musavat.com-a Xarici \u0130\u015fl\u0259r Nazirliyind\u0259n m\u0259lumat verilib. Qeyd olunub ki, telefon dan\u0131\u015f\u0131\u011f\u0131 zaman\u0131 Az\u0259rbaycan il\u0259 Koreya aras\u0131nda ikit\u0259r\u0259fli m\u00fcnasib\u0259tl\u0259rin cari v\u0259ziyy\u0259ti v\u0259 inki\u015faf perspektivl\u0259ri, el\u0259c\u0259 d\u0259 regional \u0259m\u0259kda\u015fl\u0131q m\u0259s\u0259l\u0259l\u0259ri m\u00fczakir\u0259 olunub. Az\u0259rbaycanda h\u0259yata ke\u00e7iril\u0259n bir s\u0131ra layih\u0259l\u0259rd\u0259 Koreya&hellip;","_links":{"self":[{"href":"https:\/\/arantv.az\/index.php?rest_route=\/wp\/v2\/posts\/850201"}],"collection":[{"href":"https:\/\/arantv.az\/index.php?rest_route=\/wp\/v2\/posts"}],"about":[{"href":"https:\/\/arantv.az\/index.php?rest_route=\/wp\/v2\/types\/post"}],"author":[{"embeddable":true,"href":"https:\/\/arantv.az\/index.php?rest_route=\/wp\/v2\/users\/2"}],"replies":[{"embeddable":true,"href":"https:\/\/arantv.az\/index.php?rest_route=%2Fwp%2Fv2%2Fcomments&post=850201"}],"version-history":[{"count":1,"href":"https:\/\/arantv.az\/index.php?rest_route=\/wp\/v2\/posts\/850201\/revisions"}],"predecessor-version":[{"id":850203,"href":"https:\/\/arantv.az\/index.php?rest_route=\/wp\/v2\/posts\/850201\/revisions\/850203"}],"wp:featuredmedia":[{"embeddable":true,"href":"https:\/\/arantv.az\/index.php?rest_route=\/wp\/v2\/media\/850202"}],"wp:attachment":[{"href":"https:\/\/arantv.az\/index.php?rest_route=%2Fwp%2Fv2%2Fmedia&parent=850201"}],"wp:term":[{"taxonomy":"category","embeddable":true,"href":"https:\/\/arantv.az\/index.php?rest_route=%2Fwp%2Fv2%2Fcategories&post=850201"},{"taxonomy":"post_tag","embeddable":true,"href":"https:\/\/arantv.az\/index.php?rest_route=%2Fwp%2Fv2%2Ftags&post=850201"}],"curies":[{"name":"wp","href":"https:\/\/api.w.org\/{rel}","templated":true}]}}