{"id":850232,"date":"2026-04-29T18:41:17","date_gmt":"2026-04-29T14:41:17","guid":{"rendered":"https:\/\/arantv.az\/?p=850232"},"modified":"2026-04-29T18:41:17","modified_gmt":"2026-04-29T14:41:17","slug":"onlarin-baqajlari-gomrukd%c9%99-yoxlanilmayacaq","status":"publish","type":"post","link":"https:\/\/arantv.az\/?p=850232","title":{"rendered":"Onlar\u0131n baqajlar\u0131 g\u00f6mr\u00fckd\u0259 yoxlan\u0131lmayacaq"},"content":{"rendered":"<div class=\"text-content\" data-id=\"\" data-url=\"\">\n<p>Birinci vitse-prezident v\u0259 vitse-prezidentl\u0259rin baqajlar\u0131 g\u00f6mr\u00fckd\u0259 yoxlan\u0131lmayacaq.<\/p>\n<p>Bu, Milli M\u0259clisin \u0130qtisadi siyas\u0259t, s\u0259naye v\u0259 sahibkarl\u0131q komit\u0259sinin bu g\u00fcn ke\u00e7iril\u0259n iclas\u0131nda m\u00fczakir\u0259y\u0259 \u00e7\u0131xar\u0131lan G\u00f6mr\u00fck M\u0259c\u0259ll\u0259sin\u0259 t\u0259klif olunan d\u0259yi\u015fiklikd\u0259 \u00f6z \u0259ksini tap\u0131b.<\/p>\n<p>Layih\u0259y\u0259 \u0259sas\u0259n, xidm\u0259ti v\u0259zif\u0259l\u0259rinin icras\u0131 il\u0259 \u0259laq\u0259dar g\u00f6mr\u00fck s\u0259rh\u0259dind\u0259n ke\u00e7\u0259n Az\u0259rbaycan\u0131n Birinci vitse-prezidentinin v\u0259 vitse-prezidentl\u0259rinin, Ba\u015f nazirinin, onun m\u00fcavinl\u0259rinin, m\u00fcvafiq icra hakimiyy\u0259ti orqanlar\u0131n\u0131n r\u0259hb\u0259rl\u0259rinin, Milli M\u0259clis deputatlar\u0131n\u0131n v\u0259 \u0130nsan h\u00fcquqlar\u0131 \u00fczr\u0259 m\u00fcv\u0259kkilinin (Ombudsman) \u015f\u0259xsi baqajlar\u0131 g\u00f6mr\u00fck yoxlamas\u0131ndan azadd\u0131r.<\/p>\n<p>H\u0259m\u00e7inin xarici d\u00f6vl\u0259tl\u0259rin diplomatik n\u00fcmay\u0259nd\u0259likl\u0259rinin ba\u015f\u00e7\u0131lar\u0131n\u0131n, diplomatik hey\u0259tinin \u00fczvl\u0259rinin v\u0259 onlarla birlikd\u0259 ya\u015fayan ail\u0259 \u00fczvl\u0259rinin \u015f\u0259xsi baqajlar\u0131 g\u00f6mr\u00fck bax\u0131\u015f\u0131ndan azadd\u0131r.<\/p>\n<\/div>\n<div><\/div>\n<div><\/div>\n<div class=\"inner-social-box\">\n<div class=\"subs-in-social subs-whatsapp\"><\/div>\n<\/div>\n","protected":false},"excerpt":{"rendered":"<p>Birinci vitse-prezident v\u0259 vitse-prezidentl\u0259rin baqajlar\u0131 g\u00f6mr\u00fckd\u0259 yoxlan\u0131lmayacaq. Bu, Milli M\u0259clisin \u0130qtisadi siyas\u0259t, s\u0259naye v\u0259 sahibkarl\u0131q komit\u0259sinin bu g\u00fcn ke\u00e7iril\u0259n iclas\u0131nda m\u00fczakir\u0259y\u0259 \u00e7\u0131xar\u0131lan G\u00f6mr\u00fck M\u0259c\u0259ll\u0259sin\u0259 t\u0259klif olunan d\u0259yi\u015fiklikd\u0259 \u00f6z \u0259ksini tap\u0131b. Layih\u0259y\u0259 \u0259sas\u0259n, xidm\u0259ti v\u0259zif\u0259l\u0259rinin icras\u0131 il\u0259 \u0259laq\u0259dar g\u00f6mr\u00fck s\u0259rh\u0259dind\u0259n ke\u00e7\u0259n Az\u0259rbaycan\u0131n Birinci vitse-prezidentinin v\u0259 vitse-prezidentl\u0259rinin, Ba\u015f nazirinin, onun m\u00fcavinl\u0259rinin, m\u00fcvafiq icra hakimiyy\u0259ti orqanlar\u0131n\u0131n r\u0259hb\u0259rl\u0259rinin, Milli M\u0259clis deputatlar\u0131n\u0131n v\u0259 \u0130nsan h\u00fcquqlar\u0131 \u00fczr\u0259 m\u00fcv\u0259kkilinin (Ombudsman) \u015f\u0259xsi baqajlar\u0131 g\u00f6mr\u00fck yoxlamas\u0131ndan azadd\u0131r. H\u0259m\u00e7inin xarici d\u00f6vl\u0259tl\u0259rin diplomatik n\u00fcmay\u0259nd\u0259likl\u0259rinin ba\u015f\u00e7\u0131lar\u0131n\u0131n, diplomatik hey\u0259tinin \u00fczvl\u0259rinin v\u0259 onlarla birlikd\u0259 ya\u015fayan ail\u0259 \u00fczvl\u0259rinin \u015f\u0259xsi baqajlar\u0131 g\u00f6mr\u00fck bax\u0131\u015f\u0131ndan azadd\u0131r.<\/p>\n","protected":false},"author":2,"featured_media":850233,"comment_status":"closed","ping_status":"closed","sticky":false,"template":"","format":"standard","meta":{"om_disable_all_campaigns":false,"_monsterinsights_skip_tracking":false,"_monsterinsights_sitenote_active":false,"_monsterinsights_sitenote_note":"","_monsterinsights_sitenote_category":0},"categories":[1],"tags":[],"aioseo_notices":[],"gutentor_comment":0,"rttpg_featured_image_url":{"full":["https:\/\/arantv.az\/wp-content\/uploads\/2026\/04\/58ec06da3a35c7f93f607eae8cb56b8b.jpg",637,400,false],"landscape":["https:\/\/arantv.az\/wp-content\/uploads\/2026\/04\/58ec06da3a35c7f93f607eae8cb56b8b.jpg",637,400,false],"portraits":["https:\/\/arantv.az\/wp-content\/uploads\/2026\/04\/58ec06da3a35c7f93f607eae8cb56b8b.jpg",637,400,false],"thumbnail":["https:\/\/arantv.az\/wp-content\/uploads\/2026\/04\/58ec06da3a35c7f93f607eae8cb56b8b-500x280.jpg",500,280,true],"medium":["https:\/\/arantv.az\/wp-content\/uploads\/2026\/04\/58ec06da3a35c7f93f607eae8cb56b8b-581x365.jpg",581,365,true],"large":["https:\/\/arantv.az\/wp-content\/uploads\/2026\/04\/58ec06da3a35c7f93f607eae8cb56b8b.jpg",637,400,false],"1536x1536":["https:\/\/arantv.az\/wp-content\/uploads\/2026\/04\/58ec06da3a35c7f93f607eae8cb56b8b.jpg",637,400,false],"2048x2048":["https:\/\/arantv.az\/wp-content\/uploads\/2026\/04\/58ec06da3a35c7f93f607eae8cb56b8b.jpg",637,400,false],"post-thumbnail":["https:\/\/arantv.az\/wp-content\/uploads\/2026\/04\/58ec06da3a35c7f93f607eae8cb56b8b-240x172.jpg",240,172,true],"advps-thumb-one":["https:\/\/arantv.az\/wp-content\/uploads\/2026\/04\/58ec06da3a35c7f93f607eae8cb56b8b.jpg",637,400,false]},"rttpg_author":{"display_name":"V\u00fcsal Rafiqo\u011flu","author_link":"https:\/\/arantv.az\/?author=2"},"rttpg_comment":0,"rttpg_category":"<a href=\"https:\/\/arantv.az\/?cat=1\" rel=\"category\">C\u0259miyy\u0259t<\/a>","rttpg_excerpt":"Birinci vitse-prezident v\u0259 vitse-prezidentl\u0259rin baqajlar\u0131 g\u00f6mr\u00fckd\u0259 yoxlan\u0131lmayacaq. Bu, Milli M\u0259clisin \u0130qtisadi siyas\u0259t, s\u0259naye v\u0259 sahibkarl\u0131q komit\u0259sinin bu g\u00fcn ke\u00e7iril\u0259n iclas\u0131nda m\u00fczakir\u0259y\u0259 \u00e7\u0131xar\u0131lan G\u00f6mr\u00fck M\u0259c\u0259ll\u0259sin\u0259 t\u0259klif olunan d\u0259yi\u015fiklikd\u0259 \u00f6z \u0259ksini tap\u0131b. Layih\u0259y\u0259 \u0259sas\u0259n, xidm\u0259ti v\u0259zif\u0259l\u0259rinin icras\u0131 il\u0259 \u0259laq\u0259dar g\u00f6mr\u00fck s\u0259rh\u0259dind\u0259n ke\u00e7\u0259n Az\u0259rbaycan\u0131n Birinci vitse-prezidentinin v\u0259 vitse-prezidentl\u0259rinin, Ba\u015f nazirinin, onun m\u00fcavinl\u0259rinin, m\u00fcvafiq icra hakimiyy\u0259ti orqanlar\u0131n\u0131n r\u0259hb\u0259rl\u0259rinin, Milli&hellip;","_links":{"self":[{"href":"https:\/\/arantv.az\/index.php?rest_route=\/wp\/v2\/posts\/850232"}],"collection":[{"href":"https:\/\/arantv.az\/index.php?rest_route=\/wp\/v2\/posts"}],"about":[{"href":"https:\/\/arantv.az\/index.php?rest_route=\/wp\/v2\/types\/post"}],"author":[{"embeddable":true,"href":"https:\/\/arantv.az\/index.php?rest_route=\/wp\/v2\/users\/2"}],"replies":[{"embeddable":true,"href":"https:\/\/arantv.az\/index.php?rest_route=%2Fwp%2Fv2%2Fcomments&post=850232"}],"version-history":[{"count":1,"href":"https:\/\/arantv.az\/index.php?rest_route=\/wp\/v2\/posts\/850232\/revisions"}],"predecessor-version":[{"id":850234,"href":"https:\/\/arantv.az\/index.php?rest_route=\/wp\/v2\/posts\/850232\/revisions\/850234"}],"wp:featuredmedia":[{"embeddable":true,"href":"https:\/\/arantv.az\/index.php?rest_route=\/wp\/v2\/media\/850233"}],"wp:attachment":[{"href":"https:\/\/arantv.az\/index.php?rest_route=%2Fwp%2Fv2%2Fmedia&parent=850232"}],"wp:term":[{"taxonomy":"category","embeddable":true,"href":"https:\/\/arantv.az\/index.php?rest_route=%2Fwp%2Fv2%2Fcategories&post=850232"},{"taxonomy":"post_tag","embeddable":true,"href":"https:\/\/arantv.az\/index.php?rest_route=%2Fwp%2Fv2%2Ftags&post=850232"}],"curies":[{"name":"wp","href":"https:\/\/api.w.org\/{rel}","templated":true}]}}