{"id":850248,"date":"2026-04-29T18:45:57","date_gmt":"2026-04-29T14:45:57","guid":{"rendered":"https:\/\/arantv.az\/?p=850248"},"modified":"2026-04-29T18:45:57","modified_gmt":"2026-04-29T14:45:57","slug":"sel-v%c9%99-dasqin-riskl%c9%99rin%c9%99-qarsi-mudafi%c9%99-sistemi-gucl%c9%99ndirilir-prezidentd%c9%99n-%c9%99halinin-t%c9%99hluk%c9%99sizliyin%c9%99-yon%c9%99lmis-muhum-s%c9%99r%c9%99ncam","status":"publish","type":"post","link":"https:\/\/arantv.az\/?p=850248","title":{"rendered":"Sel v\u0259 da\u015fq\u0131n riskl\u0259rin\u0259 qar\u015f\u0131 m\u00fcdafi\u0259 sistemi g\u00fccl\u0259ndirilir &#8211; Prezidentd\u0259n \u0259halinin t\u0259hl\u00fck\u0259sizliyin\u0259 y\u00f6n\u0259lmi\u015f m\u00fch\u00fcm S\u0259r\u0259ncam"},"content":{"rendered":"<p><em><strong>Qlobal iqlim b\u00f6hran\u0131: Sel v\u0259 da\u015fq\u0131nlara qar\u015f\u0131 qabaqlay\u0131c\u0131 t\u0259dbirl\u0259r g\u00f6r\u00fcl\u00fcr<\/strong><\/em><\/p>\n<p>Cari ild\u0259 d\u00fcnyan\u0131 b\u00fcr\u00fcy\u0259n v\u0259 Az\u0259rbaycandan da yan ke\u00e7m\u0259y\u0259n t\u0259bii f\u0259lak\u0259tl\u0259r n\u0259inki ekologiyaya, iqtisadiyyata, n\u0259tic\u0259 etibaril\u0259 insanlara ciddi ziyan vurur. X\u00fcsusil\u0259 d\u0259 yaz aylar\u0131nda ya\u011fan g\u00fccl\u00fc leysan ya\u011f\u0131\u015flar\u0131, sel v\u0259 da\u015fq\u0131nlar \u00f6lk\u0259mizin \u015f\u0259h\u0259r v\u0259 rayonlar\u0131nda ciddi f\u0259sadlara yol a\u00e7\u0131r. Son iki ayda ya\u011fan intensiv ya\u011f\u0131\u015flar s\u0259b\u0259bind\u0259n artan sel sular\u0131 k\u00fc\u00e7\u0259l\u0259ri, h\u0259y\u0259tyan\u0131 sah\u0259l\u0259ri, ictimai ia\u015f\u0259 obyektl\u0259rini \u00f6rt\u0259r\u0259k, k\u00fc\u00e7\u0259l\u0259ri ke\u00e7ilm\u0259z edib, t\u0259s\u0259rr\u00fcfatlara ziyan d\u0259yib. Aidiyy\u0259ti d\u00f6vl\u0259t qurumlar\u0131 t\u0259r\u0259find\u0259n m\u00f6vcud v\u0259ziyy\u0259tin t\u0259hlili apar\u0131laraq, operativ v\u0259 t\u0259xir\u0259sal\u0131nmaz t\u0259dbirl\u0259r n\u0259tic\u0259sind\u0259 f\u0259sadlar\u0131n aradan qald\u0131r\u0131lmas\u0131 istiqam\u0259tind\u0259 \u0259m\u0259li i\u015fl\u0259r g\u00f6r\u00fcl\u00fcb, su basm\u0131\u015f \u0259razil\u0259rd\u0259n sular\u0131n \u00e7\u0259kilm\u0259si, sel v\u0259 da\u015fq\u0131n sular\u0131n\u0131n mane\u0259siz \u00f6t\u00fcr\u00fclm\u0259si, \u0259halinin t\u0259xliy\u0259si v\u0259 t\u0259hl\u00fck\u0259sizliyi t\u0259min edilib, infrastrukturun b\u0259rpas\u0131 v\u0259 t\u0259mir-tikinti i\u015fl\u0259ri h\u0259yata ke\u00e7irilib. Bak\u0131da v\u0259 Ab\u015feron yar\u0131madas\u0131nda \u00f6t\u0259n ay\u0131n m\u0259lumat\u0131na \u0259sas\u0259n ya\u011f\u0131nt\u0131n\u0131n miqdar\u0131 133 mm-\u0259 \u00e7at\u0131b ki, bu da ayl\u0131q norman\u0131n 564 faizini (v\u0259 ya 5 faizind\u0259n \u00e7oxunu) t\u0259\u015fkil edir. Mart\u0131n sonlar\u0131nda \u00fcmumilikd\u0259 143 mm ya\u011f\u0131nt\u0131 qeyd\u0259 al\u0131n\u0131b, bu da rekord g\u00f6st\u0259ricinin (1988-ci ild\u0259ki 83 mm-in) \u0259h\u0259miyy\u0259tli d\u0259r\u0259c\u0259d\u0259 y\u00fcks\u0259k olmas\u0131 dem\u0259kdir.<\/p>\n<p>\u0130lk bax\u0131\u015fdan bu q\u0259d\u0259r bol ya\u011f\u0131\u015f su ehtiyatlar\u0131n\u0131n artmas\u0131 kimi q\u0259bul olunsa da, m\u00fct\u0259x\u0259ssisl\u0259r tam \u0259ks m\u0259nz\u0259r\u0259nin formala\u015fa bil\u0259c\u0259yi bar\u0259d\u0259 x\u0259b\u0259rdarl\u0131q edirl\u0259r. Onlar\u0131n fikrinc\u0259, bu c\u00fcr normadan art\u0131q v\u0259 q\u0131sa m\u00fcdd\u0259td\u0259 ya\u011fan intensiv ya\u011f\u0131\u015flar iqlim d\u0259yi\u015fiklikl\u0259rinin \u0259n t\u0259hl\u00fck\u0259li t\u0259zah\u00fcrl\u0259rind\u0259n biridir. \u00c7\u00fcnki problem yaln\u0131z ya\u011f\u0131nt\u0131n\u0131n \u00e7oxlu\u011funda deyil, onun qeyri\u2011b\u0259rab\u0259r v\u0259 idar\u0259olunmaz \u015f\u0259kild\u0259 paylanmas\u0131ndad\u0131r. Onu da bildir\u0259k ki, bu tendensiya yaln\u0131z \u00f6lk\u0259miz \u00fc\u00e7\u00fcn xarakterik deyil, d\u00fcnyan\u0131n bir \u00e7ox iri \u015f\u0259h\u0259rl\u0259rind\u0259 d\u0259 intensiv v\u0259 q\u0131sam\u00fcdd\u0259tli ya\u011f\u0131\u015flar\u0131n yaratd\u0131\u011f\u0131 probleml\u0259r a\u00e7\u0131q \u015f\u0259kild\u0259 m\u00fc\u015fahid\u0259 olunur. H\u0259tta suya h\u0259sr\u0259t qalan \u018fr\u0259bistan yar\u0131madas\u0131 son zamanlar \u0259sl f\u0259lak\u0259t ya\u015fay\u0131r. Bu is\u0259 onu g\u00f6st\u0259rir ki, problem lokal deyil, regional v\u0259 qlobal xarakter da\u015f\u0131y\u0131r.<\/p>\n<p>Prezident \u0130lham \u018fliyev yanvar\u0131n 12-d\u0259 \u201cBak\u0131 \u015f\u0259h\u0259ri v\u0259 Ab\u015feron yar\u0131madas\u0131nda su t\u0259chizat\u0131, tullant\u0131 v\u0259 ya\u011f\u0131\u015f sular\u0131 sisteml\u0259rinin t\u0259kmill\u0259\u015fdirilm\u0259sin\u0259 dair 2026-2035-ci ill\u0259r \u00fczr\u0259 D\u00f6vl\u0259t Proqram\u0131\u201dna h\u0259sr olunan m\u00fc\u015favir\u0259d\u0259ki nitqind\u0259 leysan ya\u011f\u0131\u015flar\u0131 ya\u011fan kimi \u015f\u0259h\u0259r n\u0259qliyyat\u0131n\u0131n iflic v\u0259ziyy\u0259tin\u0259 d\u00fc\u015fd\u00fcy\u00fcn\u00fc, \u00e7ox ciddi probleml\u0259r ya\u015fand\u0131\u011f\u0131n\u0131 narahatl\u0131qla xat\u0131rlad\u0131b: \u201cD\u00fczd\u00fcr, bu, t\u0259kc\u0259 Bak\u0131da, Az\u0259rbaycanda deyil. Biz televiziya verili\u015fl\u0259rind\u0259 d\u00fcnyan\u0131n ist\u0259nil\u0259n yerind\u0259 bunu g\u00f6r\u00fcr\u00fck. H\u0259tta \u0259n inki\u015faf etmi\u015f h\u0259r \u00f6lk\u0259nin \u015f\u0259h\u0259rl\u0259rind\u0259 d\u0259 da\u015fq\u0131nlar adi hal al\u0131b. He\u00e7 bir \u015f\u0259h\u0259rin infrastrukturu imkan vermir ki, \u0259g\u0259r \u015fidd\u0259tli leysan ya\u011f\u0131\u015flar\u0131 bir ne\u00e7\u0259 g\u00fcn davam ets\u0259, bunu idar\u0259 etm\u0259k m\u00fcmk\u00fcn olsun. Ancaq buna baxmayaraq, bizim d\u0259 bu sah\u0259d\u0259 z\u0259if yerl\u0259rimiz kifay\u0259t q\u0259d\u0259r \u00e7oxdur. Ona g\u00f6r\u0259 ya\u011f\u0131\u015f sular\u0131n\u0131n idar\u0259 olunmas\u0131 \u00fc\u00e7\u00fcn Bak\u0131n\u0131n 30 k\u00fc\u00e7\u0259sind\u0259 yeni kollektor \u015f\u0259b\u0259k\u0259si d\u0259 qurulacaq v\u0259 bunun \u00e7ox b\u00f6y\u00fck faydas\u0131 olacaq\u201d.<\/p>\n<p>Prezidentin S\u0259r\u0259ncam\u0131 il\u0259 onlardan 7-d\u0259 art\u0131q i\u015fl\u0259r\u0259 ba\u015flan\u0131l\u0131b. \u00dcmumilikd\u0259 is\u0259 346 kilometr uzunlu\u011funda magistral kollektor \u015f\u0259b\u0259k\u0259sinin in\u015fas\u0131 planla\u015fd\u0131r\u0131l\u0131b. Birinci m\u0259rh\u0259l\u0259d\u0259 \u0259sas kollektorlar\u0131n 2027-ci ilin sonuna q\u0259d\u0259r tamamlanmas\u0131, ikinci m\u0259rh\u0259l\u0259d\u0259 is\u0259 Ab\u015feronun \u015f\u0259rq hiss\u0259sind\u0259 yerl\u0259\u015f\u0259n ya\u015fay\u0131\u015f m\u0259nt\u0259q\u0259l\u0259rinin bu sisteml\u0259r\u0259 qo\u015fulmas\u0131 n\u0259z\u0259rd\u0259 tutulub.<\/p>\n<p>Qeyd olunmal\u0131d\u0131r ki, ekstremal hava hadis\u0259l\u0259ri il\u0259 ba\u011fl\u0131 \u0259vv\u0259lc\u0259d\u0259n d\u0259qiq proqnozlar verils\u0259 bel\u0259, geni\u015f miqyasda intensiv ya\u011f\u0131\u015flara tam haz\u0131r olmaq praktiki olaraq m\u00fcmk\u00fcn deyil. Buna baxmayaraq, Bak\u0131da aidiyy\u0259ti qurumlar g\u00fccl\u0259ndirilmi\u015f rejimd\u0259 f\u0259aliyy\u0259t g\u00f6st\u0259rir v\u0259 g\u00fccl\u00fc ya\u011f\u0131\u015flar n\u0259tic\u0259sind\u0259 yaranan f\u0259sadlar\u0131n minimuma endirilm\u0259si \u00fc\u00e7\u00fcn operativ t\u0259dbirl\u0259r g\u00f6r\u00fcl\u00fcr. Prezident \u0130lham \u018fliyevin 28 aprel 2026-c\u0131 il tarixli \u201cSel v\u0259 da\u015fq\u0131nlar\u0131n t\u0259hl\u00fck\u0259li v\u0259 z\u0259r\u0259rli t\u0259sirl\u0259rin\u0259 qar\u015f\u0131 m\u00fcbariz\u0259 il\u0259 ba\u011fl\u0131 \u0259lav\u0259 t\u0259dbirl\u0259r haqq\u0131nda\u201d S\u0259r\u0259ncam\u0131 d\u00f6vl\u0259t ba\u015f\u00e7\u0131s\u0131n\u0131n h\u0259r bir v\u0259t\u0259nda\u015f\u0131n problemin\u0259 n\u0259 q\u0259d\u0259r h\u0259ssas v\u0259 operativ yana\u015fd\u0131\u011f\u0131n\u0131 g\u00f6st\u0259rir. S\u0259r\u0259ncama \u0259sas\u0259n, Bak\u0131 \u015f\u0259h\u0259rind\u0259 v\u0259 Az\u0259rbaycan\u0131n m\u00fcxt\u0259lif b\u00f6lg\u0259l\u0259rind\u0259 g\u00fccl\u00fc leysan ya\u011f\u0131\u015flar\u0131 v\u0259 yaranan sel sular\u0131 n\u0259tic\u0259sind\u0259 d\u0259ymi\u015f z\u0259r\u0259rin f\u0259sadlar\u0131n\u0131n aradan qald\u0131r\u0131lmas\u0131 istiqam\u0259tind\u0259 g\u00f6r\u00fcl\u0259n i\u015fl\u0259rin davaml\u0131l\u0131\u011f\u0131n\u0131n t\u0259min edilm\u0259si, habel\u0259 g\u0259l\u0259c\u0259kd\u0259 analoji hallar\u0131n t\u0259krarlanmamas\u0131 \u00fc\u00e7\u00fcn Az\u0259rbaycan Respublikas\u0131n\u0131n 2026-c\u0131 il d\u00f6vl\u0259t b\u00fcdc\u0259sind\u0259 n\u0259z\u0259rd\u0259 tutulmu\u015f Az\u0259rbaycan Respublikas\u0131 Prezidentinin ehtiyat fondundan bu S\u0259r\u0259ncama \u018flav\u0259d\u0259 n\u0259z\u0259rd\u0259 tutulan t\u0259dbirl\u0259rin h\u0259yata ke\u00e7irilm\u0259si \u00fc\u00e7\u00fcn \u00fcmumilikd\u0259 85 milyon 869 min 260 manat, o c\u00fcml\u0259d\u0259n Az\u0259rbaycan Respublikas\u0131n\u0131n F\u00f6vq\u0259lad\u0259 Hallar Nazirliyin\u0259 8 milyon 876 min 210 manat, Bak\u0131 \u015e\u0259h\u0259r \u0130cra Hakimiyy\u0259tin\u0259 1 milyon 437 min 315 manat, Az\u0259rbaycan D\u00f6vl\u0259t Su Ehtiyatlar\u0131 Agentliyin\u0259 21 milyon 443 min 875 manat, Az\u0259rbaycan Avtomobil Yollar\u0131 D\u00f6vl\u0259t Agentliyin\u0259 39 milyon 103 min 600 manat v\u0259 \u201cAz\u0259ri\u015f\u0131q\u201d A\u00e7\u0131q S\u0259hmdar C\u0259miyy\u0259tin\u0259 15 milyon 8 min 260 manat v\u0259sait ayr\u0131l\u0131b.<\/p>\n<p>T\u0259cr\u00fcb\u0259 g\u00f6st\u0259rir ki, sel v\u0259 da\u015fq\u0131nlar\u0131n vurdu\u011fu z\u0259r\u0259rin n\u0259tic\u0259l\u0259rinin aradan qald\u0131r\u0131lmas\u0131 \u00fc\u00e7\u00fcn s\u0259rf olunan v\u0259saitin miqdar\u0131 onun qar\u015f\u0131s\u0131n\u0131n \u0259vv\u0259lc\u0259d\u0259n al\u0131nmas\u0131 \u00fc\u00e7\u00fcn g\u00f6r\u00fcl\u0259c\u0259k t\u0259dbirl\u0259r\u0259 laz\u0131m olan v\u0259saitd\u0259n d\u0259f\u0259l\u0259rl\u0259 \u00e7ox olur. Bu s\u0259b\u0259bd\u0259n d\u0259 S\u0259r\u0259ncam \u00e7\u0259r\u00e7iv\u0259sind\u0259 ayr\u0131lan v\u0259sait yaln\u0131z cari f\u0259sadlar\u0131n aradan qald\u0131r\u0131lmas\u0131na xidm\u0259t etmir. Burada daha uzaqg\u00f6r\u0259n strateji plan m\u00f6vcuddur. \u0130qlim d\u0259yi\u015fikliyinin yaratd\u0131\u011f\u0131 yeni \u00e7a\u011f\u0131r\u0131\u015flar\u0131 n\u0259z\u0259r\u0259 alaraq, g\u0259l\u0259c\u0259kd\u0259 analoji hallar\u0131n t\u0259krarlanmamas\u0131 \u00fc\u00e7\u00fcn ciddi t\u0259dbirl\u0259r g\u00f6r\u00fcl\u00fcr &#8211; \u00e7ay m\u0259cralar\u0131n\u0131n sahill\u0259rind\u0259 m\u00fcasir m\u00fch\u0259ndis h\u0259ll\u0259ri il\u0259 m\u00f6hk\u0259m b\u0259ndl\u0259rin qurulmas\u0131; ya\u011f\u0131\u015f v\u0259 sel sular\u0131n\u0131n ya\u015fay\u0131\u015f m\u0259nt\u0259q\u0259l\u0259rin\u0259 daxil olmadan k\u0259narla\u015fd\u0131r\u0131lmas\u0131 \u00fc\u00e7\u00fcn \u015f\u0259b\u0259k\u0259l\u0259rin yenid\u0259n qurulmas\u0131; t\u0259hl\u00fck\u0259li \u0259razil\u0259rd\u0259 erk\u0259n x\u0259b\u0259rdarl\u0131q sisteml\u0259rinin t\u0259kmill\u0259\u015fdirilm\u0259si. Bu yana\u015fma \u00f6lk\u0259mizin ekoloji v\u0259 infrastruktur dayan\u0131ql\u0131l\u0131\u011f\u0131n\u0131 daha da art\u0131racaq.<\/p>\n<p><em><strong>Sevinc Azadi, \u201c\u0130ki sahil\u201d<\/strong><\/em><\/p>\n","protected":false},"excerpt":{"rendered":"<p>Qlobal iqlim b\u00f6hran\u0131: Sel v\u0259 da\u015fq\u0131nlara qar\u015f\u0131 qabaqlay\u0131c\u0131 t\u0259dbirl\u0259r g\u00f6r\u00fcl\u00fcr Cari ild\u0259 d\u00fcnyan\u0131 b\u00fcr\u00fcy\u0259n v\u0259 Az\u0259rbaycandan da yan ke\u00e7m\u0259y\u0259n t\u0259bii f\u0259lak\u0259tl\u0259r n\u0259inki ekologiyaya, iqtisadiyyata, n\u0259tic\u0259 etibaril\u0259 insanlara ciddi ziyan vurur. X\u00fcsusil\u0259 d\u0259 yaz aylar\u0131nda ya\u011fan g\u00fccl\u00fc leysan ya\u011f\u0131\u015flar\u0131, sel v\u0259 da\u015fq\u0131nlar \u00f6lk\u0259mizin \u015f\u0259h\u0259r v\u0259 rayonlar\u0131nda ciddi f\u0259sadlara yol a\u00e7\u0131r. Son iki ayda ya\u011fan intensiv ya\u011f\u0131\u015flar s\u0259b\u0259bind\u0259n artan sel sular\u0131 k\u00fc\u00e7\u0259l\u0259ri, h\u0259y\u0259tyan\u0131 sah\u0259l\u0259ri, ictimai ia\u015f\u0259 obyektl\u0259rini \u00f6rt\u0259r\u0259k, k\u00fc\u00e7\u0259l\u0259ri ke\u00e7ilm\u0259z edib, t\u0259s\u0259rr\u00fcfatlara ziyan d\u0259yib. Aidiyy\u0259ti d\u00f6vl\u0259t qurumlar\u0131 t\u0259r\u0259find\u0259n m\u00f6vcud v\u0259ziyy\u0259tin t\u0259hlili apar\u0131laraq, operativ v\u0259 t\u0259xir\u0259sal\u0131nmaz t\u0259dbirl\u0259r n\u0259tic\u0259sind\u0259 f\u0259sadlar\u0131n aradan qald\u0131r\u0131lmas\u0131 istiqam\u0259tind\u0259 \u0259m\u0259li&hellip;<\/p>\n","protected":false},"author":2,"featured_media":850249,"comment_status":"closed","ping_status":"closed","sticky":false,"template":"","format":"standard","meta":{"om_disable_all_campaigns":false,"_monsterinsights_skip_tracking":false,"_monsterinsights_sitenote_active":false,"_monsterinsights_sitenote_note":"","_monsterinsights_sitenote_category":0},"categories":[1],"tags":[],"aioseo_notices":[],"gutentor_comment":0,"rttpg_featured_image_url":{"full":["https:\/\/arantv.az\/wp-content\/uploads\/2026\/04\/ebbdfea2174832885851506879111043771.jpg",975,540,false],"landscape":["https:\/\/arantv.az\/wp-content\/uploads\/2026\/04\/ebbdfea2174832885851506879111043771.jpg",975,540,false],"portraits":["https:\/\/arantv.az\/wp-content\/uploads\/2026\/04\/ebbdfea2174832885851506879111043771.jpg",975,540,false],"thumbnail":["https:\/\/arantv.az\/wp-content\/uploads\/2026\/04\/ebbdfea2174832885851506879111043771-500x280.jpg",500,280,true],"medium":["https:\/\/arantv.az\/wp-content\/uploads\/2026\/04\/ebbdfea2174832885851506879111043771-660x365.jpg",660,365,true],"large":["https:\/\/arantv.az\/wp-content\/uploads\/2026\/04\/ebbdfea2174832885851506879111043771-840x465.jpg",640,354,true],"1536x1536":["https:\/\/arantv.az\/wp-content\/uploads\/2026\/04\/ebbdfea2174832885851506879111043771.jpg",975,540,false],"2048x2048":["https:\/\/arantv.az\/wp-content\/uploads\/2026\/04\/ebbdfea2174832885851506879111043771.jpg",975,540,false],"post-thumbnail":["https:\/\/arantv.az\/wp-content\/uploads\/2026\/04\/ebbdfea2174832885851506879111043771-240x172.jpg",240,172,true],"advps-thumb-one":["https:\/\/arantv.az\/wp-content\/uploads\/2026\/04\/ebbdfea2174832885851506879111043771.jpg",975,540,false]},"rttpg_author":{"display_name":"V\u00fcsal Rafiqo\u011flu","author_link":"https:\/\/arantv.az\/?author=2"},"rttpg_comment":0,"rttpg_category":"<a href=\"https:\/\/arantv.az\/?cat=1\" rel=\"category\">C\u0259miyy\u0259t<\/a>","rttpg_excerpt":"Qlobal iqlim b\u00f6hran\u0131: Sel v\u0259 da\u015fq\u0131nlara qar\u015f\u0131 qabaqlay\u0131c\u0131 t\u0259dbirl\u0259r g\u00f6r\u00fcl\u00fcr Cari ild\u0259 d\u00fcnyan\u0131 b\u00fcr\u00fcy\u0259n v\u0259 Az\u0259rbaycandan da yan ke\u00e7m\u0259y\u0259n t\u0259bii f\u0259lak\u0259tl\u0259r n\u0259inki ekologiyaya, iqtisadiyyata, n\u0259tic\u0259 etibaril\u0259 insanlara ciddi ziyan vurur. X\u00fcsusil\u0259 d\u0259 yaz aylar\u0131nda ya\u011fan g\u00fccl\u00fc leysan ya\u011f\u0131\u015flar\u0131, sel v\u0259 da\u015fq\u0131nlar \u00f6lk\u0259mizin \u015f\u0259h\u0259r v\u0259 rayonlar\u0131nda ciddi f\u0259sadlara yol a\u00e7\u0131r. Son iki ayda ya\u011fan intensiv ya\u011f\u0131\u015flar&hellip;","_links":{"self":[{"href":"https:\/\/arantv.az\/index.php?rest_route=\/wp\/v2\/posts\/850248"}],"collection":[{"href":"https:\/\/arantv.az\/index.php?rest_route=\/wp\/v2\/posts"}],"about":[{"href":"https:\/\/arantv.az\/index.php?rest_route=\/wp\/v2\/types\/post"}],"author":[{"embeddable":true,"href":"https:\/\/arantv.az\/index.php?rest_route=\/wp\/v2\/users\/2"}],"replies":[{"embeddable":true,"href":"https:\/\/arantv.az\/index.php?rest_route=%2Fwp%2Fv2%2Fcomments&post=850248"}],"version-history":[{"count":2,"href":"https:\/\/arantv.az\/index.php?rest_route=\/wp\/v2\/posts\/850248\/revisions"}],"predecessor-version":[{"id":850252,"href":"https:\/\/arantv.az\/index.php?rest_route=\/wp\/v2\/posts\/850248\/revisions\/850252"}],"wp:featuredmedia":[{"embeddable":true,"href":"https:\/\/arantv.az\/index.php?rest_route=\/wp\/v2\/media\/850249"}],"wp:attachment":[{"href":"https:\/\/arantv.az\/index.php?rest_route=%2Fwp%2Fv2%2Fmedia&parent=850248"}],"wp:term":[{"taxonomy":"category","embeddable":true,"href":"https:\/\/arantv.az\/index.php?rest_route=%2Fwp%2Fv2%2Fcategories&post=850248"},{"taxonomy":"post_tag","embeddable":true,"href":"https:\/\/arantv.az\/index.php?rest_route=%2Fwp%2Fv2%2Ftags&post=850248"}],"curies":[{"name":"wp","href":"https:\/\/api.w.org\/{rel}","templated":true}]}}