{"id":850259,"date":"2026-04-29T20:36:28","date_gmt":"2026-04-29T16:36:28","guid":{"rendered":"https:\/\/arantv.az\/?p=850259"},"modified":"2026-04-29T20:36:28","modified_gmt":"2026-04-29T16:36:28","slug":"t%c9%99til-d%c9%99yisikliyi-hansi-m%c9%99kt%c9%99bl%c9%99r%c9%99-samil-olunacaq-valideynl%c9%99rin-sualina-r%c9%99smi-cavab","status":"publish","type":"post","link":"https:\/\/arantv.az\/?p=850259","title":{"rendered":"T\u0259til d\u0259yi\u015fikliyi hans\u0131 m\u0259kt\u0259bl\u0259r\u0259 \u015famil olunacaq?- Valideynl\u0259rin sual\u0131na R\u018fSM\u0130 CAVAB"},"content":{"rendered":"<p><strong>Elm v\u0259 t\u0259hsil naziri Emin \u018fmrullayev Birl\u0259\u015fmi\u015f Mill\u0259tl\u0259r T\u0259\u015fkilat\u0131n\u0131n \u00dcmumd\u00fcnya \u015e\u0259h\u0259rsalma Forumunun On \u00fc\u00e7\u00fcnc\u00fc sessiyas\u0131n\u0131n (WUF13) Bak\u0131 \u015f\u0259h\u0259rind\u0259 ke\u00e7iril\u0259c\u0259yi d\u00f6vrd\u0259 t\u0259hsil m\u00fc\u0259ssis\u0259l\u0259rinin f\u0259aliyy\u0259tinin t\u0259nziml\u0259nm\u0259si il\u0259 ba\u011fl\u0131 \u0259mr imzalay\u0131b.<\/strong><\/p>\n<p>M\u00fcsavat.com x\u0259b\u0259r verir ki, \u0259mr\u0259 \u0259sas\u0259n, forumun ke\u00e7iril\u0259c\u0259yi 17-22 may tarixl\u0259rind\u0259 Bak\u0131 \u015f\u0259h\u0259rind\u0259 f\u0259aliyy\u0259t g\u00f6st\u0259r\u0259n t\u0259hsil m\u00fc\u0259ssis\u0259l\u0259rind\u0259 (m\u0259kt\u0259b\u0259q\u0259d\u0259r v\u0259 internat tipli \u00fcmumi t\u0259hsil m\u00fc\u0259ssis\u0259l\u0259ri istisna olmaqla) t\u0259dris prosesind\u0259 d\u0259yi\u015fiklikl\u0259r edil\u0259c\u0259k.<\/p>\n<p>Bel\u0259 ki, \u00fcmumi t\u0259hsil m\u00fc\u0259ssis\u0259l\u0259rinin m\u0259kt\u0259b\u0259haz\u0131rl\u0131q qruplar\u0131 v\u0259 ibtidai sinifl\u0259rind\u0259 1-5 may tarixl\u0259rin\u0259 n\u0259z\u0259rd\u0259 tutulan t\u0259til may\u0131n 18-d\u0259n 22-d\u0259k ke\u00e7iril\u0259c\u0259k.<\/p>\n<p>Bundan ba\u015fqa, Pirallah\u0131, Qarada\u011f, Suraxan\u0131, Sabun\u00e7u v\u0259 Nizami rayonlar\u0131 istisna olmaqla, Bak\u0131 \u015f\u0259h\u0259rinin dig\u0259r rayonlar\u0131nda yerl\u0259\u015f\u0259n \u00fcmumi t\u0259hsil m\u00fc\u0259ssis\u0259l\u0259rinin V-XI sinifl\u0259rind\u0259 d\u0259rsl\u0259r may\u0131n 18-d\u0259n 22-d\u0259k distant formada t\u0259\u015fkil olunacaq.<\/p>\n<p>H\u0259m\u00e7inin, Bak\u0131 \u015f\u0259h\u0259rind\u0259 yerl\u0259\u015f\u0259n pe\u015f\u0259, orta ixtisas v\u0259 ali t\u0259hsil m\u00fc\u0259ssis\u0259l\u0259rind\u0259 d\u0259 h\u0259min tarixl\u0259rd\u0259 t\u0259dris m\u0259saf\u0259d\u0259n h\u0259yata ke\u00e7iril\u0259c\u0259k.<\/p>\n<p>M\u00f6vzu il\u0259 ba\u011fl\u0131 M\u00fcsavat.com-a Bak\u0131n\u0131n \u0259traf q\u0259s\u0259b\u0259l\u0259rind\u0259n, el\u0259c\u0259 d\u0259 Ab\u015feron rayonu v\u0259 dig\u0259r yax\u0131n \u0259razil\u0259rd\u0259n \u00e7oxsayl\u0131 m\u00fcraci\u0259tl\u0259r daxil olub. Valideynl\u0259r t\u0259til g\u00fcnl\u0259rinin d\u0259yi\u015fdirilm\u0259si v\u0259 distant t\u0259hsil q\u0259rar\u0131n\u0131n h\u0259min \u0259razil\u0259rd\u0259 yerl\u0259\u015f\u0259n m\u0259kt\u0259bl\u0259r\u0259 d\u0259 \u015famil edilib-edilm\u0259y\u0259c\u0259yi il\u0259 maraqlan\u0131rlar.<\/p>\n<p>M\u0259s\u0259l\u0259 il\u0259 ba\u011fl\u0131 Elm v\u0259 T\u0259hsil Nazirliyind\u0259n M\u00fcsavat.com-a veril\u0259n m\u0259luamata g\u00f6r\u0259, q\u0259bul olunan q\u0259rar yaln\u0131z Bak\u0131 \u015f\u0259h\u0259rind\u0259 f\u0259aliyy\u0259t g\u00f6st\u0259r\u0259n t\u0259hsil m\u00fc\u0259ssis\u0259l\u0259rin\u0259 aiddir. Ab\u015feron rayonu, X\u0131rdalan \u015f\u0259h\u0259ri v\u0259 paytaxt\u0259traf\u0131 dig\u0259r ya\u015fay\u0131\u015f m\u0259nt\u0259q\u0259l\u0259rind\u0259 yerl\u0259\u015f\u0259n m\u0259kt\u0259bl\u0259rd\u0259 t\u0259dris prosesi adi qaydada davam etdiril\u0259c\u0259k.<\/p>\n<p><strong>Afaq Mirayiq,<\/strong><br \/>\n<strong>Musavat.com<\/strong><\/p>\n","protected":false},"excerpt":{"rendered":"<p>Elm v\u0259 t\u0259hsil naziri Emin \u018fmrullayev Birl\u0259\u015fmi\u015f Mill\u0259tl\u0259r T\u0259\u015fkilat\u0131n\u0131n \u00dcmumd\u00fcnya \u015e\u0259h\u0259rsalma Forumunun On \u00fc\u00e7\u00fcnc\u00fc sessiyas\u0131n\u0131n (WUF13) Bak\u0131 \u015f\u0259h\u0259rind\u0259 ke\u00e7iril\u0259c\u0259yi d\u00f6vrd\u0259 t\u0259hsil m\u00fc\u0259ssis\u0259l\u0259rinin f\u0259aliyy\u0259tinin t\u0259nziml\u0259nm\u0259si il\u0259 ba\u011fl\u0131 \u0259mr imzalay\u0131b. M\u00fcsavat.com x\u0259b\u0259r verir ki, \u0259mr\u0259 \u0259sas\u0259n, forumun ke\u00e7iril\u0259c\u0259yi 17-22 may tarixl\u0259rind\u0259 Bak\u0131 \u015f\u0259h\u0259rind\u0259 f\u0259aliyy\u0259t g\u00f6st\u0259r\u0259n t\u0259hsil m\u00fc\u0259ssis\u0259l\u0259rind\u0259 (m\u0259kt\u0259b\u0259q\u0259d\u0259r v\u0259 internat tipli \u00fcmumi t\u0259hsil m\u00fc\u0259ssis\u0259l\u0259ri istisna olmaqla) t\u0259dris prosesind\u0259 d\u0259yi\u015fiklikl\u0259r edil\u0259c\u0259k. Bel\u0259 ki, \u00fcmumi t\u0259hsil m\u00fc\u0259ssis\u0259l\u0259rinin m\u0259kt\u0259b\u0259haz\u0131rl\u0131q qruplar\u0131 v\u0259 ibtidai sinifl\u0259rind\u0259 1-5 may tarixl\u0259rin\u0259 n\u0259z\u0259rd\u0259 tutulan t\u0259til may\u0131n 18-d\u0259n 22-d\u0259k ke\u00e7iril\u0259c\u0259k. Bundan ba\u015fqa, Pirallah\u0131, Qarada\u011f, Suraxan\u0131, Sabun\u00e7u v\u0259 Nizami rayonlar\u0131 istisna olmaqla, Bak\u0131&hellip;<\/p>\n","protected":false},"author":2,"featured_media":850260,"comment_status":"closed","ping_status":"closed","sticky":false,"template":"","format":"standard","meta":{"om_disable_all_campaigns":false,"_monsterinsights_skip_tracking":false,"_monsterinsights_sitenote_active":false,"_monsterinsights_sitenote_note":"","_monsterinsights_sitenote_category":0},"categories":[1],"tags":[],"aioseo_notices":[],"gutentor_comment":0,"rttpg_featured_image_url":{"full":["https:\/\/arantv.az\/wp-content\/uploads\/2026\/04\/2ed00062b6d7dd5bb69f9b4bdc58119b.jpg",870,500,false],"landscape":["https:\/\/arantv.az\/wp-content\/uploads\/2026\/04\/2ed00062b6d7dd5bb69f9b4bdc58119b.jpg",870,500,false],"portraits":["https:\/\/arantv.az\/wp-content\/uploads\/2026\/04\/2ed00062b6d7dd5bb69f9b4bdc58119b.jpg",870,500,false],"thumbnail":["https:\/\/arantv.az\/wp-content\/uploads\/2026\/04\/2ed00062b6d7dd5bb69f9b4bdc58119b-500x280.jpg",500,280,true],"medium":["https:\/\/arantv.az\/wp-content\/uploads\/2026\/04\/2ed00062b6d7dd5bb69f9b4bdc58119b-635x365.jpg",635,365,true],"large":["https:\/\/arantv.az\/wp-content\/uploads\/2026\/04\/2ed00062b6d7dd5bb69f9b4bdc58119b-840x483.jpg",640,368,true],"1536x1536":["https:\/\/arantv.az\/wp-content\/uploads\/2026\/04\/2ed00062b6d7dd5bb69f9b4bdc58119b.jpg",870,500,false],"2048x2048":["https:\/\/arantv.az\/wp-content\/uploads\/2026\/04\/2ed00062b6d7dd5bb69f9b4bdc58119b.jpg",870,500,false],"post-thumbnail":["https:\/\/arantv.az\/wp-content\/uploads\/2026\/04\/2ed00062b6d7dd5bb69f9b4bdc58119b-240x172.jpg",240,172,true],"advps-thumb-one":["https:\/\/arantv.az\/wp-content\/uploads\/2026\/04\/2ed00062b6d7dd5bb69f9b4bdc58119b.jpg",870,500,false]},"rttpg_author":{"display_name":"V\u00fcsal Rafiqo\u011flu","author_link":"https:\/\/arantv.az\/?author=2"},"rttpg_comment":0,"rttpg_category":"<a href=\"https:\/\/arantv.az\/?cat=1\" rel=\"category\">C\u0259miyy\u0259t<\/a>","rttpg_excerpt":"Elm v\u0259 t\u0259hsil naziri Emin \u018fmrullayev Birl\u0259\u015fmi\u015f Mill\u0259tl\u0259r T\u0259\u015fkilat\u0131n\u0131n \u00dcmumd\u00fcnya \u015e\u0259h\u0259rsalma Forumunun On \u00fc\u00e7\u00fcnc\u00fc sessiyas\u0131n\u0131n (WUF13) Bak\u0131 \u015f\u0259h\u0259rind\u0259 ke\u00e7iril\u0259c\u0259yi d\u00f6vrd\u0259 t\u0259hsil m\u00fc\u0259ssis\u0259l\u0259rinin f\u0259aliyy\u0259tinin t\u0259nziml\u0259nm\u0259si il\u0259 ba\u011fl\u0131 \u0259mr imzalay\u0131b. M\u00fcsavat.com x\u0259b\u0259r verir ki, \u0259mr\u0259 \u0259sas\u0259n, forumun ke\u00e7iril\u0259c\u0259yi 17-22 may tarixl\u0259rind\u0259 Bak\u0131 \u015f\u0259h\u0259rind\u0259 f\u0259aliyy\u0259t g\u00f6st\u0259r\u0259n t\u0259hsil m\u00fc\u0259ssis\u0259l\u0259rind\u0259 (m\u0259kt\u0259b\u0259q\u0259d\u0259r v\u0259 internat tipli \u00fcmumi t\u0259hsil m\u00fc\u0259ssis\u0259l\u0259ri istisna olmaqla) t\u0259dris&hellip;","_links":{"self":[{"href":"https:\/\/arantv.az\/index.php?rest_route=\/wp\/v2\/posts\/850259"}],"collection":[{"href":"https:\/\/arantv.az\/index.php?rest_route=\/wp\/v2\/posts"}],"about":[{"href":"https:\/\/arantv.az\/index.php?rest_route=\/wp\/v2\/types\/post"}],"author":[{"embeddable":true,"href":"https:\/\/arantv.az\/index.php?rest_route=\/wp\/v2\/users\/2"}],"replies":[{"embeddable":true,"href":"https:\/\/arantv.az\/index.php?rest_route=%2Fwp%2Fv2%2Fcomments&post=850259"}],"version-history":[{"count":1,"href":"https:\/\/arantv.az\/index.php?rest_route=\/wp\/v2\/posts\/850259\/revisions"}],"predecessor-version":[{"id":850261,"href":"https:\/\/arantv.az\/index.php?rest_route=\/wp\/v2\/posts\/850259\/revisions\/850261"}],"wp:featuredmedia":[{"embeddable":true,"href":"https:\/\/arantv.az\/index.php?rest_route=\/wp\/v2\/media\/850260"}],"wp:attachment":[{"href":"https:\/\/arantv.az\/index.php?rest_route=%2Fwp%2Fv2%2Fmedia&parent=850259"}],"wp:term":[{"taxonomy":"category","embeddable":true,"href":"https:\/\/arantv.az\/index.php?rest_route=%2Fwp%2Fv2%2Fcategories&post=850259"},{"taxonomy":"post_tag","embeddable":true,"href":"https:\/\/arantv.az\/index.php?rest_route=%2Fwp%2Fv2%2Ftags&post=850259"}],"curies":[{"name":"wp","href":"https:\/\/api.w.org\/{rel}","templated":true}]}}