{"id":850262,"date":"2026-04-29T20:37:31","date_gmt":"2026-04-29T16:37:31","guid":{"rendered":"https:\/\/arantv.az\/?p=850262"},"modified":"2026-04-29T20:37:31","modified_gmt":"2026-04-29T16:37:31","slug":"gulus-h%c9%99d%c9%99fi-edil%c9%99n-usaqlar-n%c9%99n%c9%99s-kimy%c9%99-cunaqiz-adlarini-kim-v%c9%99-niy%c9%99-secir","status":"publish","type":"post","link":"https:\/\/arantv.az\/?p=850262","title":{"rendered":"G\u00fcl\u00fc\u015f h\u0259d\u0259fi ED\u0130L\u018fN u\u015faqlar: N\u0259n\u0259\u015f, Kimy\u0259, Cunaq\u0131z adlar\u0131n\u0131 kim v\u0259 N\u0130Y\u018f se\u00e7ir?"},"content":{"rendered":"<p>Cari ilin ilk 3 ay\u0131 \u0259rzind\u0259 \u018fdliyy\u0259 Nazirliyinin qeydiyyat \u015f\u00f6b\u0259l\u0259ri t\u0259r\u0259find\u0259n 261 n\u0259f\u0259rin ad\u0131n\u0131n d\u0259yi\u015fdirilm\u0259si haqq\u0131nda akt qeydi t\u0259rtib olunub. Bu bar\u0259d\u0259 Modern.az-\u0131n sor\u011fusuna cavab olaraq \u018fdliyy\u0259 Nazirliyind\u0259n m\u0259lumat verilib. Bildirilib ki, onlardan bir hiss\u0259si yaln\u0131z ad\u0131n\u0131, qalanlar is\u0259 ad\u0131n\u0131 v\u0259 soyad\u0131n\u0131, el\u0259c\u0259 d\u0259 ad\u0131n\u0131, soyad\u0131n\u0131 v\u0259 ata ad\u0131n\u0131 birlikd\u0259 d\u0259yi\u015fdirib.<\/p>\n<p>Qeyd edilib ki, ad\u0131n d\u0259yi\u015fdirilm\u0259si s\u0259b\u0259bl\u0259ri daha \u00e7ox ad\u0131n pis s\u0259sl\u0259nm\u0259si, \u00e7\u0259tin t\u0259l\u0259ff\u00fcz olunmas\u0131 v\u0259 dig\u0259r s\u0259b\u0259bl\u0259rl\u0259 ba\u011fl\u0131d\u0131r. Nazirlikd\u0259n veril\u0259n m\u0259lumata g\u00f6r\u0259, Qanvoy, Ul\u00e7in, Rad\u0259, Mamed, N\u0259n\u0259\u015f, Kimy\u0259, Cunaq\u0131z kimi adlar v\u0259t\u0259nda\u015flar\u0131n arzusu \u0259sas\u0131nda d\u0259yi\u015fdirilib.<\/p>\n<p>B\u0259s niy\u0259 b\u0259zi valideynl\u0259r h\u0259l\u0259 d\u0259 u\u015faqlar\u0131na g\u0259l\u0259c\u0259kd\u0259 problem yarada bil\u0259c\u0259k adlar qoyurlar? Bu c\u00fcr adlar\u0131n se\u00e7ilm\u0259si daha \u00e7ox savads\u0131zl\u0131qdan, yoxsa \u0259n\u0259n\u0259vi d\u00fc\u015f\u00fcnc\u0259d\u0259n qaynaqlan\u0131r? D\u00f6vl\u0259t bu m\u0259s\u0259l\u0259d\u0259 n\u0259zar\u0259ti art\u0131rmal\u0131d\u0131rm\u0131, yoxsa bu tamamil\u0259 valideyn se\u00e7imi olaraq qalmal\u0131d\u0131r?<\/p>\n<p><img src=\"https:\/\/demokrat.az\/cdn\/uploadedfiles\/custom\/2023\/5\/31\/1\/25e0103c-96b9-4b62-b51a-3993a421b7ec\/azer-hesret.jpg\" \/><\/p>\n<p><strong>M\u00f6vzu il\u0259 ba\u011fl\u0131 siyasi \u015f\u0259rh\u00e7i Az\u0259r H\u0259sr\u0259t Musavat.com-a dan\u0131\u015f\u0131b.<\/strong>\u00a0O, qeyd edib ki, bu m\u0259s\u0259l\u0259d\u0259 ilk \u00f6nc\u0259 adlar\u0131n millil\u0259\u015fdirilm\u0259si olduqca vacibdir: \u201c\u00c7\u00fcnki bir mill\u0259t h\u0259m d\u0259 \u00f6z ad\u0131 il\u0259 tan\u0131n\u0131r. Y\u0259ni ad v\u0259 soyad mill\u0259tin bir n\u00f6v pasportudur. Biz haradasa \u00e7\u0131x\u0131\u015f ed\u0259nd\u0259 v\u0259 yaxud \u0259cn\u0259bi il\u0259 \u00fcnsiyy\u0259td\u0259 olanda ilk olaraq ad\u0131m\u0131z\u0131, b\u0259z\u0259n d\u0259 soyad\u0131m\u0131z\u0131 deyirik. T\u0259bii ki, bu da qar\u015f\u0131 t\u0259r\u0259fd\u0259 bizim haqq\u0131m\u0131zda ilkin t\u0259s\u0259vv\u00fcr yarad\u0131r.<\/p>\n<p>T\u0259\u0259ss\u00fcfl\u0259r olsun ki, Az\u0259rbaycan y\u00fczill\u0259rdir t\u00fcrk toplumu olsa da, \u0259cn\u0259bi adlar\u0131n t\u0259siri alt\u0131ndad\u0131r. H\u0259tta bu t\u0259sir min ild\u0259n \u00e7oxdur davam edir. \u0130lk m\u0259rh\u0259l\u0259d\u0259 bu, fars adlar\u0131 il\u0259 ba\u011fl\u0131 olub. Tarixi d\u00f6vrl\u0259rd\u0259 farslar\u0131n bu \u0259razil\u0259rd\u0259n ke\u00e7m\u0259si, t\u00fcrkl\u0259rl\u0259 birlikd\u0259 ya\u015famas\u0131 v\u0259 ya eyni d\u00f6vl\u0259tin t\u0259rkibind\u0259 olmas\u0131 n\u0259tic\u0259sind\u0259 bizd\u0259 fars adlar\u0131 k\u00f6k salma\u011fa ba\u015flay\u0131b. \u0130kinci m\u0259rh\u0259l\u0259d\u0259 is\u0259, konkret olaraq VII \u0259srd\u0259n etibar\u0259n \u0259r\u0259b adlar\u0131 \u00fcst\u00fcnl\u00fck t\u0259\u015fkil etm\u0259y\u0259 ba\u015flay\u0131b. Bu g\u00fcn Az\u0259rbaycandak\u0131 \u015f\u0259xsi adlar\u0131n b\u00f6y\u00fck \u0259ks\u0259riyy\u0259ti \u0259r\u0259b m\u0259n\u015f\u0259lidir. Halbuki biz t\u00fcrk toplumuyuq v\u0259 adlar\u0131m\u0131z da t\u00fcrk olmal\u0131d\u0131r. Amma bu g\u00fcn u\u015fa\u011fa t\u00fcrk ad\u0131 qoyanlara b\u0259z\u0259n q\u0259rib\u0259 bax\u0131l\u0131r. C\u0259miyy\u0259t\u0259 \u00e7\u0131xanda g\u00f6r\u00fcr\u00fck ki, M\u0259h\u0259mm\u0259d, Abdullah, H\u00fcseyn, H\u0259s\u0259n, Osman kimi adlar daha \u00e7ox e\u015fidilir v\u0259 diqq\u0259t \u00e7\u0259kir. Halbuki bu adlar\u0131n he\u00e7 biri t\u00fcrk m\u0259n\u015f\u0259li deyil v\u0259 onlar\u0131n dominantl\u0131\u011f\u0131 a\u00e7\u0131q \u015f\u0259kild\u0259 hiss olunur.<\/p>\n<p>Bundan ba\u015fqa, son iki y\u00fcz ild\u0259 rus v\u0259 \u00fcmumilikd\u0259 Q\u0259rb adlar\u0131 da c\u0259miyy\u0259timiz\u0259 daxil olub v\u0259 kifay\u0259t q\u0259d\u0259r yay\u0131l\u0131b. H\u0259tta bu g\u00fcn bel\u0259, Raul kimi bizim milli kimliyimiz\u0259 yad olan adlar\u0131 u\u015faqlar\u0131na ver\u0259n valideynl\u0259r var. Eyni zamanda, dil\u0259 yatmayan, s\u0259sl\u0259ni\u015fi a\u011f\u0131r olan v\u0259 da\u015f\u0131yan insan\u0131 \u00e7\u0259tin v\u0259ziyy\u0259t\u0259 salan adlar da m\u00f6vcuddur. Burada \u0259sas sual ortaya \u00e7\u0131x\u0131r: bu q\u0259d\u0259r ad se\u00e7imi imkan\u0131 oldu\u011fu halda, niy\u0259 b\u0259zi valideynl\u0259r \u00f6vladlar\u0131na bel\u0259 q\u0259rib\u0259 v\u0259 uy\u011fun olmayan adlar qoyurlar?\u201d<\/p>\n<p>Az\u0259rt H\u0259sr\u0259tin fikrinc\u0259, art\u0131q Az\u0259rbaycan c\u0259miyy\u0259ti t\u0259kc\u0259 bu c\u00fcr qeyri-adi adlardan deyil, eyni zamanda \u0259r\u0259b, fars, rus v\u0259 dig\u0259r yad m\u0259n\u015f\u0259li adlardan da t\u0259dric\u0259n imtina etm\u0259lidir: \u201c\u018fn b\u00f6y\u00fck probleml\u0259rd\u0259n biri is\u0259 rus soyad sonluqlar\u0131n\u0131n \u2013 \u201c-ov\u201d, \u201c-yev\u201d formalar\u0131n\u0131n h\u0259l\u0259 d\u0259 geni\u015f \u015f\u0259kild\u0259 qorunub saxlan\u0131lmas\u0131d\u0131r. Bu m\u0259s\u0259l\u0259d\u0259 art\u0131q d\u00f6vl\u0259t daha ciddi add\u0131mlar atmal\u0131d\u0131r. Konkret olaraq, yeni do\u011fulan u\u015faqlara bu c\u00fcr soyad sonluqlar\u0131n\u0131n verilm\u0259si m\u0259hdudla\u015fd\u0131r\u0131lmal\u0131d\u0131r.<\/p>\n<p>Bununla yana\u015f\u0131, 18 ya\u015f\u0131na \u00e7atmam\u0131\u015f \u015f\u0259xsl\u0259rin soyadlar\u0131n\u0131n k\u00fctl\u0259vi \u015f\u0259kild\u0259 d\u0259yi\u015fdirilm\u0259si \u00fc\u00e7\u00fcn x\u00fcsusi proqramlar h\u0259yata ke\u00e7iril\u0259 bil\u0259r. Bu m\u0259qs\u0259dl\u0259 x\u00fcsusi masalar, s\u0259yyar xidm\u0259t avtobuslar\u0131 t\u0259\u015fkil olunmal\u0131, h\u0259tta b\u00f6y\u00fck m\u0259h\u0259ll\u0259l\u0259rd\u0259 v\u0259 universitetl\u0259rd\u0259 m\u00fcraci\u0259t n\u00f6qt\u0259l\u0259ri yarad\u0131lmal\u0131d\u0131r ki, g\u0259ncl\u0259r rahat \u015f\u0259kild\u0259 \u00f6z soyadlar\u0131n\u0131 d\u0259yi\u015f\u0259 bilsinl\u0259r. Y\u0259ni milli k\u00f6k\u0259 qay\u0131d\u0131\u015f vacibdir, bu, art\u0131q z\u0259rur\u0259t\u0259 \u00e7evrilib. Diqq\u0259ti yaln\u0131z q\u0259rib\u0259 v\u0259 u\u011fursuz adlara y\u00f6n\u0259ltm\u0259kl\u0259 problemi h\u0259ll etmi\u015f say\u0131lm\u0131r\u0131q. \u00dcmumilikd\u0259 yana\u015fma d\u0259yi\u015fm\u0259lidir. Az\u0259rbaycan bir t\u00fcrk toplumudur v\u0259 bu toplumda yad m\u0259n\u015f\u0259li ad v\u0259 soyadlar\u0131n \u00fcst\u00fcnl\u00fck t\u0259\u015fkil etm\u0259si normal hal kimi q\u0259bul olunmamal\u0131d\u0131r\u201d.<\/p>\n<p>Xalid\u0259 G\u0259ray,<br \/>\nMusavat.com<\/p>\n","protected":false},"excerpt":{"rendered":"<p>Cari ilin ilk 3 ay\u0131 \u0259rzind\u0259 \u018fdliyy\u0259 Nazirliyinin qeydiyyat \u015f\u00f6b\u0259l\u0259ri t\u0259r\u0259find\u0259n 261 n\u0259f\u0259rin ad\u0131n\u0131n d\u0259yi\u015fdirilm\u0259si haqq\u0131nda akt qeydi t\u0259rtib olunub. Bu bar\u0259d\u0259 Modern.az-\u0131n sor\u011fusuna cavab olaraq \u018fdliyy\u0259 Nazirliyind\u0259n m\u0259lumat verilib. Bildirilib ki, onlardan bir hiss\u0259si yaln\u0131z ad\u0131n\u0131, qalanlar is\u0259 ad\u0131n\u0131 v\u0259 soyad\u0131n\u0131, el\u0259c\u0259 d\u0259 ad\u0131n\u0131, soyad\u0131n\u0131 v\u0259 ata ad\u0131n\u0131 birlikd\u0259 d\u0259yi\u015fdirib. Qeyd edilib ki, ad\u0131n d\u0259yi\u015fdirilm\u0259si s\u0259b\u0259bl\u0259ri daha \u00e7ox ad\u0131n pis s\u0259sl\u0259nm\u0259si, \u00e7\u0259tin t\u0259l\u0259ff\u00fcz olunmas\u0131 v\u0259 dig\u0259r s\u0259b\u0259bl\u0259rl\u0259 ba\u011fl\u0131d\u0131r. Nazirlikd\u0259n veril\u0259n m\u0259lumata g\u00f6r\u0259, Qanvoy, Ul\u00e7in, Rad\u0259, Mamed, N\u0259n\u0259\u015f, Kimy\u0259, Cunaq\u0131z kimi adlar v\u0259t\u0259nda\u015flar\u0131n arzusu \u0259sas\u0131nda d\u0259yi\u015fdirilib. B\u0259s niy\u0259 b\u0259zi valideynl\u0259r&hellip;<\/p>\n","protected":false},"author":2,"featured_media":850263,"comment_status":"closed","ping_status":"closed","sticky":false,"template":"","format":"standard","meta":{"om_disable_all_campaigns":false,"_monsterinsights_skip_tracking":false,"_monsterinsights_sitenote_active":false,"_monsterinsights_sitenote_note":"","_monsterinsights_sitenote_category":0},"categories":[19],"tags":[],"aioseo_notices":[],"gutentor_comment":0,"rttpg_featured_image_url":{"full":["https:\/\/arantv.az\/wp-content\/uploads\/2026\/04\/310edb4114bb3cf0fb6601f6171e9fc5.jpg",850,500,false],"landscape":["https:\/\/arantv.az\/wp-content\/uploads\/2026\/04\/310edb4114bb3cf0fb6601f6171e9fc5.jpg",850,500,false],"portraits":["https:\/\/arantv.az\/wp-content\/uploads\/2026\/04\/310edb4114bb3cf0fb6601f6171e9fc5.jpg",850,500,false],"thumbnail":["https:\/\/arantv.az\/wp-content\/uploads\/2026\/04\/310edb4114bb3cf0fb6601f6171e9fc5-500x280.jpg",500,280,true],"medium":["https:\/\/arantv.az\/wp-content\/uploads\/2026\/04\/310edb4114bb3cf0fb6601f6171e9fc5-621x365.jpg",621,365,true],"large":["https:\/\/arantv.az\/wp-content\/uploads\/2026\/04\/310edb4114bb3cf0fb6601f6171e9fc5-840x494.jpg",640,376,true],"1536x1536":["https:\/\/arantv.az\/wp-content\/uploads\/2026\/04\/310edb4114bb3cf0fb6601f6171e9fc5.jpg",850,500,false],"2048x2048":["https:\/\/arantv.az\/wp-content\/uploads\/2026\/04\/310edb4114bb3cf0fb6601f6171e9fc5.jpg",850,500,false],"post-thumbnail":["https:\/\/arantv.az\/wp-content\/uploads\/2026\/04\/310edb4114bb3cf0fb6601f6171e9fc5-240x172.jpg",240,172,true],"advps-thumb-one":["https:\/\/arantv.az\/wp-content\/uploads\/2026\/04\/310edb4114bb3cf0fb6601f6171e9fc5.jpg",850,500,false]},"rttpg_author":{"display_name":"V\u00fcsal Rafiqo\u011flu","author_link":"https:\/\/arantv.az\/?author=2"},"rttpg_comment":0,"rttpg_category":"<a href=\"https:\/\/arantv.az\/?cat=19\" rel=\"category\">G\u00fcnd\u0259m<\/a>","rttpg_excerpt":"Cari ilin ilk 3 ay\u0131 \u0259rzind\u0259 \u018fdliyy\u0259 Nazirliyinin qeydiyyat \u015f\u00f6b\u0259l\u0259ri t\u0259r\u0259find\u0259n 261 n\u0259f\u0259rin ad\u0131n\u0131n d\u0259yi\u015fdirilm\u0259si haqq\u0131nda akt qeydi t\u0259rtib olunub. Bu bar\u0259d\u0259 Modern.az-\u0131n sor\u011fusuna cavab olaraq \u018fdliyy\u0259 Nazirliyind\u0259n m\u0259lumat verilib. Bildirilib ki, onlardan bir hiss\u0259si yaln\u0131z ad\u0131n\u0131, qalanlar is\u0259 ad\u0131n\u0131 v\u0259 soyad\u0131n\u0131, el\u0259c\u0259 d\u0259 ad\u0131n\u0131, soyad\u0131n\u0131 v\u0259 ata ad\u0131n\u0131 birlikd\u0259 d\u0259yi\u015fdirib. Qeyd edilib ki, ad\u0131n&hellip;","_links":{"self":[{"href":"https:\/\/arantv.az\/index.php?rest_route=\/wp\/v2\/posts\/850262"}],"collection":[{"href":"https:\/\/arantv.az\/index.php?rest_route=\/wp\/v2\/posts"}],"about":[{"href":"https:\/\/arantv.az\/index.php?rest_route=\/wp\/v2\/types\/post"}],"author":[{"embeddable":true,"href":"https:\/\/arantv.az\/index.php?rest_route=\/wp\/v2\/users\/2"}],"replies":[{"embeddable":true,"href":"https:\/\/arantv.az\/index.php?rest_route=%2Fwp%2Fv2%2Fcomments&post=850262"}],"version-history":[{"count":1,"href":"https:\/\/arantv.az\/index.php?rest_route=\/wp\/v2\/posts\/850262\/revisions"}],"predecessor-version":[{"id":850264,"href":"https:\/\/arantv.az\/index.php?rest_route=\/wp\/v2\/posts\/850262\/revisions\/850264"}],"wp:featuredmedia":[{"embeddable":true,"href":"https:\/\/arantv.az\/index.php?rest_route=\/wp\/v2\/media\/850263"}],"wp:attachment":[{"href":"https:\/\/arantv.az\/index.php?rest_route=%2Fwp%2Fv2%2Fmedia&parent=850262"}],"wp:term":[{"taxonomy":"category","embeddable":true,"href":"https:\/\/arantv.az\/index.php?rest_route=%2Fwp%2Fv2%2Fcategories&post=850262"},{"taxonomy":"post_tag","embeddable":true,"href":"https:\/\/arantv.az\/index.php?rest_route=%2Fwp%2Fv2%2Ftags&post=850262"}],"curies":[{"name":"wp","href":"https:\/\/api.w.org\/{rel}","templated":true}]}}