{"id":850271,"date":"2026-04-29T20:40:00","date_gmt":"2026-04-29T16:40:00","guid":{"rendered":"https:\/\/arantv.az\/?p=850271"},"modified":"2026-04-29T20:40:00","modified_gmt":"2026-04-29T16:40:00","slug":"fhn-akademiyasinda-novb%c9%99ti-praktiki-maarifl%c9%99ndirici-t%c9%99dbir-kecirilib","status":"publish","type":"post","link":"https:\/\/arantv.az\/?p=850271","title":{"rendered":"FHN Akademiyas\u0131nda n\u00f6vb\u0259ti praktiki-maarifl\u0259ndirici t\u0259dbir ke\u00e7irilib"},"content":{"rendered":"<p>F\u00f6vq\u0259lad\u0259 Hallar Nazirliyinin Akademiyas\u0131nda Regional m\u0259rk\u0259zl\u0259rl\u0259 i\u015fin t\u0259\u015fkili, layih\u0259l\u0259rin idar\u0259 edilm\u0259si v\u0259 t\u0259hsil m\u0259s\u0259l\u0259l\u0259ri \u00fczr\u0259 Ba\u015f idar\u0259nin t\u0259\u015fkilat\u00e7\u0131l\u0131\u011f\u0131 il\u0259 n\u00f6vb\u0259ti praktiki-maarifl\u0259ndirici t\u0259dbir ke\u00e7irilib.<\/p>\n<p><strong>\u201c\u0130ki sahil\u201d x\u0259b\u0259r verir ki,<\/strong>\u00a0t\u0259dbird\u0259 Akademiyan\u0131n r\u0259isi general-mayor Baba Salayev, FHN S\u0259nayed\u0259 \u0130\u015fl\u0259rin T\u0259hl\u00fck\u0259siz G\u00f6r\u00fclm\u0259si v\u0259 Da\u011f-M\u0259d\u0259n N\u0259zar\u0259ti D\u00f6vl\u0259t Agentliyinin r\u0259isi V\u00fcsal A\u011fayev, Regional m\u0259rk\u0259zl\u0259rl\u0259 i\u015fin t\u0259\u015fkili, layih\u0259l\u0259rin idar\u0259 edilm\u0259si v\u0259 t\u0259hsil m\u0259s\u0259l\u0259l\u0259ri \u00fczr\u0259 Ba\u015f idar\u0259sinin idar\u0259 r\u0259isi Azadi Quliyev, Ba\u015f idar\u0259nin \u0259m\u0259kda\u015flar\u0131 v\u0259 kursantlar i\u015ftirak edibl\u0259r.<\/p>\n<p>T\u0259dbiri giri\u015f s\u00f6z\u00fc il\u0259 a\u00e7an Akademiyan\u0131n r\u0259isi Baba Salayev \u00e7\u0131x\u0131\u015f\u0131nda bu c\u00fcr t\u0259dbirl\u0259rin kursantlar\u0131n h\u0259rt\u0259r\u0259fli haz\u0131rl\u0131\u011f\u0131nda m\u00fch\u00fcm rol oynad\u0131\u011f\u0131n\u0131, m\u00fcasir d\u00f6vrd\u0259 f\u00f6vq\u0259lad\u0259 hallara qar\u015f\u0131 m\u00fcbariz\u0259d\u0259 pe\u015f\u0259kar, y\u00fcks\u0259k bilik v\u0259 bacar\u0131qlara malik kadrlar\u0131n haz\u0131rlanmas\u0131nda x\u00fcsusi \u0259h\u0259miyy\u0259t da\u015f\u0131d\u0131\u011f\u0131n\u0131 bildirib. Akademiya r\u0259isi qeyd edib ki, F\u00f6vq\u0259lad\u0259 Hallar Nazirliyi S\u0259nayed\u0259 \u0130\u015fl\u0259rin T\u0259hl\u00fck\u0259siz G\u00f6r\u00fclm\u0259si v\u0259 Da\u011f-M\u0259d\u0259n N\u0259zar\u0259ti D\u00f6vl\u0259t Agentliyinin f\u0259aliyy\u0259ti il\u0259 yax\u0131ndan tan\u0131\u015fl\u0131q kursantlar\u0131n g\u0259l\u0259c\u0259k xidm\u0259t istiqam\u0259tl\u0259rini daha d\u00fczg\u00fcn m\u00fc\u0259yy\u0259nl\u0259\u015fdirm\u0259l\u0259rin\u0259 v\u0259 pe\u015f\u0259kar bilikl\u0259rinin art\u0131r\u0131lmas\u0131na m\u00fch\u00fcm t\u00f6hf\u0259 verir.<\/p>\n<p>G\u00f6r\u00fc\u015fd\u0259 \u00e7\u0131x\u0131\u015f ed\u0259n S\u0259nayed\u0259 \u0130\u015fl\u0259rin T\u0259hl\u00fck\u0259siz G\u00f6r\u00fclm\u0259si v\u0259 Da\u011f-M\u0259d\u0259n N\u0259zar\u0259ti D\u00f6vl\u0259t Agentliyinin r\u0259isi V\u00fcsal A\u011fayev s\u0259nayed\u0259 t\u0259hl\u00fck\u0259sizlik qaydalar\u0131n\u0131n t\u0259min olunmas\u0131, istehsalat sah\u0259l\u0259rind\u0259 n\u0259zar\u0259t mexanizml\u0259ri, da\u011f-m\u0259d\u0259n s\u0259nayesind\u0259 t\u0259hl\u00fck\u0259sizlik t\u0259dbirl\u0259ri v\u0259 bu sah\u0259d\u0259 h\u0259yata ke\u00e7iril\u0259n f\u0259aliyy\u0259t istiqam\u0259tl\u0259ri bar\u0259d\u0259 \u0259trafl\u0131 m\u0259lumat verib. O, h\u0259m\u00e7inin s\u0259naye t\u0259hl\u00fck\u0259sizliyinin t\u0259min edilm\u0259sind\u0259 pe\u015f\u0259kar kadr haz\u0131rl\u0131\u011f\u0131n\u0131n vacibliyini vur\u011fulayaraq, f\u00f6vq\u0259lad\u0259 hallar\u0131n qar\u015f\u0131s\u0131n\u0131n al\u0131nmas\u0131 istiqam\u0259tind\u0259 g\u00f6r\u00fcl\u0259n i\u015fl\u0259rd\u0259n v\u0259 \u0259ld\u0259 olunan n\u0259tic\u0259l\u0259rd\u0259n b\u0259hs edib.<\/p>\n<p>\u0130nteraktiv formatda ke\u00e7iril\u0259n t\u0259dbir zaman\u0131 kursantlar f\u0259all\u0131q n\u00fcmayi\u015f etdirib, onlar\u0131 maraqland\u0131ran suallar \u0259trafl\u0131 cavabland\u0131r\u0131l\u0131b.<\/p>\n","protected":false},"excerpt":{"rendered":"<p>F\u00f6vq\u0259lad\u0259 Hallar Nazirliyinin Akademiyas\u0131nda Regional m\u0259rk\u0259zl\u0259rl\u0259 i\u015fin t\u0259\u015fkili, layih\u0259l\u0259rin idar\u0259 edilm\u0259si v\u0259 t\u0259hsil m\u0259s\u0259l\u0259l\u0259ri \u00fczr\u0259 Ba\u015f idar\u0259nin t\u0259\u015fkilat\u00e7\u0131l\u0131\u011f\u0131 il\u0259 n\u00f6vb\u0259ti praktiki-maarifl\u0259ndirici t\u0259dbir ke\u00e7irilib. \u201c\u0130ki sahil\u201d x\u0259b\u0259r verir ki,\u00a0t\u0259dbird\u0259 Akademiyan\u0131n r\u0259isi general-mayor Baba Salayev, FHN S\u0259nayed\u0259 \u0130\u015fl\u0259rin T\u0259hl\u00fck\u0259siz G\u00f6r\u00fclm\u0259si v\u0259 Da\u011f-M\u0259d\u0259n N\u0259zar\u0259ti D\u00f6vl\u0259t Agentliyinin r\u0259isi V\u00fcsal A\u011fayev, Regional m\u0259rk\u0259zl\u0259rl\u0259 i\u015fin t\u0259\u015fkili, layih\u0259l\u0259rin idar\u0259 edilm\u0259si v\u0259 t\u0259hsil m\u0259s\u0259l\u0259l\u0259ri \u00fczr\u0259 Ba\u015f idar\u0259sinin idar\u0259 r\u0259isi Azadi Quliyev, Ba\u015f idar\u0259nin \u0259m\u0259kda\u015flar\u0131 v\u0259 kursantlar i\u015ftirak edibl\u0259r. T\u0259dbiri giri\u015f s\u00f6z\u00fc il\u0259 a\u00e7an Akademiyan\u0131n r\u0259isi Baba Salayev \u00e7\u0131x\u0131\u015f\u0131nda bu c\u00fcr t\u0259dbirl\u0259rin kursantlar\u0131n h\u0259rt\u0259r\u0259fli haz\u0131rl\u0131\u011f\u0131nda m\u00fch\u00fcm rol oynad\u0131\u011f\u0131n\u0131, m\u00fcasir&hellip;<\/p>\n","protected":false},"author":2,"featured_media":850272,"comment_status":"closed","ping_status":"closed","sticky":false,"template":"","format":"standard","meta":{"om_disable_all_campaigns":false,"_monsterinsights_skip_tracking":false,"_monsterinsights_sitenote_active":false,"_monsterinsights_sitenote_note":"","_monsterinsights_sitenote_category":0},"categories":[1],"tags":[],"aioseo_notices":[],"gutentor_comment":0,"rttpg_featured_image_url":{"full":["https:\/\/arantv.az\/wp-content\/uploads\/2026\/04\/a891af9b177747937214688445210335213.jpg",975,540,false],"landscape":["https:\/\/arantv.az\/wp-content\/uploads\/2026\/04\/a891af9b177747937214688445210335213.jpg",975,540,false],"portraits":["https:\/\/arantv.az\/wp-content\/uploads\/2026\/04\/a891af9b177747937214688445210335213.jpg",975,540,false],"thumbnail":["https:\/\/arantv.az\/wp-content\/uploads\/2026\/04\/a891af9b177747937214688445210335213-500x280.jpg",500,280,true],"medium":["https:\/\/arantv.az\/wp-content\/uploads\/2026\/04\/a891af9b177747937214688445210335213-660x365.jpg",660,365,true],"large":["https:\/\/arantv.az\/wp-content\/uploads\/2026\/04\/a891af9b177747937214688445210335213-840x465.jpg",640,354,true],"1536x1536":["https:\/\/arantv.az\/wp-content\/uploads\/2026\/04\/a891af9b177747937214688445210335213.jpg",975,540,false],"2048x2048":["https:\/\/arantv.az\/wp-content\/uploads\/2026\/04\/a891af9b177747937214688445210335213.jpg",975,540,false],"post-thumbnail":["https:\/\/arantv.az\/wp-content\/uploads\/2026\/04\/a891af9b177747937214688445210335213-240x172.jpg",240,172,true],"advps-thumb-one":["https:\/\/arantv.az\/wp-content\/uploads\/2026\/04\/a891af9b177747937214688445210335213.jpg",975,540,false]},"rttpg_author":{"display_name":"V\u00fcsal Rafiqo\u011flu","author_link":"https:\/\/arantv.az\/?author=2"},"rttpg_comment":0,"rttpg_category":"<a href=\"https:\/\/arantv.az\/?cat=1\" rel=\"category\">C\u0259miyy\u0259t<\/a>","rttpg_excerpt":"F\u00f6vq\u0259lad\u0259 Hallar Nazirliyinin Akademiyas\u0131nda Regional m\u0259rk\u0259zl\u0259rl\u0259 i\u015fin t\u0259\u015fkili, layih\u0259l\u0259rin idar\u0259 edilm\u0259si v\u0259 t\u0259hsil m\u0259s\u0259l\u0259l\u0259ri \u00fczr\u0259 Ba\u015f idar\u0259nin t\u0259\u015fkilat\u00e7\u0131l\u0131\u011f\u0131 il\u0259 n\u00f6vb\u0259ti praktiki-maarifl\u0259ndirici t\u0259dbir ke\u00e7irilib. \u201c\u0130ki sahil\u201d x\u0259b\u0259r verir ki,\u00a0t\u0259dbird\u0259 Akademiyan\u0131n r\u0259isi general-mayor Baba Salayev, FHN S\u0259nayed\u0259 \u0130\u015fl\u0259rin T\u0259hl\u00fck\u0259siz G\u00f6r\u00fclm\u0259si v\u0259 Da\u011f-M\u0259d\u0259n N\u0259zar\u0259ti D\u00f6vl\u0259t Agentliyinin r\u0259isi V\u00fcsal A\u011fayev, Regional m\u0259rk\u0259zl\u0259rl\u0259 i\u015fin t\u0259\u015fkili, layih\u0259l\u0259rin idar\u0259 edilm\u0259si v\u0259 t\u0259hsil&hellip;","_links":{"self":[{"href":"https:\/\/arantv.az\/index.php?rest_route=\/wp\/v2\/posts\/850271"}],"collection":[{"href":"https:\/\/arantv.az\/index.php?rest_route=\/wp\/v2\/posts"}],"about":[{"href":"https:\/\/arantv.az\/index.php?rest_route=\/wp\/v2\/types\/post"}],"author":[{"embeddable":true,"href":"https:\/\/arantv.az\/index.php?rest_route=\/wp\/v2\/users\/2"}],"replies":[{"embeddable":true,"href":"https:\/\/arantv.az\/index.php?rest_route=%2Fwp%2Fv2%2Fcomments&post=850271"}],"version-history":[{"count":1,"href":"https:\/\/arantv.az\/index.php?rest_route=\/wp\/v2\/posts\/850271\/revisions"}],"predecessor-version":[{"id":850273,"href":"https:\/\/arantv.az\/index.php?rest_route=\/wp\/v2\/posts\/850271\/revisions\/850273"}],"wp:featuredmedia":[{"embeddable":true,"href":"https:\/\/arantv.az\/index.php?rest_route=\/wp\/v2\/media\/850272"}],"wp:attachment":[{"href":"https:\/\/arantv.az\/index.php?rest_route=%2Fwp%2Fv2%2Fmedia&parent=850271"}],"wp:term":[{"taxonomy":"category","embeddable":true,"href":"https:\/\/arantv.az\/index.php?rest_route=%2Fwp%2Fv2%2Fcategories&post=850271"},{"taxonomy":"post_tag","embeddable":true,"href":"https:\/\/arantv.az\/index.php?rest_route=%2Fwp%2Fv2%2Ftags&post=850271"}],"curies":[{"name":"wp","href":"https:\/\/api.w.org\/{rel}","templated":true}]}}