{"id":850274,"date":"2026-04-29T20:40:48","date_gmt":"2026-04-29T16:40:48","guid":{"rendered":"https:\/\/arantv.az\/?p=850274"},"modified":"2026-04-29T20:40:48","modified_gmt":"2026-04-29T16:40:48","slug":"surucul%c9%99r%c9%99-x%c9%99b%c9%99rdarliq","status":"publish","type":"post","link":"https:\/\/arantv.az\/?p=850274","title":{"rendered":"S\u00fcr\u00fcc\u00fcl\u0259r\u0259 x\u0259b\u0259rdarl\u0131q"},"content":{"rendered":"<p><strong>Avtomobil yollar\u0131nda g\u00f6zl\u0259nil\u0259n v\u0259ziyy\u0259t a\u00e7\u0131qlan\u0131b.<\/strong><\/p>\n<p><strong><a href=\"https:\/\/publika.az\/\" target=\"_blank\" rel=\"noopener\">Publika.az<\/a><\/strong>\u00a0Milli Hidrometeorologiya Xidm\u0259tin\u0259 istinad\u0259n x\u0259b\u0259r verir ki, aprelin 30-u gec\u0259 v\u0259 s\u0259h\u0259r saatlar\u0131nda b\u0259zi da\u011fl\u0131q v\u0259 da\u011f\u0259t\u0259yi rayonlarda dumanl\u0131 hava \u015f\u0259raiti m\u00fc\u015fahid\u0259 olunacaq.<\/p>\n<p>Proqnozla\u015fd\u0131r\u0131lan hava il\u0259 \u0259laq\u0259dar magistral avtomobil yollar\u0131nda g\u00f6r\u00fcn\u00fc\u015f m\u0259saf\u0259sinin azalaca\u011f\u0131 ehtimal olunur.<\/p>\n<p>Bel\u0259 ki, dumana g\u00f6r\u0259 yollarda g\u00f6r\u00fcn\u00fc\u015f m\u0259saf\u0259sinin 500-1000 metr\u0259d\u0259k m\u0259hdudla\u015faca\u011f\u0131 g\u00f6zl\u0259nilir.<\/p>\n","protected":false},"excerpt":{"rendered":"<p>Avtomobil yollar\u0131nda g\u00f6zl\u0259nil\u0259n v\u0259ziyy\u0259t a\u00e7\u0131qlan\u0131b. Publika.az\u00a0Milli Hidrometeorologiya Xidm\u0259tin\u0259 istinad\u0259n x\u0259b\u0259r verir ki, aprelin 30-u gec\u0259 v\u0259 s\u0259h\u0259r saatlar\u0131nda b\u0259zi da\u011fl\u0131q v\u0259 da\u011f\u0259t\u0259yi rayonlarda dumanl\u0131 hava \u015f\u0259raiti m\u00fc\u015fahid\u0259 olunacaq. Proqnozla\u015fd\u0131r\u0131lan hava il\u0259 \u0259laq\u0259dar magistral avtomobil yollar\u0131nda g\u00f6r\u00fcn\u00fc\u015f m\u0259saf\u0259sinin azalaca\u011f\u0131 ehtimal olunur. Bel\u0259 ki, dumana g\u00f6r\u0259 yollarda g\u00f6r\u00fcn\u00fc\u015f m\u0259saf\u0259sinin 500-1000 metr\u0259d\u0259k m\u0259hdudla\u015faca\u011f\u0131 g\u00f6zl\u0259nilir.<\/p>\n","protected":false},"author":2,"featured_media":850275,"comment_status":"closed","ping_status":"closed","sticky":false,"template":"","format":"standard","meta":{"om_disable_all_campaigns":false,"_monsterinsights_skip_tracking":false,"_monsterinsights_sitenote_active":false,"_monsterinsights_sitenote_note":"","_monsterinsights_sitenote_category":0},"categories":[1],"tags":[],"aioseo_notices":[],"gutentor_comment":0,"rttpg_featured_image_url":{"full":["https:\/\/arantv.az\/wp-content\/uploads\/2026\/04\/yol.jpg",850,530,false],"landscape":["https:\/\/arantv.az\/wp-content\/uploads\/2026\/04\/yol.jpg",850,530,false],"portraits":["https:\/\/arantv.az\/wp-content\/uploads\/2026\/04\/yol.jpg",850,530,false],"thumbnail":["https:\/\/arantv.az\/wp-content\/uploads\/2026\/04\/yol-500x280.jpg",500,280,true],"medium":["https:\/\/arantv.az\/wp-content\/uploads\/2026\/04\/yol-585x365.jpg",585,365,true],"large":["https:\/\/arantv.az\/wp-content\/uploads\/2026\/04\/yol-840x524.jpg",640,399,true],"1536x1536":["https:\/\/arantv.az\/wp-content\/uploads\/2026\/04\/yol.jpg",850,530,false],"2048x2048":["https:\/\/arantv.az\/wp-content\/uploads\/2026\/04\/yol.jpg",850,530,false],"post-thumbnail":["https:\/\/arantv.az\/wp-content\/uploads\/2026\/04\/yol-240x172.jpg",240,172,true],"advps-thumb-one":["https:\/\/arantv.az\/wp-content\/uploads\/2026\/04\/yol.jpg",850,530,false]},"rttpg_author":{"display_name":"V\u00fcsal Rafiqo\u011flu","author_link":"https:\/\/arantv.az\/?author=2"},"rttpg_comment":0,"rttpg_category":"<a href=\"https:\/\/arantv.az\/?cat=1\" rel=\"category\">C\u0259miyy\u0259t<\/a>","rttpg_excerpt":"Avtomobil yollar\u0131nda g\u00f6zl\u0259nil\u0259n v\u0259ziyy\u0259t a\u00e7\u0131qlan\u0131b. Publika.az\u00a0Milli Hidrometeorologiya Xidm\u0259tin\u0259 istinad\u0259n x\u0259b\u0259r verir ki, aprelin 30-u gec\u0259 v\u0259 s\u0259h\u0259r saatlar\u0131nda b\u0259zi da\u011fl\u0131q v\u0259 da\u011f\u0259t\u0259yi rayonlarda dumanl\u0131 hava \u015f\u0259raiti m\u00fc\u015fahid\u0259 olunacaq. Proqnozla\u015fd\u0131r\u0131lan hava il\u0259 \u0259laq\u0259dar magistral avtomobil yollar\u0131nda g\u00f6r\u00fcn\u00fc\u015f m\u0259saf\u0259sinin azalaca\u011f\u0131 ehtimal olunur. Bel\u0259 ki, dumana g\u00f6r\u0259 yollarda g\u00f6r\u00fcn\u00fc\u015f m\u0259saf\u0259sinin 500-1000 metr\u0259d\u0259k m\u0259hdudla\u015faca\u011f\u0131 g\u00f6zl\u0259nilir.","_links":{"self":[{"href":"https:\/\/arantv.az\/index.php?rest_route=\/wp\/v2\/posts\/850274"}],"collection":[{"href":"https:\/\/arantv.az\/index.php?rest_route=\/wp\/v2\/posts"}],"about":[{"href":"https:\/\/arantv.az\/index.php?rest_route=\/wp\/v2\/types\/post"}],"author":[{"embeddable":true,"href":"https:\/\/arantv.az\/index.php?rest_route=\/wp\/v2\/users\/2"}],"replies":[{"embeddable":true,"href":"https:\/\/arantv.az\/index.php?rest_route=%2Fwp%2Fv2%2Fcomments&post=850274"}],"version-history":[{"count":1,"href":"https:\/\/arantv.az\/index.php?rest_route=\/wp\/v2\/posts\/850274\/revisions"}],"predecessor-version":[{"id":850276,"href":"https:\/\/arantv.az\/index.php?rest_route=\/wp\/v2\/posts\/850274\/revisions\/850276"}],"wp:featuredmedia":[{"embeddable":true,"href":"https:\/\/arantv.az\/index.php?rest_route=\/wp\/v2\/media\/850275"}],"wp:attachment":[{"href":"https:\/\/arantv.az\/index.php?rest_route=%2Fwp%2Fv2%2Fmedia&parent=850274"}],"wp:term":[{"taxonomy":"category","embeddable":true,"href":"https:\/\/arantv.az\/index.php?rest_route=%2Fwp%2Fv2%2Fcategories&post=850274"},{"taxonomy":"post_tag","embeddable":true,"href":"https:\/\/arantv.az\/index.php?rest_route=%2Fwp%2Fv2%2Ftags&post=850274"}],"curies":[{"name":"wp","href":"https:\/\/api.w.org\/{rel}","templated":true}]}}