{"id":850277,"date":"2026-04-29T20:41:55","date_gmt":"2026-04-29T16:41:55","guid":{"rendered":"https:\/\/arantv.az\/?p=850277"},"modified":"2026-04-29T20:41:55","modified_gmt":"2026-04-29T16:41:55","slug":"leyla-%c9%99liyeva-s%c9%99kiy%c9%99-s%c9%99f%c9%99rind%c9%99n-paylasim-etdi-foto","status":"publish","type":"post","link":"https:\/\/arantv.az\/?p=850277","title":{"rendered":"Leyla \u018fliyeva \u015e\u0259kiy\u0259 s\u0259f\u0259rind\u0259n payla\u015f\u0131m etdi &#8211; Foto"},"content":{"rendered":"<p><strong>X\u0259b\u0259r verdiyimiz kimi, Heyd\u0259r \u018fliyev Fondunun vitse-prezidenti, IDEA \u0130ctimai Birliyinin t\u0259sis\u00e7isi v\u0259 r\u0259hb\u0259ri Leyla \u018fliyeva v\u0259 Bak\u0131 Media M\u0259rk\u0259zinin r\u0259hb\u0259ri Arzu \u018fliyeva \u015e\u0259ki \u015f\u0259h\u0259rin\u0259 s\u0259f\u0259r edibl\u0259r.<\/strong><\/p>\n<p>S\u0259f\u0259r \u00e7\u0259r\u00e7iv\u0259sind\u0259 onlar \u015e\u0259kid\u0259 Xan m\u0259scidini, el\u0259c\u0259 d\u0259 Sosial Xidm\u0259tl\u0259r Agentliyinin 6 sayl\u0131 u\u015faq evi sosial xidm\u0259t m\u00fc\u0259ssis\u0259sini ziyar\u0259t edibl\u0259r.<\/p>\n<p>Leyla \u018fliyeva bu bar\u0259d\u0259 r\u0259smi &#8220;Instagram&#8221; hesab\u0131nda payla\u015f\u0131m edib.<\/p>\n<p>H\u0259min payla\u015f\u0131m\u0131 t\u0259qdim edirik:<\/p>\n<p><iframe id=\"instagram-embed-0\" class=\"instagram-media instagram-media-rendered\" src=\"https:\/\/www.instagram.com\/p\/DXuBxSdCPoQ\/embed\/captioned\/?cr=1&amp;v=14&amp;wp=614&amp;rd=https%3A%2F%2Fpublika.az&amp;rp=%2Fnews%2Fsosial%2F619147.html#%7B%22ci%22%3A0%2C%22os%22%3A4048.199999999255%2C%22ls%22%3A2539.89999999851%2C%22le%22%3A3388.5%7D\" height=\"722\" frameborder=\"0\" scrolling=\"no\" allowfullscreen=\"allowfullscreen\" data-instgrm-payload-id=\"instagram-media-payload-0\" data-mce-fragment=\"1\"><\/iframe><\/p>\n","protected":false},"excerpt":{"rendered":"<p>X\u0259b\u0259r verdiyimiz kimi, Heyd\u0259r \u018fliyev Fondunun vitse-prezidenti, IDEA \u0130ctimai Birliyinin t\u0259sis\u00e7isi v\u0259 r\u0259hb\u0259ri Leyla \u018fliyeva v\u0259 Bak\u0131 Media M\u0259rk\u0259zinin r\u0259hb\u0259ri Arzu \u018fliyeva \u015e\u0259ki \u015f\u0259h\u0259rin\u0259 s\u0259f\u0259r edibl\u0259r. S\u0259f\u0259r \u00e7\u0259r\u00e7iv\u0259sind\u0259 onlar \u015e\u0259kid\u0259 Xan m\u0259scidini, el\u0259c\u0259 d\u0259 Sosial Xidm\u0259tl\u0259r Agentliyinin 6 sayl\u0131 u\u015faq evi sosial xidm\u0259t m\u00fc\u0259ssis\u0259sini ziyar\u0259t edibl\u0259r. Leyla \u018fliyeva bu bar\u0259d\u0259 r\u0259smi &#8220;Instagram&#8221; hesab\u0131nda payla\u015f\u0131m edib. H\u0259min payla\u015f\u0131m\u0131 t\u0259qdim edirik:<\/p>\n","protected":false},"author":2,"featured_media":491314,"comment_status":"closed","ping_status":"closed","sticky":false,"template":"","format":"standard","meta":{"om_disable_all_campaigns":false,"_monsterinsights_skip_tracking":false,"_monsterinsights_sitenote_active":false,"_monsterinsights_sitenote_note":"","_monsterinsights_sitenote_category":0},"categories":[1],"tags":[],"aioseo_notices":[],"gutentor_comment":0,"rttpg_featured_image_url":{"full":["https:\/\/arantv.az\/wp-content\/uploads\/2022\/07\/leyla.jpg",620,413,false],"landscape":["https:\/\/arantv.az\/wp-content\/uploads\/2022\/07\/leyla.jpg",620,413,false],"portraits":["https:\/\/arantv.az\/wp-content\/uploads\/2022\/07\/leyla.jpg",620,413,false],"thumbnail":["https:\/\/arantv.az\/wp-content\/uploads\/2022\/07\/leyla-500x280.jpg",500,280,true],"medium":["https:\/\/arantv.az\/wp-content\/uploads\/2022\/07\/leyla-548x365.jpg",548,365,true],"large":["https:\/\/arantv.az\/wp-content\/uploads\/2022\/07\/leyla.jpg",620,413,false],"1536x1536":["https:\/\/arantv.az\/wp-content\/uploads\/2022\/07\/leyla.jpg",620,413,false],"2048x2048":["https:\/\/arantv.az\/wp-content\/uploads\/2022\/07\/leyla.jpg",620,413,false],"post-thumbnail":["https:\/\/arantv.az\/wp-content\/uploads\/2022\/07\/leyla-240x172.jpg",240,172,true],"advps-thumb-one":["https:\/\/arantv.az\/wp-content\/uploads\/2022\/07\/leyla.jpg",620,413,false]},"rttpg_author":{"display_name":"V\u00fcsal Rafiqo\u011flu","author_link":"https:\/\/arantv.az\/?author=2"},"rttpg_comment":0,"rttpg_category":"<a href=\"https:\/\/arantv.az\/?cat=1\" rel=\"category\">C\u0259miyy\u0259t<\/a>","rttpg_excerpt":"X\u0259b\u0259r verdiyimiz kimi, Heyd\u0259r \u018fliyev Fondunun vitse-prezidenti, IDEA \u0130ctimai Birliyinin t\u0259sis\u00e7isi v\u0259 r\u0259hb\u0259ri Leyla \u018fliyeva v\u0259 Bak\u0131 Media M\u0259rk\u0259zinin r\u0259hb\u0259ri Arzu \u018fliyeva \u015e\u0259ki \u015f\u0259h\u0259rin\u0259 s\u0259f\u0259r edibl\u0259r. S\u0259f\u0259r \u00e7\u0259r\u00e7iv\u0259sind\u0259 onlar \u015e\u0259kid\u0259 Xan m\u0259scidini, el\u0259c\u0259 d\u0259 Sosial Xidm\u0259tl\u0259r Agentliyinin 6 sayl\u0131 u\u015faq evi sosial xidm\u0259t m\u00fc\u0259ssis\u0259sini ziyar\u0259t edibl\u0259r. Leyla \u018fliyeva bu bar\u0259d\u0259 r\u0259smi &#8220;Instagram&#8221; hesab\u0131nda payla\u015f\u0131m edib.&hellip;","_links":{"self":[{"href":"https:\/\/arantv.az\/index.php?rest_route=\/wp\/v2\/posts\/850277"}],"collection":[{"href":"https:\/\/arantv.az\/index.php?rest_route=\/wp\/v2\/posts"}],"about":[{"href":"https:\/\/arantv.az\/index.php?rest_route=\/wp\/v2\/types\/post"}],"author":[{"embeddable":true,"href":"https:\/\/arantv.az\/index.php?rest_route=\/wp\/v2\/users\/2"}],"replies":[{"embeddable":true,"href":"https:\/\/arantv.az\/index.php?rest_route=%2Fwp%2Fv2%2Fcomments&post=850277"}],"version-history":[{"count":1,"href":"https:\/\/arantv.az\/index.php?rest_route=\/wp\/v2\/posts\/850277\/revisions"}],"predecessor-version":[{"id":850278,"href":"https:\/\/arantv.az\/index.php?rest_route=\/wp\/v2\/posts\/850277\/revisions\/850278"}],"wp:featuredmedia":[{"embeddable":true,"href":"https:\/\/arantv.az\/index.php?rest_route=\/wp\/v2\/media\/491314"}],"wp:attachment":[{"href":"https:\/\/arantv.az\/index.php?rest_route=%2Fwp%2Fv2%2Fmedia&parent=850277"}],"wp:term":[{"taxonomy":"category","embeddable":true,"href":"https:\/\/arantv.az\/index.php?rest_route=%2Fwp%2Fv2%2Fcategories&post=850277"},{"taxonomy":"post_tag","embeddable":true,"href":"https:\/\/arantv.az\/index.php?rest_route=%2Fwp%2Fv2%2Ftags&post=850277"}],"curies":[{"name":"wp","href":"https:\/\/api.w.org\/{rel}","templated":true}]}}