{"id":850281,"date":"2026-04-30T09:04:55","date_gmt":"2026-04-30T05:04:55","guid":{"rendered":"https:\/\/arantv.az\/?p=850281"},"modified":"2026-04-30T09:04:55","modified_gmt":"2026-04-30T05:04:55","slug":"mayda-iki-d%c9%99f%c9%99-is-saati-qisaldilacaq","status":"publish","type":"post","link":"https:\/\/arantv.az\/?p=850281","title":{"rendered":"Mayda iki d\u0259f\u0259 i\u015f saat\u0131 q\u0131sald\u0131lacaq"},"content":{"rendered":"<p>2026-c\u0131 ilin istehsalat t\u0259qvimin\u0259 v\u0259 \u018fm\u0259k M\u0259c\u0259ll\u0259sinin t\u0259l\u0259bl\u0259rin\u0259 \u0259sas\u0259n, may ay\u0131nda iki f\u0259rqli tarixd\u0259 i\u015f saatlar\u0131 q\u0131sald\u0131lacaq.<\/p>\n<p>\u0130lk q\u0131sald\u0131lma 8 may tarixind\u0259 t\u0259tbiq edil\u0259c\u0259k. 9 May &#8211; Fa\u015fizm \u00fcz\u0259rind\u0259 Q\u0259l\u0259b\u0259 G\u00fcn\u00fc istirah\u0259t g\u00fcn\u00fcn\u0259 t\u0259sad\u00fcf ets\u0259 d\u0259, \u018fm\u0259k M\u0259c\u0259ll\u0259sinin 108-ci madd\u0259sin\u0259 uy\u011fun olaraq, bayramdan \u0259vv\u0259lki i\u015f g\u00fcn\u00fc olan 8 mayda i\u015f vaxt\u0131 bir saat azald\u0131l\u0131r.<\/p>\n<p>Ay\u0131n sonuna do\u011fru analoji hal yenid\u0259n t\u0259krarlanacaq. Bel\u0259 ki, 27 may tarixind\u0259n ba\u015flayan Qurban bayram\u0131 t\u0259tili \u0259r\u0259f\u0259sind\u0259 26 may tarixind\u0259 d\u0259 i\u015f g\u00fcn\u00fc q\u0131sald\u0131lm\u0131\u015f hesab olunacaq. H\u0259min g\u00fcn \u00f6lk\u0259 \u00fczr\u0259 b\u00fct\u00fcn \u00e7al\u0131\u015fanlar i\u015f yerl\u0259rini bir saat daha tez t\u0259rk ed\u0259 bil\u0259c\u0259kl\u0259r. May\u0131n 27-d\u0259n etibar\u0259n is\u0259 ard\u0131c\u0131l 5 g\u00fcnl\u00fck qeyri-i\u015f g\u00fcn\u00fc ba\u015flayacaq.\/Demokrat.az\/<\/p>\n","protected":false},"excerpt":{"rendered":"<p>2026-c\u0131 ilin istehsalat t\u0259qvimin\u0259 v\u0259 \u018fm\u0259k M\u0259c\u0259ll\u0259sinin t\u0259l\u0259bl\u0259rin\u0259 \u0259sas\u0259n, may ay\u0131nda iki f\u0259rqli tarixd\u0259 i\u015f saatlar\u0131 q\u0131sald\u0131lacaq. \u0130lk q\u0131sald\u0131lma 8 may tarixind\u0259 t\u0259tbiq edil\u0259c\u0259k. 9 May &#8211; Fa\u015fizm \u00fcz\u0259rind\u0259 Q\u0259l\u0259b\u0259 G\u00fcn\u00fc istirah\u0259t g\u00fcn\u00fcn\u0259 t\u0259sad\u00fcf ets\u0259 d\u0259, \u018fm\u0259k M\u0259c\u0259ll\u0259sinin 108-ci madd\u0259sin\u0259 uy\u011fun olaraq, bayramdan \u0259vv\u0259lki i\u015f g\u00fcn\u00fc olan 8 mayda i\u015f vaxt\u0131 bir saat azald\u0131l\u0131r. Ay\u0131n sonuna do\u011fru analoji hal yenid\u0259n t\u0259krarlanacaq. Bel\u0259 ki, 27 may tarixind\u0259n ba\u015flayan Qurban bayram\u0131 t\u0259tili \u0259r\u0259f\u0259sind\u0259 26 may tarixind\u0259 d\u0259 i\u015f g\u00fcn\u00fc q\u0131sald\u0131lm\u0131\u015f hesab olunacaq. H\u0259min g\u00fcn \u00f6lk\u0259 \u00fczr\u0259 b\u00fct\u00fcn \u00e7al\u0131\u015fanlar i\u015f yerl\u0259rini bir saat&hellip;<\/p>\n","protected":false},"author":2,"featured_media":850282,"comment_status":"closed","ping_status":"closed","sticky":false,"template":"","format":"standard","meta":{"om_disable_all_campaigns":false,"_monsterinsights_skip_tracking":false,"_monsterinsights_sitenote_active":false,"_monsterinsights_sitenote_note":"","_monsterinsights_sitenote_category":0},"categories":[1],"tags":[],"aioseo_notices":[],"gutentor_comment":0,"rttpg_featured_image_url":{"full":["https:\/\/arantv.az\/wp-content\/uploads\/2026\/04\/18da4ec64a65b8fb7f1ad8f46d5a0cfa.jpg",870,500,false],"landscape":["https:\/\/arantv.az\/wp-content\/uploads\/2026\/04\/18da4ec64a65b8fb7f1ad8f46d5a0cfa.jpg",870,500,false],"portraits":["https:\/\/arantv.az\/wp-content\/uploads\/2026\/04\/18da4ec64a65b8fb7f1ad8f46d5a0cfa.jpg",870,500,false],"thumbnail":["https:\/\/arantv.az\/wp-content\/uploads\/2026\/04\/18da4ec64a65b8fb7f1ad8f46d5a0cfa-500x280.jpg",500,280,true],"medium":["https:\/\/arantv.az\/wp-content\/uploads\/2026\/04\/18da4ec64a65b8fb7f1ad8f46d5a0cfa-635x365.jpg",635,365,true],"large":["https:\/\/arantv.az\/wp-content\/uploads\/2026\/04\/18da4ec64a65b8fb7f1ad8f46d5a0cfa-840x483.jpg",640,368,true],"1536x1536":["https:\/\/arantv.az\/wp-content\/uploads\/2026\/04\/18da4ec64a65b8fb7f1ad8f46d5a0cfa.jpg",870,500,false],"2048x2048":["https:\/\/arantv.az\/wp-content\/uploads\/2026\/04\/18da4ec64a65b8fb7f1ad8f46d5a0cfa.jpg",870,500,false],"post-thumbnail":["https:\/\/arantv.az\/wp-content\/uploads\/2026\/04\/18da4ec64a65b8fb7f1ad8f46d5a0cfa-240x172.jpg",240,172,true],"advps-thumb-one":["https:\/\/arantv.az\/wp-content\/uploads\/2026\/04\/18da4ec64a65b8fb7f1ad8f46d5a0cfa.jpg",870,500,false]},"rttpg_author":{"display_name":"V\u00fcsal Rafiqo\u011flu","author_link":"https:\/\/arantv.az\/?author=2"},"rttpg_comment":0,"rttpg_category":"<a href=\"https:\/\/arantv.az\/?cat=1\" rel=\"category\">C\u0259miyy\u0259t<\/a>","rttpg_excerpt":"2026-c\u0131 ilin istehsalat t\u0259qvimin\u0259 v\u0259 \u018fm\u0259k M\u0259c\u0259ll\u0259sinin t\u0259l\u0259bl\u0259rin\u0259 \u0259sas\u0259n, may ay\u0131nda iki f\u0259rqli tarixd\u0259 i\u015f saatlar\u0131 q\u0131sald\u0131lacaq. \u0130lk q\u0131sald\u0131lma 8 may tarixind\u0259 t\u0259tbiq edil\u0259c\u0259k. 9 May &#8211; Fa\u015fizm \u00fcz\u0259rind\u0259 Q\u0259l\u0259b\u0259 G\u00fcn\u00fc istirah\u0259t g\u00fcn\u00fcn\u0259 t\u0259sad\u00fcf ets\u0259 d\u0259, \u018fm\u0259k M\u0259c\u0259ll\u0259sinin 108-ci madd\u0259sin\u0259 uy\u011fun olaraq, bayramdan \u0259vv\u0259lki i\u015f g\u00fcn\u00fc olan 8 mayda i\u015f vaxt\u0131 bir saat azald\u0131l\u0131r. Ay\u0131n&hellip;","_links":{"self":[{"href":"https:\/\/arantv.az\/index.php?rest_route=\/wp\/v2\/posts\/850281"}],"collection":[{"href":"https:\/\/arantv.az\/index.php?rest_route=\/wp\/v2\/posts"}],"about":[{"href":"https:\/\/arantv.az\/index.php?rest_route=\/wp\/v2\/types\/post"}],"author":[{"embeddable":true,"href":"https:\/\/arantv.az\/index.php?rest_route=\/wp\/v2\/users\/2"}],"replies":[{"embeddable":true,"href":"https:\/\/arantv.az\/index.php?rest_route=%2Fwp%2Fv2%2Fcomments&post=850281"}],"version-history":[{"count":2,"href":"https:\/\/arantv.az\/index.php?rest_route=\/wp\/v2\/posts\/850281\/revisions"}],"predecessor-version":[{"id":850284,"href":"https:\/\/arantv.az\/index.php?rest_route=\/wp\/v2\/posts\/850281\/revisions\/850284"}],"wp:featuredmedia":[{"embeddable":true,"href":"https:\/\/arantv.az\/index.php?rest_route=\/wp\/v2\/media\/850282"}],"wp:attachment":[{"href":"https:\/\/arantv.az\/index.php?rest_route=%2Fwp%2Fv2%2Fmedia&parent=850281"}],"wp:term":[{"taxonomy":"category","embeddable":true,"href":"https:\/\/arantv.az\/index.php?rest_route=%2Fwp%2Fv2%2Fcategories&post=850281"},{"taxonomy":"post_tag","embeddable":true,"href":"https:\/\/arantv.az\/index.php?rest_route=%2Fwp%2Fv2%2Ftags&post=850281"}],"curies":[{"name":"wp","href":"https:\/\/api.w.org\/{rel}","templated":true}]}}