{"id":850285,"date":"2026-04-30T09:05:45","date_gmt":"2026-04-30T05:05:45","guid":{"rendered":"https:\/\/arantv.az\/?p=850285"},"modified":"2026-04-30T09:05:45","modified_gmt":"2026-04-30T05:05:45","slug":"bu-tarixl%c9%99rd%c9%99-is-olmayacaq-3","status":"publish","type":"post","link":"https:\/\/arantv.az\/?p=850285","title":{"rendered":"Bu tarixl\u0259rd\u0259 i\u015f olmayacaq"},"content":{"rendered":"<p>Bu il Fa\u015fizm \u00fcz\u0259rind\u0259 q\u0259l\u0259b\u0259 g\u00fcn\u00fc (may\u0131n 9-u) il\u0259 \u0259laq\u0259dar 3 g\u00fcn ard\u0131c\u0131l qeyri-i\u015f g\u00fcn\u00fc olacaq.<\/p>\n<p>Bu il may\u0131n 9-u \u015f\u0259nb\u0259 g\u00fcn\u00fcn\u0259 t\u0259sad\u00fcf edir.<\/p>\n<p>\u018fm\u0259k M\u0259c\u0259ll\u0259sin\u0259 \u0259sas\u0259n, h\u0259ft\u0259l\u0259raras\u0131 istirah\u0259t g\u00fcnl\u0259ri v\u0259 i\u015f g\u00fcn\u00fc hesab olunmayan bayram g\u00fcnl\u0259ri \u00fcst-\u00fcst\u0259 d\u00fc\u015f\u0259rs\u0259, h\u0259min istirah\u0259t g\u00fcn\u00fc bilavasit\u0259 bayram g\u00fcn\u00fcnd\u0259n sonrak\u0131 i\u015f g\u00fcn\u00fcn\u0259 ke\u00e7irilir.<\/p>\n<p>May\u0131n 10-u bazar g\u00fcn\u00fcn\u0259 t\u0259sad\u00fcf etdiyin\u0259 g\u00f6r\u0259, 11 may qeyri-i\u015f g\u00fcn\u00fc olacaq.<\/p>\n<p>Bel\u0259likl\u0259, bu il 9, 10 v\u0259 11 mayda ard\u0131c\u0131l i\u015f olmayacaq.\/lent.az<\/p>\n","protected":false},"excerpt":{"rendered":"<p>Bu il Fa\u015fizm \u00fcz\u0259rind\u0259 q\u0259l\u0259b\u0259 g\u00fcn\u00fc (may\u0131n 9-u) il\u0259 \u0259laq\u0259dar 3 g\u00fcn ard\u0131c\u0131l qeyri-i\u015f g\u00fcn\u00fc olacaq. Bu il may\u0131n 9-u \u015f\u0259nb\u0259 g\u00fcn\u00fcn\u0259 t\u0259sad\u00fcf edir. \u018fm\u0259k M\u0259c\u0259ll\u0259sin\u0259 \u0259sas\u0259n, h\u0259ft\u0259l\u0259raras\u0131 istirah\u0259t g\u00fcnl\u0259ri v\u0259 i\u015f g\u00fcn\u00fc hesab olunmayan bayram g\u00fcnl\u0259ri \u00fcst-\u00fcst\u0259 d\u00fc\u015f\u0259rs\u0259, h\u0259min istirah\u0259t g\u00fcn\u00fc bilavasit\u0259 bayram g\u00fcn\u00fcnd\u0259n sonrak\u0131 i\u015f g\u00fcn\u00fcn\u0259 ke\u00e7irilir. May\u0131n 10-u bazar g\u00fcn\u00fcn\u0259 t\u0259sad\u00fcf etdiyin\u0259 g\u00f6r\u0259, 11 may qeyri-i\u015f g\u00fcn\u00fc olacaq. Bel\u0259likl\u0259, bu il 9, 10 v\u0259 11 mayda ard\u0131c\u0131l i\u015f olmayacaq.\/lent.az<\/p>\n","protected":false},"author":2,"featured_media":850286,"comment_status":"closed","ping_status":"closed","sticky":false,"template":"","format":"standard","meta":{"om_disable_all_campaigns":false,"_monsterinsights_skip_tracking":false,"_monsterinsights_sitenote_active":false,"_monsterinsights_sitenote_note":"","_monsterinsights_sitenote_category":0},"categories":[1],"tags":[],"aioseo_notices":[],"gutentor_comment":0,"rttpg_featured_image_url":{"full":["https:\/\/arantv.az\/wp-content\/uploads\/2026\/04\/f4d505460edf2e08b3671f5d66c9755b.jpg",740,493,false],"landscape":["https:\/\/arantv.az\/wp-content\/uploads\/2026\/04\/f4d505460edf2e08b3671f5d66c9755b.jpg",740,493,false],"portraits":["https:\/\/arantv.az\/wp-content\/uploads\/2026\/04\/f4d505460edf2e08b3671f5d66c9755b.jpg",740,493,false],"thumbnail":["https:\/\/arantv.az\/wp-content\/uploads\/2026\/04\/f4d505460edf2e08b3671f5d66c9755b-500x280.jpg",500,280,true],"medium":["https:\/\/arantv.az\/wp-content\/uploads\/2026\/04\/f4d505460edf2e08b3671f5d66c9755b-548x365.jpg",548,365,true],"large":["https:\/\/arantv.az\/wp-content\/uploads\/2026\/04\/f4d505460edf2e08b3671f5d66c9755b.jpg",640,426,false],"1536x1536":["https:\/\/arantv.az\/wp-content\/uploads\/2026\/04\/f4d505460edf2e08b3671f5d66c9755b.jpg",740,493,false],"2048x2048":["https:\/\/arantv.az\/wp-content\/uploads\/2026\/04\/f4d505460edf2e08b3671f5d66c9755b.jpg",740,493,false],"post-thumbnail":["https:\/\/arantv.az\/wp-content\/uploads\/2026\/04\/f4d505460edf2e08b3671f5d66c9755b-240x172.jpg",240,172,true],"advps-thumb-one":["https:\/\/arantv.az\/wp-content\/uploads\/2026\/04\/f4d505460edf2e08b3671f5d66c9755b.jpg",740,493,false]},"rttpg_author":{"display_name":"V\u00fcsal Rafiqo\u011flu","author_link":"https:\/\/arantv.az\/?author=2"},"rttpg_comment":0,"rttpg_category":"<a href=\"https:\/\/arantv.az\/?cat=1\" rel=\"category\">C\u0259miyy\u0259t<\/a>","rttpg_excerpt":"Bu il Fa\u015fizm \u00fcz\u0259rind\u0259 q\u0259l\u0259b\u0259 g\u00fcn\u00fc (may\u0131n 9-u) il\u0259 \u0259laq\u0259dar 3 g\u00fcn ard\u0131c\u0131l qeyri-i\u015f g\u00fcn\u00fc olacaq. Bu il may\u0131n 9-u \u015f\u0259nb\u0259 g\u00fcn\u00fcn\u0259 t\u0259sad\u00fcf edir. \u018fm\u0259k M\u0259c\u0259ll\u0259sin\u0259 \u0259sas\u0259n, h\u0259ft\u0259l\u0259raras\u0131 istirah\u0259t g\u00fcnl\u0259ri v\u0259 i\u015f g\u00fcn\u00fc hesab olunmayan bayram g\u00fcnl\u0259ri \u00fcst-\u00fcst\u0259 d\u00fc\u015f\u0259rs\u0259, h\u0259min istirah\u0259t g\u00fcn\u00fc bilavasit\u0259 bayram g\u00fcn\u00fcnd\u0259n sonrak\u0131 i\u015f g\u00fcn\u00fcn\u0259 ke\u00e7irilir. May\u0131n 10-u bazar g\u00fcn\u00fcn\u0259 t\u0259sad\u00fcf etdiyin\u0259&hellip;","_links":{"self":[{"href":"https:\/\/arantv.az\/index.php?rest_route=\/wp\/v2\/posts\/850285"}],"collection":[{"href":"https:\/\/arantv.az\/index.php?rest_route=\/wp\/v2\/posts"}],"about":[{"href":"https:\/\/arantv.az\/index.php?rest_route=\/wp\/v2\/types\/post"}],"author":[{"embeddable":true,"href":"https:\/\/arantv.az\/index.php?rest_route=\/wp\/v2\/users\/2"}],"replies":[{"embeddable":true,"href":"https:\/\/arantv.az\/index.php?rest_route=%2Fwp%2Fv2%2Fcomments&post=850285"}],"version-history":[{"count":2,"href":"https:\/\/arantv.az\/index.php?rest_route=\/wp\/v2\/posts\/850285\/revisions"}],"predecessor-version":[{"id":850288,"href":"https:\/\/arantv.az\/index.php?rest_route=\/wp\/v2\/posts\/850285\/revisions\/850288"}],"wp:featuredmedia":[{"embeddable":true,"href":"https:\/\/arantv.az\/index.php?rest_route=\/wp\/v2\/media\/850286"}],"wp:attachment":[{"href":"https:\/\/arantv.az\/index.php?rest_route=%2Fwp%2Fv2%2Fmedia&parent=850285"}],"wp:term":[{"taxonomy":"category","embeddable":true,"href":"https:\/\/arantv.az\/index.php?rest_route=%2Fwp%2Fv2%2Fcategories&post=850285"},{"taxonomy":"post_tag","embeddable":true,"href":"https:\/\/arantv.az\/index.php?rest_route=%2Fwp%2Fv2%2Ftags&post=850285"}],"curies":[{"name":"wp","href":"https:\/\/api.w.org\/{rel}","templated":true}]}}