{"id":850310,"date":"2026-04-30T09:14:07","date_gmt":"2026-04-30T05:14:07","guid":{"rendered":"https:\/\/arantv.az\/?p=850310"},"modified":"2026-04-30T09:14:07","modified_gmt":"2026-04-30T05:14:07","slug":"az%c9%99rbaycanda-yaz-f%c9%99sli-olmayacaq-hazir-olun-hava-k%c9%99skin-d%c9%99yisir","status":"publish","type":"post","link":"https:\/\/arantv.az\/?p=850310","title":{"rendered":"Az\u0259rbaycanda yaz f\u0259sli olmayacaq? &#8211; Haz\u0131r olun, hava k\u0259skin d\u0259yi\u015fir"},"content":{"rendered":"<p><strong>Yaz f\u0259slinin bitm\u0259sin\u0259 1 ay qalsa da, onun xarakterik istiliyi v\u0259 sabitliyi h\u0259l\u0259 d\u0259 hiss olunmur. H\u0259tta may ay\u0131nda havalar\u0131n q\u0259fil v\u0259 k\u0259skin istil\u0259\u015f\u0259c\u0259yi g\u00f6zl\u0259nilir.<\/strong><\/p>\n<p><strong><a href=\"https:\/\/publika.az\/\" target=\"_blank\" rel=\"noopener\">Publika.az<\/a><\/strong>\u00a0x\u0259b\u0259r verir ki, Globalinfo.az-a dan\u0131\u015fan \u201cS\u0259ma v\u0259 Eko\u201d Sosial \u0130qtisadi \u0130nki\u015fafa Yard\u0131m \u0130ctimai Birliyinin s\u0259dri, ekoloq \u0130rad\u0259 H\u0259s\u0259nova deyib ki, yaz\u0131n ilk iki ay\u0131 Bak\u0131 v\u0259 \u0259traf b\u00f6lg\u0259l\u0259rd\u0259 qeyri-sabit, s\u0259rin v\u0259 ya\u011f\u0131nt\u0131l\u0131 hava \u015f\u0259raiti il\u0259 yadda qald\u0131:<\/p>\n<p>\u201c\u018fn\u0259n\u0259vi olaraq yaz aylar\u0131nda m\u00fc\u015fahid\u0259 edil\u0259n m\u00fclayim istilik v\u0259 g\u00fcn\u0259\u015fli g\u00fcnl\u0259r bu il \u00f6z\u00fcn\u00fc gec g\u00f6st\u0259rir. Metroloji bax\u0131m\u0131ndan f\u0259sill\u0259r aras\u0131nda ke\u00e7id d\u00f6vrl\u0259ri, x\u00fcsusil\u0259 yaz aylar\u0131 d\u0259yi\u015fk\u0259nliyi il\u0259 se\u00e7ilir. Haz\u0131rda m\u00fc\u015fahid\u0259 olunan s\u0259rin v\u0259 r\u00fctub\u0259tli hava k\u00fctl\u0259l\u0259rinin \u00fcct\u00fcnl\u00fck t\u0259\u015fkil etm\u0259si, \u0259sas\u0259n \u015fimal v\u0259 q\u0259rb istiqam\u0259tl\u0259rind\u0259n daxil olan soyuq hava ax\u0131nlar\u0131 il\u0259 \u0259laq\u0259dard\u0131r. Bu prosesl\u0259r b\u0259z\u0259n yaz\u0131n \u201cgecikm\u0259si\u201d kimi q\u0259bul edilir. Lakin may ay\u0131 il\u0259 birlikd\u0259 v\u0259ziyy\u0259t d\u0259yi\u015fm\u0259y\u0259 ba\u015flay\u0131r. G\u00fcn\u0259\u015f radiasiyas\u0131n\u0131n artmas\u0131, torpaq v\u0259 su s\u0259thinin isinm\u0259si atmosferin a\u015fa\u011f\u0131 qatlar\u0131nda tempereturun y\u00fcks\u0259lm\u0259sin\u0259 s\u0259b\u0259b olur. Bu is\u0259 daha sabit v\u0259 isti hava \u015f\u0259raitinin formala\u015fmas\u0131 \u00fc\u00e7\u00fcn z\u0259min yarad\u0131r\u201d.<\/p>\n<p>Ekoloq bildirib ki, may ay\u0131nda tempereturun q\u0131sa m\u00fcdd\u0259t \u0259rzind\u0259 n\u0259z\u0259r\u0259\u00e7arpacaq d\u0259r\u0259c\u0259d\u0259 artmas\u0131 m\u00fcmk\u00fcnd\u00fcr:<\/p>\n<p>\u201cBu, x\u00fcsusil\u0259 c\u0259nub v\u0259 c\u0259nub-\u015f\u0259rq istiqam\u0259tind\u0259n daxil olan isti v\u0259 quru hava k\u00fctl\u0259l\u0259ri il\u0259 ba\u011fl\u0131d\u0131r. Bel\u0259 hallarda temperatur bir ne\u00e7\u0259 g\u00fcn \u0259rzind\u0259 10-15 d\u0259r\u0259c\u0259 y\u00fcks\u0259l\u0259 bil\u0259r. Bu da anid\u0259n \u201ck\u0259skin istil\u0259\u015fm\u0259\u201d dem\u0259kdir. Amma bu proses sabit olmur. Y\u0259ni may ay\u0131nda bir ne\u00e7\u0259 g\u00fcn isti hava m\u00fc\u015fahid\u0259 olunsa da, ard\u0131nca yenid\u0259n s\u0259rin v\u0259 ya\u011f\u0131nt\u0131l\u0131 hava dal\u011fas\u0131 g\u0259l\u0259 bil\u0259r. Bu is\u0259 yaz f\u0259slinin d\u0259yi\u015fk\u0259n xarakterind\u0259n ir\u0259li g\u0259lir.<\/p>\n<p>Son ill\u0259rd\u0259 iqlim d\u0259yi\u015fikliyi n\u0259tic\u0259sind\u0259 hava hadis\u0259l\u0259rinin daha qeyri-sabit v\u0259 ekstremal xarakter almas\u0131 m\u00fc\u015fahid\u0259 olunur. Bu konteksd\u0259 yaz aylar\u0131n\u0131n gecikm\u0259si, q\u0259fil istil\u0259\u015fm\u0259 v\u0259 soyuma, intensiv ya\u011f\u0131nt\u0131lar kimi hallarda tez-tez ba\u015f verir. May ay\u0131nda ani istil\u0259\u015fm\u0259 ehtimal\u0131 da m\u0259hz bu qlobal d\u0259yi\u015fiklikl\u0259rin t\u0259siri il\u0259 real g\u00f6r\u00fcn\u00fcr.<\/p>\n<p>B\u00fct\u00fcn bu amill\u0259ri n\u0259z\u0259r\u0259 alsaq, may ay\u0131nda havalar\u0131n q\u0259fil v\u0259 k\u0259skin istil\u0259\u015fm\u0259si tamamil\u0259 m\u00fcmk\u00fcnd\u00fcr. Lakin bu istil\u0259\u015fm\u0259 davaml\u0131 v\u0259 sabit olmayacaq, y\u0259ni yaz\u0131n klassik, balansl\u0131 havas\u0131 yen\u0259 d\u0259 m\u00fc\u0259yy\u0259n m\u00fcdd\u0259t gecik\u0259 bil\u0259r. Bu s\u0259b\u0259bd\u0259n hesab edir\u0259m ki, yax\u0131n h\u0259ft\u0259l\u0259rd\u0259 h\u0259m isti, h\u0259m d\u0259 s\u0259rin g\u00fcnl\u0259r\u0259 haz\u0131r olmaq, hava proqnozlar\u0131n\u0131 m\u00fct\u0259madi izl\u0259m\u0259k \u0259n do\u011fru yana\u015fmad\u0131r\u201d.<\/p>\n","protected":false},"excerpt":{"rendered":"<p>Yaz f\u0259slinin bitm\u0259sin\u0259 1 ay qalsa da, onun xarakterik istiliyi v\u0259 sabitliyi h\u0259l\u0259 d\u0259 hiss olunmur. H\u0259tta may ay\u0131nda havalar\u0131n q\u0259fil v\u0259 k\u0259skin istil\u0259\u015f\u0259c\u0259yi g\u00f6zl\u0259nilir. Publika.az\u00a0x\u0259b\u0259r verir ki, Globalinfo.az-a dan\u0131\u015fan \u201cS\u0259ma v\u0259 Eko\u201d Sosial \u0130qtisadi \u0130nki\u015fafa Yard\u0131m \u0130ctimai Birliyinin s\u0259dri, ekoloq \u0130rad\u0259 H\u0259s\u0259nova deyib ki, yaz\u0131n ilk iki ay\u0131 Bak\u0131 v\u0259 \u0259traf b\u00f6lg\u0259l\u0259rd\u0259 qeyri-sabit, s\u0259rin v\u0259 ya\u011f\u0131nt\u0131l\u0131 hava \u015f\u0259raiti il\u0259 yadda qald\u0131: \u201c\u018fn\u0259n\u0259vi olaraq yaz aylar\u0131nda m\u00fc\u015fahid\u0259 edil\u0259n m\u00fclayim istilik v\u0259 g\u00fcn\u0259\u015fli g\u00fcnl\u0259r bu il \u00f6z\u00fcn\u00fc gec g\u00f6st\u0259rir. Metroloji bax\u0131m\u0131ndan f\u0259sill\u0259r aras\u0131nda ke\u00e7id d\u00f6vrl\u0259ri, x\u00fcsusil\u0259 yaz aylar\u0131 d\u0259yi\u015fk\u0259nliyi il\u0259 se\u00e7ilir.&hellip;<\/p>\n","protected":false},"author":2,"featured_media":850311,"comment_status":"closed","ping_status":"closed","sticky":false,"template":"","format":"standard","meta":{"om_disable_all_campaigns":false,"_monsterinsights_skip_tracking":false,"_monsterinsights_sitenote_active":false,"_monsterinsights_sitenote_note":"","_monsterinsights_sitenote_category":0},"categories":[22],"tags":[],"aioseo_notices":[],"gutentor_comment":0,"rttpg_featured_image_url":{"full":["https:\/\/arantv.az\/wp-content\/uploads\/2026\/04\/baki-hava_1.jpg",660,484,false],"landscape":["https:\/\/arantv.az\/wp-content\/uploads\/2026\/04\/baki-hava_1.jpg",660,484,false],"portraits":["https:\/\/arantv.az\/wp-content\/uploads\/2026\/04\/baki-hava_1.jpg",660,484,false],"thumbnail":["https:\/\/arantv.az\/wp-content\/uploads\/2026\/04\/baki-hava_1-500x280.jpg",500,280,true],"medium":["https:\/\/arantv.az\/wp-content\/uploads\/2026\/04\/baki-hava_1-498x365.jpg",498,365,true],"large":["https:\/\/arantv.az\/wp-content\/uploads\/2026\/04\/baki-hava_1.jpg",640,469,false],"1536x1536":["https:\/\/arantv.az\/wp-content\/uploads\/2026\/04\/baki-hava_1.jpg",660,484,false],"2048x2048":["https:\/\/arantv.az\/wp-content\/uploads\/2026\/04\/baki-hava_1.jpg",660,484,false],"post-thumbnail":["https:\/\/arantv.az\/wp-content\/uploads\/2026\/04\/baki-hava_1-240x172.jpg",240,172,true],"advps-thumb-one":["https:\/\/arantv.az\/wp-content\/uploads\/2026\/04\/baki-hava_1.jpg",660,484,false]},"rttpg_author":{"display_name":"V\u00fcsal Rafiqo\u011flu","author_link":"https:\/\/arantv.az\/?author=2"},"rttpg_comment":0,"rttpg_category":"<a href=\"https:\/\/arantv.az\/?cat=22\" rel=\"category\">Hava<\/a>","rttpg_excerpt":"Yaz f\u0259slinin bitm\u0259sin\u0259 1 ay qalsa da, onun xarakterik istiliyi v\u0259 sabitliyi h\u0259l\u0259 d\u0259 hiss olunmur. H\u0259tta may ay\u0131nda havalar\u0131n q\u0259fil v\u0259 k\u0259skin istil\u0259\u015f\u0259c\u0259yi g\u00f6zl\u0259nilir. Publika.az\u00a0x\u0259b\u0259r verir ki, Globalinfo.az-a dan\u0131\u015fan \u201cS\u0259ma v\u0259 Eko\u201d Sosial \u0130qtisadi \u0130nki\u015fafa Yard\u0131m \u0130ctimai Birliyinin s\u0259dri, ekoloq \u0130rad\u0259 H\u0259s\u0259nova deyib ki, yaz\u0131n ilk iki ay\u0131 Bak\u0131 v\u0259 \u0259traf b\u00f6lg\u0259l\u0259rd\u0259 qeyri-sabit, s\u0259rin&hellip;","_links":{"self":[{"href":"https:\/\/arantv.az\/index.php?rest_route=\/wp\/v2\/posts\/850310"}],"collection":[{"href":"https:\/\/arantv.az\/index.php?rest_route=\/wp\/v2\/posts"}],"about":[{"href":"https:\/\/arantv.az\/index.php?rest_route=\/wp\/v2\/types\/post"}],"author":[{"embeddable":true,"href":"https:\/\/arantv.az\/index.php?rest_route=\/wp\/v2\/users\/2"}],"replies":[{"embeddable":true,"href":"https:\/\/arantv.az\/index.php?rest_route=%2Fwp%2Fv2%2Fcomments&post=850310"}],"version-history":[{"count":1,"href":"https:\/\/arantv.az\/index.php?rest_route=\/wp\/v2\/posts\/850310\/revisions"}],"predecessor-version":[{"id":850312,"href":"https:\/\/arantv.az\/index.php?rest_route=\/wp\/v2\/posts\/850310\/revisions\/850312"}],"wp:featuredmedia":[{"embeddable":true,"href":"https:\/\/arantv.az\/index.php?rest_route=\/wp\/v2\/media\/850311"}],"wp:attachment":[{"href":"https:\/\/arantv.az\/index.php?rest_route=%2Fwp%2Fv2%2Fmedia&parent=850310"}],"wp:term":[{"taxonomy":"category","embeddable":true,"href":"https:\/\/arantv.az\/index.php?rest_route=%2Fwp%2Fv2%2Fcategories&post=850310"},{"taxonomy":"post_tag","embeddable":true,"href":"https:\/\/arantv.az\/index.php?rest_route=%2Fwp%2Fv2%2Ftags&post=850310"}],"curies":[{"name":"wp","href":"https:\/\/api.w.org\/{rel}","templated":true}]}}