{"id":850332,"date":"2026-04-30T12:24:40","date_gmt":"2026-04-30T08:24:40","guid":{"rendered":"https:\/\/arantv.az\/?p=850332"},"modified":"2026-04-30T12:24:40","modified_gmt":"2026-04-30T08:24:40","slug":"%c9%99rdogan-erm%c9%99nistana-gedir-ir%c9%99van-r%c9%99smi-d%c9%99v%c9%99t-gond%c9%99rdi","status":"publish","type":"post","link":"https:\/\/arantv.az\/?p=850332","title":{"rendered":"\u018frdo\u011fan Erm\u0259nistana GED\u0130R? &#8211; \u0130r\u0259van r\u0259smi d\u0259v\u0259t G\u00d6ND\u018fRD\u0130"},"content":{"rendered":"<p data-path-to-node=\"0\"><strong data-path-to-node=\"1\" data-index-in-node=\"0\">T\u00fcrkiy\u0259 prezidenti R\u0259c\u0259b Tayyib \u018frdo\u011fan Avropa \u00f6lk\u0259l\u0259ri aras\u0131nda strateji yax\u0131nl\u0131q, \u0259m\u0259kda\u015fl\u0131q, dialoq v\u0259 koordinasiyan\u0131 inki\u015faf etdirm\u0259k m\u0259qs\u0259dil\u0259 yarad\u0131lm\u0131\u015f Avropa Siyasi Birliyinin (ASB) iclas\u0131na d\u0259v\u0259t edilib.<\/strong><\/p>\n<p data-path-to-node=\"0\"><strong data-path-to-node=\"2\" data-index-in-node=\"213\">Musavat.com<\/strong>\u00a0x\u0259b\u0259r verir ki, toplant\u0131 may\u0131n 4-d\u0259 Erm\u0259nistan\u0131n paytaxt\u0131 \u0130r\u0259vanda ba\u015f tutacaq.<\/p>\n<p data-path-to-node=\"3\">\u201cG\u0259l\u0259c\u0259yin formala\u015fd\u0131r\u0131lmas\u0131: Avropada birlik v\u0259 sabitlik\u201d m\u00f6vzusuna h\u0259sr olunmu\u015f iclasa Avropa \u0130ttifaq\u0131 (A\u0130) \u015euras\u0131n\u0131n s\u0259dri Antoniu Ko\u015fta v\u0259 Erm\u0259nistan\u0131n Ba\u015f naziri Nikol Pa\u015finyan s\u0259drlik ed\u0259c\u0259k.<\/p>\n<p data-path-to-node=\"4\">T\u00fcrkiy\u0259 Fransa prezidenti Emmanuel Makronun t\u0259\u015f\u0259bb\u00fcs\u00fc il\u0259 yarad\u0131lan ASB-nin 2022-ci il oktyabr\u0131n 6-da Praqada ke\u00e7iril\u0259n ilk iclas\u0131nda i\u015ftirak edib. R\u0259c\u0259b Tayyib \u018frdo\u011fan h\u0259m\u00e7inin 2024-c\u00fc il noyabr\u0131n 7-d\u0259 Budape\u015ftd\u0259 v\u0259 2025-ci il may\u0131n 16-da Tiranada ke\u00e7iril\u0259n g\u00f6r\u00fc\u015fl\u0259r\u0259 d\u0259 qat\u0131l\u0131b. Lakin o, d\u0259v\u0259t almas\u0131na baxmayaraq, 2023-c\u00fc ild\u0259 \u0130spaniya v\u0259 Moldovada, 2024-c\u00fc ild\u0259 B\u00f6y\u00fck Britaniyada, 2025-ci ild\u0259 is\u0259 Danimarkada ba\u015f tutan g\u00f6r\u00fc\u015fl\u0259rd\u0259 i\u015ftirak etm\u0259yib.<\/p>\n<p data-path-to-node=\"5\">T\u00fcrkiy\u0259 liderinin \u0130r\u0259van sammitind\u0259 i\u015ftirak\u0131 il\u0259 ba\u011fl\u0131 h\u0259l\u0259lik Ankaradan r\u0259smi a\u00e7\u0131qlama verilm\u0259yib. Qaydalara \u0259sas\u0259n, iclasda yaln\u0131z d\u00f6vl\u0259t v\u0259 h\u00f6kum\u0259t ba\u015f\u00e7\u0131lar\u0131 t\u0259msil oluna bil\u0259r. Buna g\u00f6r\u0259 d\u0259 \u018frdo\u011fan sammit\u0259 qat\u0131lmasa, T\u00fcrkiy\u0259 g\u00f6r\u00fc\u015fd\u0259 t\u0259msil olunmayacaq. Maraql\u0131d\u0131r ki, bu d\u0259v\u0259t T\u00fcrkiy\u0259 il\u0259 Erm\u0259nistan aras\u0131nda m\u00fcnasib\u0259tl\u0259rin normalla\u015fmas\u0131 istiqam\u0259tind\u0259 add\u0131mlar\u0131n at\u0131ld\u0131\u011f\u0131 bir d\u00f6vr\u0259 t\u0259sad\u00fcf edir.<\/p>\n<p data-path-to-node=\"6\">Qeyd ed\u0259k ki, ASB-nin \u0130r\u0259van g\u00f6r\u00fc\u015f\u00fcn\u0259 48 \u00f6lk\u0259nin d\u00f6vl\u0259t v\u0259 h\u00f6kum\u0259t ba\u015f\u00e7\u0131s\u0131 d\u0259v\u0259t olunub. Sammitd\u0259 A\u0130-y\u0259 \u00fczv olan b\u00fct\u00fcn 27 d\u00f6vl\u0259tin n\u00fcmay\u0259nd\u0259l\u0259rinin i\u015ftirak\u0131 g\u00f6zl\u0259nilir. T\u00fcrkiy\u0259 il\u0259 yana\u015f\u0131, Az\u0259rbaycan, B\u00f6y\u00fck Britaniya, G\u00fcrc\u00fcstan, Ukrayna, \u0130sve\u00e7r\u0259 v\u0259 dig\u0259r qeyri-\u00fczv \u00f6lk\u0259l\u0259r d\u0259 t\u0259dbir\u0259 d\u0259v\u0259tlidir. Rusiya v\u0259 Belarus is\u0259 Ukraynadak\u0131 m\u00fcharib\u0259 s\u0259b\u0259bind\u0259n t\u0259tbiq edil\u0259n sanksiyalara g\u00f6r\u0259 builki toplant\u0131ya da \u00e7a\u011f\u0131r\u0131lmay\u0131b.<\/p>\n","protected":false},"excerpt":{"rendered":"<p>T\u00fcrkiy\u0259 prezidenti R\u0259c\u0259b Tayyib \u018frdo\u011fan Avropa \u00f6lk\u0259l\u0259ri aras\u0131nda strateji yax\u0131nl\u0131q, \u0259m\u0259kda\u015fl\u0131q, dialoq v\u0259 koordinasiyan\u0131 inki\u015faf etdirm\u0259k m\u0259qs\u0259dil\u0259 yarad\u0131lm\u0131\u015f Avropa Siyasi Birliyinin (ASB) iclas\u0131na d\u0259v\u0259t edilib. Musavat.com\u00a0x\u0259b\u0259r verir ki, toplant\u0131 may\u0131n 4-d\u0259 Erm\u0259nistan\u0131n paytaxt\u0131 \u0130r\u0259vanda ba\u015f tutacaq. \u201cG\u0259l\u0259c\u0259yin formala\u015fd\u0131r\u0131lmas\u0131: Avropada birlik v\u0259 sabitlik\u201d m\u00f6vzusuna h\u0259sr olunmu\u015f iclasa Avropa \u0130ttifaq\u0131 (A\u0130) \u015euras\u0131n\u0131n s\u0259dri Antoniu Ko\u015fta v\u0259 Erm\u0259nistan\u0131n Ba\u015f naziri Nikol Pa\u015finyan s\u0259drlik ed\u0259c\u0259k. T\u00fcrkiy\u0259 Fransa prezidenti Emmanuel Makronun t\u0259\u015f\u0259bb\u00fcs\u00fc il\u0259 yarad\u0131lan ASB-nin 2022-ci il oktyabr\u0131n 6-da Praqada ke\u00e7iril\u0259n ilk iclas\u0131nda i\u015ftirak edib. R\u0259c\u0259b Tayyib \u018frdo\u011fan h\u0259m\u00e7inin 2024-c\u00fc il noyabr\u0131n 7-d\u0259 Budape\u015ftd\u0259 v\u0259&hellip;<\/p>\n","protected":false},"author":2,"featured_media":850333,"comment_status":"closed","ping_status":"closed","sticky":false,"template":"","format":"standard","meta":{"om_disable_all_campaigns":false,"_monsterinsights_skip_tracking":false,"_monsterinsights_sitenote_active":false,"_monsterinsights_sitenote_note":"","_monsterinsights_sitenote_category":0},"categories":[4],"tags":[],"aioseo_notices":[],"gutentor_comment":0,"rttpg_featured_image_url":{"full":["https:\/\/arantv.az\/wp-content\/uploads\/2026\/04\/f82be589ee422b65630517118eef543f.jpg",870,500,false],"landscape":["https:\/\/arantv.az\/wp-content\/uploads\/2026\/04\/f82be589ee422b65630517118eef543f.jpg",870,500,false],"portraits":["https:\/\/arantv.az\/wp-content\/uploads\/2026\/04\/f82be589ee422b65630517118eef543f.jpg",870,500,false],"thumbnail":["https:\/\/arantv.az\/wp-content\/uploads\/2026\/04\/f82be589ee422b65630517118eef543f-500x280.jpg",500,280,true],"medium":["https:\/\/arantv.az\/wp-content\/uploads\/2026\/04\/f82be589ee422b65630517118eef543f-635x365.jpg",635,365,true],"large":["https:\/\/arantv.az\/wp-content\/uploads\/2026\/04\/f82be589ee422b65630517118eef543f-840x483.jpg",640,368,true],"1536x1536":["https:\/\/arantv.az\/wp-content\/uploads\/2026\/04\/f82be589ee422b65630517118eef543f.jpg",870,500,false],"2048x2048":["https:\/\/arantv.az\/wp-content\/uploads\/2026\/04\/f82be589ee422b65630517118eef543f.jpg",870,500,false],"post-thumbnail":["https:\/\/arantv.az\/wp-content\/uploads\/2026\/04\/f82be589ee422b65630517118eef543f-240x172.jpg",240,172,true],"advps-thumb-one":["https:\/\/arantv.az\/wp-content\/uploads\/2026\/04\/f82be589ee422b65630517118eef543f.jpg",870,500,false]},"rttpg_author":{"display_name":"V\u00fcsal Rafiqo\u011flu","author_link":"https:\/\/arantv.az\/?author=2"},"rttpg_comment":0,"rttpg_category":"<a href=\"https:\/\/arantv.az\/?cat=4\" rel=\"category\">Siyas\u0259t<\/a>","rttpg_excerpt":"T\u00fcrkiy\u0259 prezidenti R\u0259c\u0259b Tayyib \u018frdo\u011fan Avropa \u00f6lk\u0259l\u0259ri aras\u0131nda strateji yax\u0131nl\u0131q, \u0259m\u0259kda\u015fl\u0131q, dialoq v\u0259 koordinasiyan\u0131 inki\u015faf etdirm\u0259k m\u0259qs\u0259dil\u0259 yarad\u0131lm\u0131\u015f Avropa Siyasi Birliyinin (ASB) iclas\u0131na d\u0259v\u0259t edilib. Musavat.com\u00a0x\u0259b\u0259r verir ki, toplant\u0131 may\u0131n 4-d\u0259 Erm\u0259nistan\u0131n paytaxt\u0131 \u0130r\u0259vanda ba\u015f tutacaq. \u201cG\u0259l\u0259c\u0259yin formala\u015fd\u0131r\u0131lmas\u0131: Avropada birlik v\u0259 sabitlik\u201d m\u00f6vzusuna h\u0259sr olunmu\u015f iclasa Avropa \u0130ttifaq\u0131 (A\u0130) \u015euras\u0131n\u0131n s\u0259dri Antoniu Ko\u015fta v\u0259 Erm\u0259nistan\u0131n&hellip;","_links":{"self":[{"href":"https:\/\/arantv.az\/index.php?rest_route=\/wp\/v2\/posts\/850332"}],"collection":[{"href":"https:\/\/arantv.az\/index.php?rest_route=\/wp\/v2\/posts"}],"about":[{"href":"https:\/\/arantv.az\/index.php?rest_route=\/wp\/v2\/types\/post"}],"author":[{"embeddable":true,"href":"https:\/\/arantv.az\/index.php?rest_route=\/wp\/v2\/users\/2"}],"replies":[{"embeddable":true,"href":"https:\/\/arantv.az\/index.php?rest_route=%2Fwp%2Fv2%2Fcomments&post=850332"}],"version-history":[{"count":2,"href":"https:\/\/arantv.az\/index.php?rest_route=\/wp\/v2\/posts\/850332\/revisions"}],"predecessor-version":[{"id":850335,"href":"https:\/\/arantv.az\/index.php?rest_route=\/wp\/v2\/posts\/850332\/revisions\/850335"}],"wp:featuredmedia":[{"embeddable":true,"href":"https:\/\/arantv.az\/index.php?rest_route=\/wp\/v2\/media\/850333"}],"wp:attachment":[{"href":"https:\/\/arantv.az\/index.php?rest_route=%2Fwp%2Fv2%2Fmedia&parent=850332"}],"wp:term":[{"taxonomy":"category","embeddable":true,"href":"https:\/\/arantv.az\/index.php?rest_route=%2Fwp%2Fv2%2Fcategories&post=850332"},{"taxonomy":"post_tag","embeddable":true,"href":"https:\/\/arantv.az\/index.php?rest_route=%2Fwp%2Fv2%2Ftags&post=850332"}],"curies":[{"name":"wp","href":"https:\/\/api.w.org\/{rel}","templated":true}]}}