{"id":850346,"date":"2026-04-30T12:41:38","date_gmt":"2026-04-30T08:41:38","guid":{"rendered":"https:\/\/arantv.az\/?p=850346"},"modified":"2026-04-30T12:41:38","modified_gmt":"2026-04-30T08:41:38","slug":"son-d%c9%99qiq%c9%99-r%c9%99sad-dagli-azadliga-cixa-bil%c9%99r","status":"publish","type":"post","link":"https:\/\/arantv.az\/?p=850346","title":{"rendered":"SON D\u018fQ\u0130Q\u018f: R\u0259\u015fad Da\u011fl\u0131 azadl\u0131\u011fa \u00e7\u0131xa bil\u0259r"},"content":{"rendered":"<p><strong>May ay\u0131nda \u0259fv s\u0259r\u0259ncam\u0131n\u0131n imzalan\u0131b-imzalanmayaca\u011f\u0131 h\u0259l\u0259 d\u0259 qeyri-m\u00fc\u0259yy\u0259n olaraq qal\u0131r. Bununla bel\u0259, c\u0259miyy\u0259td\u0259 x\u00fcsusil\u0259 rezonans do\u011furan m\u0259hkumlarla ba\u011fl\u0131 m\u00fcmk\u00fcn \u0259fv ehtimallar\u0131 m\u00fczakir\u0259 m\u00f6vzusuna \u00e7evrilib. Onlardan biri d\u0259 qon\u015fusunu q\u0259tl\u0259 yetirm\u0259kd\u0259 t\u0259qsirli bilin\u0259r\u0259k 9 il 6 ay azadl\u0131qdan m\u0259hrum edil\u0259n meyxana\u00e7\u0131 R\u0259\u015fad \u018fmirovdur (Da\u011fl\u0131).<\/strong><\/p>\n<p>Maraql\u0131d\u0131r, bel\u0259 bir s\u0259r\u0259ncam imzalanarsa, o, \u0259fv\u0259 d\u00fc\u015f\u0259 bil\u0259rmi?<\/p>\n<p>M\u00f6vzu il\u0259 ba\u011fl\u0131 KONKRET.az-a a\u00e7\u0131qlama ver\u0259n h\u00fcquq\u015f\u00fcnas Ramil S\u00fcleymanov bildirib ki, \u0259fv f\u0259rdi xarakter da\u015f\u0131yan h\u00fcquqi aktd\u0131r v\u0259 birba\u015fa \u00f6lk\u0259 ba\u015f\u00e7\u0131s\u0131 t\u0259r\u0259find\u0259n imzalan\u0131r.<\/p>\n<p>Ramil S\u00fcleymanov: U\u015faqlar\u0131n h\u00fcquqlar\u0131n\u0131 qorumaq valideynl\u0259rin borcudur<\/p>\n<p>Onun s\u00f6zl\u0259rin\u0259 g\u00f6r\u0259, \u0259fv s\u0259r\u0259ncam\u0131 ad\u0259t\u0259n \u0259vv\u0259lc\u0259d\u0259n m\u00fc\u0259yy\u0259n haz\u0131rl\u0131q m\u0259rh\u0259l\u0259si il\u0259 m\u00fc\u015fayi\u0259t olunur:<\/p>\n<p>\u201c\u018ffv s\u0259r\u0259ncam\u0131 il\u0259 ba\u011fl\u0131 h\u0259r hans\u0131 planla\u015fd\u0131rma olduqda, bu proses ad\u0259t\u0259n 2-3 ay \u0259vv\u0259l ba\u015flay\u0131r. Bu m\u00fcdd\u0259td\u0259 ictimaiyy\u0259t\u0259 m\u00fc\u0259yy\u0259n siqnallar verilir, m\u0259hkumlar\u0131n ail\u0259l\u0259ri v\u0259 ya \u00f6zl\u0259ri t\u0259r\u0259find\u0259n \u018ffv Komissiyas\u0131na m\u00fcraci\u0259tl\u0259r edilir. Komissiya is\u0259 daxil olan m\u00fcraci\u0259tl\u0259ri ara\u015fd\u0131rma\u011fa ba\u015flay\u0131r.\u201d<\/p>\n<p>H\u00fcquq\u015f\u00fcnas qeyd edib ki, \u0259fv olunmaq \u00fc\u00e7\u00fcn \u0259sas meyarlar m\u00f6vcuddur. Bunlardan \u0259n vacibi m\u0259hkumun t\u0259yin olunmu\u015f c\u0259zan\u0131n \u0259n az\u0131 yar\u0131s\u0131n\u0131 \u00e7\u0259km\u0259sidir:<\/p>\n<p>\u201c\u015e\u0259xsin \u0259fv\u0259 d\u00fc\u015fm\u0259si \u00fc\u00e7\u00fcn o, c\u0259zas\u0131n\u0131n \u0259n az\u0131 yar\u0131s\u0131n\u0131 \u00e7\u0259km\u0259lidir. Bundan \u0259lav\u0259, onun c\u0259za\u00e7\u0259km\u0259 m\u00fc\u0259ssis\u0259si t\u0259r\u0259find\u0259n m\u00fcsb\u0259t xarakteriz\u0259 edilm\u0259si, vurdu\u011fu z\u0259r\u0259rin \u00f6d\u0259nilm\u0259si v\u0259 z\u0259r\u0259r\u00e7\u0259kmi\u015f t\u0259r\u0259fin \u015fikay\u0259tinin olmamas\u0131 da m\u00fch\u00fcm rol oynay\u0131r. Bunlar \u0259fv \u00fc\u00e7\u00fcn \u0259sas m\u00fcsb\u0259t g\u00f6st\u0259ricil\u0259r say\u0131l\u0131r.\u201d<\/p>\n<p>Ramil S\u00fcleymanov vur\u011fulay\u0131b ki, konkret olaraq R\u0259\u015fad \u018fmirovun \u0259fv\u0259 d\u00fc\u015fm\u0259 ehtimal\u0131n\u0131 qiym\u0259tl\u0259ndirm\u0259k \u00fc\u00e7\u00fcn onun m\u0259hk\u0259m\u0259 h\u00f6km\u00fcn\u00fcn q\u00fcvv\u0259y\u0259 mindiyi tarix \u0259sas g\u00f6t\u00fcr\u00fclm\u0259lidir:<\/p>\n<p>\u201c\u018fg\u0259r o, t\u0259yin olunmu\u015f 9 il 6 ayl\u0131q c\u0259zan\u0131n yar\u0131s\u0131ndan \u00e7oxunu \u2013 y\u0259ni \u0259n az\u0131 4 il 8 ay\u0131n\u0131 \u00e7\u0259kibs\u0259, onunla ba\u011fl\u0131 \u0259fv \u00fc\u00e7\u00fcn m\u00fcraci\u0259t edil\u0259 v\u0259 buna bax\u0131la bil\u0259r. \u018fks halda, haz\u0131rk\u0131 m\u0259rh\u0259l\u0259d\u0259 bu h\u00fcquqi bax\u0131mdan m\u00fcmk\u00fcn say\u0131lm\u0131r.\u201d<\/p>\n<p>Qeyd ed\u0259k ki, \u0259fv s\u0259r\u0259ncamlar\u0131 h\u0259r il m\u00fc\u0259yy\u0259n tarixl\u0259rd\u0259 \u2013 \u0259sas\u0259n bayramlar \u0259r\u0259f\u0259sind\u0259 imzalan\u0131r.<\/p>\n","protected":false},"excerpt":{"rendered":"<p>May ay\u0131nda \u0259fv s\u0259r\u0259ncam\u0131n\u0131n imzalan\u0131b-imzalanmayaca\u011f\u0131 h\u0259l\u0259 d\u0259 qeyri-m\u00fc\u0259yy\u0259n olaraq qal\u0131r. Bununla bel\u0259, c\u0259miyy\u0259td\u0259 x\u00fcsusil\u0259 rezonans do\u011furan m\u0259hkumlarla ba\u011fl\u0131 m\u00fcmk\u00fcn \u0259fv ehtimallar\u0131 m\u00fczakir\u0259 m\u00f6vzusuna \u00e7evrilib. Onlardan biri d\u0259 qon\u015fusunu q\u0259tl\u0259 yetirm\u0259kd\u0259 t\u0259qsirli bilin\u0259r\u0259k 9 il 6 ay azadl\u0131qdan m\u0259hrum edil\u0259n meyxana\u00e7\u0131 R\u0259\u015fad \u018fmirovdur (Da\u011fl\u0131). Maraql\u0131d\u0131r, bel\u0259 bir s\u0259r\u0259ncam imzalanarsa, o, \u0259fv\u0259 d\u00fc\u015f\u0259 bil\u0259rmi? M\u00f6vzu il\u0259 ba\u011fl\u0131 KONKRET.az-a a\u00e7\u0131qlama ver\u0259n h\u00fcquq\u015f\u00fcnas Ramil S\u00fcleymanov bildirib ki, \u0259fv f\u0259rdi xarakter da\u015f\u0131yan h\u00fcquqi aktd\u0131r v\u0259 birba\u015fa \u00f6lk\u0259 ba\u015f\u00e7\u0131s\u0131 t\u0259r\u0259find\u0259n imzalan\u0131r. Ramil S\u00fcleymanov: U\u015faqlar\u0131n h\u00fcquqlar\u0131n\u0131 qorumaq valideynl\u0259rin borcudur Onun s\u00f6zl\u0259rin\u0259 g\u00f6r\u0259, \u0259fv s\u0259r\u0259ncam\u0131 ad\u0259t\u0259n \u0259vv\u0259lc\u0259d\u0259n m\u00fc\u0259yy\u0259n&hellip;<\/p>\n","protected":false},"author":2,"featured_media":850347,"comment_status":"closed","ping_status":"closed","sticky":false,"template":"","format":"standard","meta":{"om_disable_all_campaigns":false,"_monsterinsights_skip_tracking":false,"_monsterinsights_sitenote_active":false,"_monsterinsights_sitenote_note":"","_monsterinsights_sitenote_category":0},"categories":[1],"tags":[],"aioseo_notices":[],"gutentor_comment":0,"rttpg_featured_image_url":{"full":["https:\/\/arantv.az\/wp-content\/uploads\/2026\/04\/ff4515ed50f993595c864aabbed1a280.jpg",768,403,false],"landscape":["https:\/\/arantv.az\/wp-content\/uploads\/2026\/04\/ff4515ed50f993595c864aabbed1a280.jpg",768,403,false],"portraits":["https:\/\/arantv.az\/wp-content\/uploads\/2026\/04\/ff4515ed50f993595c864aabbed1a280.jpg",768,403,false],"thumbnail":["https:\/\/arantv.az\/wp-content\/uploads\/2026\/04\/ff4515ed50f993595c864aabbed1a280-500x280.jpg",500,280,true],"medium":["https:\/\/arantv.az\/wp-content\/uploads\/2026\/04\/ff4515ed50f993595c864aabbed1a280-660x346.jpg",660,346,true],"large":["https:\/\/arantv.az\/wp-content\/uploads\/2026\/04\/ff4515ed50f993595c864aabbed1a280.jpg",640,336,false],"1536x1536":["https:\/\/arantv.az\/wp-content\/uploads\/2026\/04\/ff4515ed50f993595c864aabbed1a280.jpg",768,403,false],"2048x2048":["https:\/\/arantv.az\/wp-content\/uploads\/2026\/04\/ff4515ed50f993595c864aabbed1a280.jpg",768,403,false],"post-thumbnail":["https:\/\/arantv.az\/wp-content\/uploads\/2026\/04\/ff4515ed50f993595c864aabbed1a280-240x172.jpg",240,172,true],"advps-thumb-one":["https:\/\/arantv.az\/wp-content\/uploads\/2026\/04\/ff4515ed50f993595c864aabbed1a280.jpg",768,403,false]},"rttpg_author":{"display_name":"V\u00fcsal Rafiqo\u011flu","author_link":"https:\/\/arantv.az\/?author=2"},"rttpg_comment":0,"rttpg_category":"<a href=\"https:\/\/arantv.az\/?cat=1\" rel=\"category\">C\u0259miyy\u0259t<\/a>","rttpg_excerpt":"May ay\u0131nda \u0259fv s\u0259r\u0259ncam\u0131n\u0131n imzalan\u0131b-imzalanmayaca\u011f\u0131 h\u0259l\u0259 d\u0259 qeyri-m\u00fc\u0259yy\u0259n olaraq qal\u0131r. Bununla bel\u0259, c\u0259miyy\u0259td\u0259 x\u00fcsusil\u0259 rezonans do\u011furan m\u0259hkumlarla ba\u011fl\u0131 m\u00fcmk\u00fcn \u0259fv ehtimallar\u0131 m\u00fczakir\u0259 m\u00f6vzusuna \u00e7evrilib. Onlardan biri d\u0259 qon\u015fusunu q\u0259tl\u0259 yetirm\u0259kd\u0259 t\u0259qsirli bilin\u0259r\u0259k 9 il 6 ay azadl\u0131qdan m\u0259hrum edil\u0259n meyxana\u00e7\u0131 R\u0259\u015fad \u018fmirovdur (Da\u011fl\u0131). Maraql\u0131d\u0131r, bel\u0259 bir s\u0259r\u0259ncam imzalanarsa, o, \u0259fv\u0259 d\u00fc\u015f\u0259 bil\u0259rmi? M\u00f6vzu il\u0259 ba\u011fl\u0131&hellip;","_links":{"self":[{"href":"https:\/\/arantv.az\/index.php?rest_route=\/wp\/v2\/posts\/850346"}],"collection":[{"href":"https:\/\/arantv.az\/index.php?rest_route=\/wp\/v2\/posts"}],"about":[{"href":"https:\/\/arantv.az\/index.php?rest_route=\/wp\/v2\/types\/post"}],"author":[{"embeddable":true,"href":"https:\/\/arantv.az\/index.php?rest_route=\/wp\/v2\/users\/2"}],"replies":[{"embeddable":true,"href":"https:\/\/arantv.az\/index.php?rest_route=%2Fwp%2Fv2%2Fcomments&post=850346"}],"version-history":[{"count":1,"href":"https:\/\/arantv.az\/index.php?rest_route=\/wp\/v2\/posts\/850346\/revisions"}],"predecessor-version":[{"id":850348,"href":"https:\/\/arantv.az\/index.php?rest_route=\/wp\/v2\/posts\/850346\/revisions\/850348"}],"wp:featuredmedia":[{"embeddable":true,"href":"https:\/\/arantv.az\/index.php?rest_route=\/wp\/v2\/media\/850347"}],"wp:attachment":[{"href":"https:\/\/arantv.az\/index.php?rest_route=%2Fwp%2Fv2%2Fmedia&parent=850346"}],"wp:term":[{"taxonomy":"category","embeddable":true,"href":"https:\/\/arantv.az\/index.php?rest_route=%2Fwp%2Fv2%2Fcategories&post=850346"},{"taxonomy":"post_tag","embeddable":true,"href":"https:\/\/arantv.az\/index.php?rest_route=%2Fwp%2Fv2%2Ftags&post=850346"}],"curies":[{"name":"wp","href":"https:\/\/api.w.org\/{rel}","templated":true}]}}