{"id":850353,"date":"2026-04-30T15:11:14","date_gmt":"2026-04-30T11:11:14","guid":{"rendered":"https:\/\/arantv.az\/?p=850353"},"modified":"2026-04-30T15:11:14","modified_gmt":"2026-04-30T11:11:14","slug":"az%c9%99rbaycanda-bu-t%c9%99r%c9%99v%c9%99zin-qiym%c9%99ti-k%c9%99skin-ucuzlasdi","status":"publish","type":"post","link":"https:\/\/arantv.az\/?p=850353","title":{"rendered":"Az\u0259rbaycanda bu t\u0259r\u0259v\u0259zin qiym\u0259ti k\u0259skin UCUZLA\u015eDI"},"content":{"rendered":"<p>&#8220;Az\u0259rbaycanda so\u011fan ucuzla\u015f\u0131b v\u0259 bazarda qiym\u0259tinin a\u015fa\u011f\u0131 d\u00fc\u015fm\u0259si m\u0259hsulun bollu\u011fu il\u0259 \u0259laq\u0259dard\u0131r&#8221;.<\/p>\n<p>Musavat.com\u00a0x\u0259b\u0259r verir ki, bunu \u0130qtisadiyyat.az-a a\u00e7\u0131qlamas\u0131nda Milli M\u0259clisin Aqrar siyas\u0259t komit\u0259sinin s\u0259dri Tahir Rzayev deyib.<\/p>\n<p>Komit\u0259 s\u0259dri t\u0259\u0259ss\u00fcfl\u0259 qeyd edib ki, bir \u00e7ox hallarda sahibkarlar reall\u0131qlar\u0131 n\u0259z\u0259r\u0259 alm\u0131r, bazar\u0131n t\u0259l\u0259bl\u0259rini \u00f6yr\u0259nmir v\u0259 \u0259halinin m\u0259hsula olan t\u0259l\u0259bat\u0131n\u0131 vaxt\u0131nda m\u00fc\u015fahid\u0259 edib ara\u015fd\u0131rm\u0131rlar:<\/p>\n<p>&#8220;Buna g\u00f6r\u0259 d\u0259 kartof, so\u011fan v\u0259 dig\u0259r k\u0259nd t\u0259s\u0259rr\u00fcfat\u0131 m\u0259hsullar\u0131 bir balaca bahala\u015fan kimi sahibkarlar h\u0259min m\u0259hsullar\u0131n yeti\u015fdirilm\u0259sin\u0259 daha b\u00f6y\u00fck \u00f6n\u0259m verirl\u0259r v\u0259 n\u0259tic\u0259d\u0259 m\u0259hsulun bollu\u011funa s\u0259b\u0259b olur. Bel\u0259likl\u0259, h\u0259min m\u0259hsul bazarda qiym\u0259tini itirir&#8221;.<\/p>\n<p>T.Rzayev hesab edir ki, bu da sahibkarlar\u0131n \u00f6zl\u0259rind\u0259n as\u0131l\u0131d\u0131r: &#8220;\u00c7\u00fcnki onlar torpaq sahibidirl\u0259r. Onlara he\u00e7 vaxt hans\u0131 m\u0259hsulun \u0259kilm\u0259sini v\u0259 bec\u0259rilm\u0259sini t\u0259l\u0259b etm\u0259k m\u00fcmk\u00fcn deyil. Lakin m\u00fcvafiq orqanlar bunu t\u0259nziml\u0259m\u0259lidirl\u0259r. Bu istiqam\u0259td\u0259 maarifl\u0259ndirm\u0259 t\u0259dbirl\u0259ri apar\u0131lmal\u0131, fermerl\u0259r v\u0259 sahibkarlar bu bar\u0259d\u0259 \u0259trafl\u0131 m\u0259lumat almal\u0131d\u0131rlar. H\u0259m hava \u015f\u0259raiti, h\u0259m d\u0259 m\u0259hsulun hans\u0131 miqdarda \u0259kilm\u0259si v\u0259 bazar\u0131n t\u0259l\u0259bl\u0259ri onlara a\u015f\u0131lanmal\u0131d\u0131r. D\u00fc\u015f\u00fcn\u00fcr\u0259m ki, bel\u0259 olan halda, bazar t\u0259nziml\u0259n\u0259r v\u0259 sahibkar\u0131n \u0259m\u0259yi \u0259lind\u0259 qalmaz&#8221;.<\/p>\n","protected":false},"excerpt":{"rendered":"<p>&#8220;Az\u0259rbaycanda so\u011fan ucuzla\u015f\u0131b v\u0259 bazarda qiym\u0259tinin a\u015fa\u011f\u0131 d\u00fc\u015fm\u0259si m\u0259hsulun bollu\u011fu il\u0259 \u0259laq\u0259dard\u0131r&#8221;. Musavat.com\u00a0x\u0259b\u0259r verir ki, bunu \u0130qtisadiyyat.az-a a\u00e7\u0131qlamas\u0131nda Milli M\u0259clisin Aqrar siyas\u0259t komit\u0259sinin s\u0259dri Tahir Rzayev deyib. Komit\u0259 s\u0259dri t\u0259\u0259ss\u00fcfl\u0259 qeyd edib ki, bir \u00e7ox hallarda sahibkarlar reall\u0131qlar\u0131 n\u0259z\u0259r\u0259 alm\u0131r, bazar\u0131n t\u0259l\u0259bl\u0259rini \u00f6yr\u0259nmir v\u0259 \u0259halinin m\u0259hsula olan t\u0259l\u0259bat\u0131n\u0131 vaxt\u0131nda m\u00fc\u015fahid\u0259 edib ara\u015fd\u0131rm\u0131rlar: &#8220;Buna g\u00f6r\u0259 d\u0259 kartof, so\u011fan v\u0259 dig\u0259r k\u0259nd t\u0259s\u0259rr\u00fcfat\u0131 m\u0259hsullar\u0131 bir balaca bahala\u015fan kimi sahibkarlar h\u0259min m\u0259hsullar\u0131n yeti\u015fdirilm\u0259sin\u0259 daha b\u00f6y\u00fck \u00f6n\u0259m verirl\u0259r v\u0259 n\u0259tic\u0259d\u0259 m\u0259hsulun bollu\u011funa s\u0259b\u0259b olur. Bel\u0259likl\u0259, h\u0259min m\u0259hsul bazarda qiym\u0259tini itirir&#8221;. T.Rzayev hesab edir ki,&hellip;<\/p>\n","protected":false},"author":2,"featured_media":850354,"comment_status":"closed","ping_status":"closed","sticky":false,"template":"","format":"standard","meta":{"om_disable_all_campaigns":false,"_monsterinsights_skip_tracking":false,"_monsterinsights_sitenote_active":false,"_monsterinsights_sitenote_note":"","_monsterinsights_sitenote_category":0},"categories":[1],"tags":[],"aioseo_notices":[],"gutentor_comment":0,"rttpg_featured_image_url":{"full":["https:\/\/arantv.az\/wp-content\/uploads\/2026\/04\/378eef7b2d9386bc4f328f26e8b6b03e.jpg",770,415,false],"landscape":["https:\/\/arantv.az\/wp-content\/uploads\/2026\/04\/378eef7b2d9386bc4f328f26e8b6b03e.jpg",770,415,false],"portraits":["https:\/\/arantv.az\/wp-content\/uploads\/2026\/04\/378eef7b2d9386bc4f328f26e8b6b03e.jpg",770,415,false],"thumbnail":["https:\/\/arantv.az\/wp-content\/uploads\/2026\/04\/378eef7b2d9386bc4f328f26e8b6b03e-500x280.jpg",500,280,true],"medium":["https:\/\/arantv.az\/wp-content\/uploads\/2026\/04\/378eef7b2d9386bc4f328f26e8b6b03e-660x356.jpg",660,356,true],"large":["https:\/\/arantv.az\/wp-content\/uploads\/2026\/04\/378eef7b2d9386bc4f328f26e8b6b03e.jpg",640,345,false],"1536x1536":["https:\/\/arantv.az\/wp-content\/uploads\/2026\/04\/378eef7b2d9386bc4f328f26e8b6b03e.jpg",770,415,false],"2048x2048":["https:\/\/arantv.az\/wp-content\/uploads\/2026\/04\/378eef7b2d9386bc4f328f26e8b6b03e.jpg",770,415,false],"post-thumbnail":["https:\/\/arantv.az\/wp-content\/uploads\/2026\/04\/378eef7b2d9386bc4f328f26e8b6b03e-240x172.jpg",240,172,true],"advps-thumb-one":["https:\/\/arantv.az\/wp-content\/uploads\/2026\/04\/378eef7b2d9386bc4f328f26e8b6b03e.jpg",770,415,false]},"rttpg_author":{"display_name":"V\u00fcsal Rafiqo\u011flu","author_link":"https:\/\/arantv.az\/?author=2"},"rttpg_comment":0,"rttpg_category":"<a href=\"https:\/\/arantv.az\/?cat=1\" rel=\"category\">C\u0259miyy\u0259t<\/a>","rttpg_excerpt":"&#8220;Az\u0259rbaycanda so\u011fan ucuzla\u015f\u0131b v\u0259 bazarda qiym\u0259tinin a\u015fa\u011f\u0131 d\u00fc\u015fm\u0259si m\u0259hsulun bollu\u011fu il\u0259 \u0259laq\u0259dard\u0131r&#8221;. Musavat.com\u00a0x\u0259b\u0259r verir ki, bunu \u0130qtisadiyyat.az-a a\u00e7\u0131qlamas\u0131nda Milli M\u0259clisin Aqrar siyas\u0259t komit\u0259sinin s\u0259dri Tahir Rzayev deyib. Komit\u0259 s\u0259dri t\u0259\u0259ss\u00fcfl\u0259 qeyd edib ki, bir \u00e7ox hallarda sahibkarlar reall\u0131qlar\u0131 n\u0259z\u0259r\u0259 alm\u0131r, bazar\u0131n t\u0259l\u0259bl\u0259rini \u00f6yr\u0259nmir v\u0259 \u0259halinin m\u0259hsula olan t\u0259l\u0259bat\u0131n\u0131 vaxt\u0131nda m\u00fc\u015fahid\u0259 edib ara\u015fd\u0131rm\u0131rlar: &#8220;Buna g\u00f6r\u0259 d\u0259&hellip;","_links":{"self":[{"href":"https:\/\/arantv.az\/index.php?rest_route=\/wp\/v2\/posts\/850353"}],"collection":[{"href":"https:\/\/arantv.az\/index.php?rest_route=\/wp\/v2\/posts"}],"about":[{"href":"https:\/\/arantv.az\/index.php?rest_route=\/wp\/v2\/types\/post"}],"author":[{"embeddable":true,"href":"https:\/\/arantv.az\/index.php?rest_route=\/wp\/v2\/users\/2"}],"replies":[{"embeddable":true,"href":"https:\/\/arantv.az\/index.php?rest_route=%2Fwp%2Fv2%2Fcomments&post=850353"}],"version-history":[{"count":1,"href":"https:\/\/arantv.az\/index.php?rest_route=\/wp\/v2\/posts\/850353\/revisions"}],"predecessor-version":[{"id":850355,"href":"https:\/\/arantv.az\/index.php?rest_route=\/wp\/v2\/posts\/850353\/revisions\/850355"}],"wp:featuredmedia":[{"embeddable":true,"href":"https:\/\/arantv.az\/index.php?rest_route=\/wp\/v2\/media\/850354"}],"wp:attachment":[{"href":"https:\/\/arantv.az\/index.php?rest_route=%2Fwp%2Fv2%2Fmedia&parent=850353"}],"wp:term":[{"taxonomy":"category","embeddable":true,"href":"https:\/\/arantv.az\/index.php?rest_route=%2Fwp%2Fv2%2Fcategories&post=850353"},{"taxonomy":"post_tag","embeddable":true,"href":"https:\/\/arantv.az\/index.php?rest_route=%2Fwp%2Fv2%2Ftags&post=850353"}],"curies":[{"name":"wp","href":"https:\/\/api.w.org\/{rel}","templated":true}]}}