{"id":850356,"date":"2026-04-30T15:13:16","date_gmt":"2026-04-30T11:13:16","guid":{"rendered":"https:\/\/arantv.az\/?p=850356"},"modified":"2026-04-30T15:13:16","modified_gmt":"2026-04-30T11:13:16","slug":"ilham-%c9%99liyevd%c9%99n-avropaya-s%c9%99rt-mesaj-az%c9%99rbaycana-qarsi-bu-%c9%99dal%c9%99tsizlik","status":"publish","type":"post","link":"https:\/\/arantv.az\/?p=850356","title":{"rendered":"\u0130lham \u018fliyevd\u0259n Avropaya S\u018fRT mesaj: Az\u0259rbaycana qar\u015f\u0131 bu \u0259dal\u0259tsizlik&#8230;"},"content":{"rendered":"<p><strong>Prezident \u0130lham \u018fliyev Avropa \u00e7empionat\u0131nda komanda hesab\u0131nda \u00e7empion olan g\u00fcl\u0259\u015f\u00e7il\u0259r v\u0259 onlar\u0131n m\u0259\u015fq\u00e7il\u0259ri il\u0259 g\u00f6r\u00fc\u015f\u00fcnd\u0259 beyn\u0259lxalq yar\u0131\u015flarda idman\u00e7\u0131lar\u0131m\u0131za qar\u015f\u0131 \u0259dal\u0259tsizlikl\u0259rd\u0259n dan\u0131\u015f\u0131b.\u00a0<\/strong>D\u00f6vl\u0259t ba\u015f\u00e7\u0131s\u0131 deyib: \u201cMaraql\u0131d\u0131r, bir qayda olaraq Avropa yar\u0131\u015flar\u0131nda Az\u0259rbaycan idman\u00e7\u0131lar\u0131na qar\u015f\u0131 \u0259dal\u0259tsizlik d\u00fcnya \u00e7empionatlar\u0131na nisb\u0259t\u0259n daha \u00e7ox olur. Y\u0259qin ki, Avropada he\u00e7 d\u0259 ham\u0131 Az\u0259rbaycan\u0131n Avropa \u00e7empionatlar\u0131nda i\u015ftirak etm\u0259sin\u0259 v\u0259 t\u0259kc\u0259 i\u015ftirak\u0131na deyil, h\u0259m d\u0259 b\u00fct\u00fcn Avropa \u00f6lk\u0259l\u0259rin\u0259 qalib g\u0259lm\u0259sin\u0259 sevinmir\u201d.<\/p>\n<p><img src=\"https:\/\/qafqazinfo.az\/uploads\/1777537028\/pr8.jpg\" \/><\/p>\n<p><strong>Siyasi v\u0259 H\u00fcquqi Ara\u015fd\u0131rmalar M\u0259rk\u0259zinin r\u0259hb\u0259ri X\u0259yal B\u0259\u015firov Musavat.com-a bildirib ki, prezidentin bu a\u00e7\u0131qlamas\u0131 idmanla siyas\u0259tin k\u0259si\u015fdiyi h\u0259ssas bir m\u00f6vzuya toxunur: &#8220;Bu a\u00e7\u0131qlama \u015f\u00fcbh\u0259siz ki, ciddi faktlara \u0259saslanaraq deyilmi\u015f fikril\u0259rdir v\u0259 Avropada idman\u0131n siyasil\u0259\u015fdirildiyini t\u0259sdiql\u0259yir. \u0130dman yar\u0131\u015flar\u0131nda hakim s\u0259hvl\u0259ri, subyektiv q\u0259rarlar v\u0259 ya selektiv yana\u015fma tez-tez olur. X\u00fcsusil\u0259 g\u00fcl\u0259\u015f, boks, c\u00fcdo kimi subyektiv qiym\u0259tl\u0259ndirm\u0259 elementl\u0259ri olan idman n\u00f6vl\u0259rind\u0259 bu hallar daha \u00e7ox m\u00fczakir\u0259 edilir&#8221;.<\/strong><\/p>\n<p>Onun s\u00f6zl\u0259rin\u0259 g\u00f6r\u0259, Az\u0259rbaycan son ill\u0259rd\u0259 Avropa s\u0259viyy\u0259sind\u0259 g\u00fccl\u00fc idman d\u00f6vl\u0259ti kimi \u00e7\u0131x\u0131\u015f edir: &#8220;B\u0259zi yar\u0131\u015flarda q\u0259rarlar\u0131n sistemli \u015f\u0259kild\u0259 m\u00fcbahis\u0259 do\u011furmas\u0131 m\u00fc\u015fahid\u0259 olunur. Bu da c\u0259nab prezidentin s\u00f6yl\u0259dikl\u0259rinin t\u0259sdiqidir. Az\u0259rbaycan\u0131n siyasi, iqtisadi m\u00f6vqel\u0259rinin g\u00fccl\u0259nm\u0259sini h\u0259zm ed\u0259 bilm\u0259y\u0259n Avropadak\u0131 siyasi dair\u0259l\u0259r \u00f6lk\u0259mizin idmanda da u\u011furlar\u0131n\u0131, idman \u00f6lk\u0259si kimi tan\u0131nmas\u0131n\u0131 ist\u0259mirl\u0259r. Ona g\u00f6r\u0259 d\u0259 b\u0259zi hallarda Avropa miqyasl\u0131 yar\u0131\u015flarda q\u0259rarlara t\u0259sir etm\u0259k \u00fc\u00e7\u00fcn imkanlar\u0131ndan istifad\u0259 edirl\u0259r. Beyn\u0259lxalq federasiyalar v\u0259 hakim korpusu da b\u0259z\u0259n siyasi v\u0259 ya regional t\u0259sirl\u0259rd\u0259n tam azad olmur. Bu is\u0259 q\u0259rarlar\u0131n obyektivliyin\u0259 k\u00f6lg\u0259 sala bilir. \u018fg\u0259r m\u00fc\u0259yy\u0259n yar\u0131\u015flarda eyni \u00f6lk\u0259y\u0259 qar\u015f\u0131 q\u0259rarlar vaxta\u015f\u0131r\u0131 m\u00fcbahis\u0259 do\u011furursa, bu hallar sistemli xarakter al\u0131rsa onda art\u0131q m\u0259s\u0259l\u0259 t\u0259kc\u0259 idman \u00e7\u0259r\u00e7iv\u0259sind\u0259n \u00e7\u0131xaraq daha geni\u015f \u2013 siyasi v\u0259 institusional m\u00fcst\u0259viy\u0259 ke\u00e7mi\u015f hesab oluna bil\u0259r\u201d.<\/p>\n<p><img src=\"https:\/\/azxeber.com\/file\/pic\/xeber\/2025-07\/1752238942_1748928697_u6tyu.jpg\" alt=\"X\u0259yal B\u0259\u015firov: Pa\u015finyan hakimiyy\u0259tini qorumaq \u00fc\u00e7\u00fcn h\u0259r add\u0131ma haz\u0131rd\u0131r \u00bb  Azxeber.com Az\u0259rbaycanda \u00f6z\u0259l x\u0259b\u0259rl\u0259r, ara\u015fd\u0131rmalar, t\u0259hlill\u0259r v\u0259  m\u00fcsahib\u0259l\u0259rin t\u0259k \u00fcnvan\u0131\" \/><\/p>\n<p><strong>H\u00fcquq\u015f\u00fcnas qeyd edib ki, \u00fcmumilikd\u0259, beyn\u0259lxalq m\u00fcnasib\u0259tl\u0259rd\u0259 g\u0259rginlikl\u0259rin artd\u0131\u011f\u0131 d\u00f6vrd\u0259 idman da bundan k\u0259narda qalm\u0131r: \u201cQ\u0259r\u0259zli dair\u0259l\u0259r idman sah\u0259sind\u0259 d\u0259 \u00f6z q\u0259r\u0259zl\u0259rini n\u00fcmayi\u015f etdirirl\u0259r, h\u0259tta idman\u0131 da niy\u0259 siyasil\u0259\u015fdirm\u0259y\u0259 c\u0259hdl\u0259r edirl\u0259r. Halbu ki, idman\u0131 geosiyasi r\u0259qab\u0259t subyektin\u0259 \u00e7evirm\u0259k yanl\u0131\u015fd\u0131r. Az\u0259rbaycan Prezidenti d\u0259 y\u0259qin ki, h\u0259min fikirl\u0259ri il\u0259 bu mesaj\u0131 vermi\u015f olub\u201d.<\/strong><\/p>\n<p><strong>Etibar Seyida\u011fa,<\/strong><br \/>\n<strong>Musavat.com<\/strong><\/p>\n","protected":false},"excerpt":{"rendered":"<p>Prezident \u0130lham \u018fliyev Avropa \u00e7empionat\u0131nda komanda hesab\u0131nda \u00e7empion olan g\u00fcl\u0259\u015f\u00e7il\u0259r v\u0259 onlar\u0131n m\u0259\u015fq\u00e7il\u0259ri il\u0259 g\u00f6r\u00fc\u015f\u00fcnd\u0259 beyn\u0259lxalq yar\u0131\u015flarda idman\u00e7\u0131lar\u0131m\u0131za qar\u015f\u0131 \u0259dal\u0259tsizlikl\u0259rd\u0259n dan\u0131\u015f\u0131b.\u00a0D\u00f6vl\u0259t ba\u015f\u00e7\u0131s\u0131 deyib: \u201cMaraql\u0131d\u0131r, bir qayda olaraq Avropa yar\u0131\u015flar\u0131nda Az\u0259rbaycan idman\u00e7\u0131lar\u0131na qar\u015f\u0131 \u0259dal\u0259tsizlik d\u00fcnya \u00e7empionatlar\u0131na nisb\u0259t\u0259n daha \u00e7ox olur. Y\u0259qin ki, Avropada he\u00e7 d\u0259 ham\u0131 Az\u0259rbaycan\u0131n Avropa \u00e7empionatlar\u0131nda i\u015ftirak etm\u0259sin\u0259 v\u0259 t\u0259kc\u0259 i\u015ftirak\u0131na deyil, h\u0259m d\u0259 b\u00fct\u00fcn Avropa \u00f6lk\u0259l\u0259rin\u0259 qalib g\u0259lm\u0259sin\u0259 sevinmir\u201d. Siyasi v\u0259 H\u00fcquqi Ara\u015fd\u0131rmalar M\u0259rk\u0259zinin r\u0259hb\u0259ri X\u0259yal B\u0259\u015firov Musavat.com-a bildirib ki, prezidentin bu a\u00e7\u0131qlamas\u0131 idmanla siyas\u0259tin k\u0259si\u015fdiyi h\u0259ssas bir m\u00f6vzuya toxunur: &#8220;Bu a\u00e7\u0131qlama \u015f\u00fcbh\u0259siz ki, ciddi faktlara \u0259saslanaraq&hellip;<\/p>\n","protected":false},"author":2,"featured_media":850357,"comment_status":"closed","ping_status":"closed","sticky":false,"template":"","format":"standard","meta":{"om_disable_all_campaigns":false,"_monsterinsights_skip_tracking":false,"_monsterinsights_sitenote_active":false,"_monsterinsights_sitenote_note":"","_monsterinsights_sitenote_category":0},"categories":[19],"tags":[],"aioseo_notices":[],"gutentor_comment":0,"rttpg_featured_image_url":{"full":["https:\/\/arantv.az\/wp-content\/uploads\/2026\/04\/c061c18c0418c82e1fe4842febc8c42e.jpg",870,500,false],"landscape":["https:\/\/arantv.az\/wp-content\/uploads\/2026\/04\/c061c18c0418c82e1fe4842febc8c42e.jpg",870,500,false],"portraits":["https:\/\/arantv.az\/wp-content\/uploads\/2026\/04\/c061c18c0418c82e1fe4842febc8c42e.jpg",870,500,false],"thumbnail":["https:\/\/arantv.az\/wp-content\/uploads\/2026\/04\/c061c18c0418c82e1fe4842febc8c42e-500x280.jpg",500,280,true],"medium":["https:\/\/arantv.az\/wp-content\/uploads\/2026\/04\/c061c18c0418c82e1fe4842febc8c42e-635x365.jpg",635,365,true],"large":["https:\/\/arantv.az\/wp-content\/uploads\/2026\/04\/c061c18c0418c82e1fe4842febc8c42e-840x483.jpg",640,368,true],"1536x1536":["https:\/\/arantv.az\/wp-content\/uploads\/2026\/04\/c061c18c0418c82e1fe4842febc8c42e.jpg",870,500,false],"2048x2048":["https:\/\/arantv.az\/wp-content\/uploads\/2026\/04\/c061c18c0418c82e1fe4842febc8c42e.jpg",870,500,false],"post-thumbnail":["https:\/\/arantv.az\/wp-content\/uploads\/2026\/04\/c061c18c0418c82e1fe4842febc8c42e-240x172.jpg",240,172,true],"advps-thumb-one":["https:\/\/arantv.az\/wp-content\/uploads\/2026\/04\/c061c18c0418c82e1fe4842febc8c42e.jpg",870,500,false]},"rttpg_author":{"display_name":"V\u00fcsal Rafiqo\u011flu","author_link":"https:\/\/arantv.az\/?author=2"},"rttpg_comment":0,"rttpg_category":"<a href=\"https:\/\/arantv.az\/?cat=19\" rel=\"category\">G\u00fcnd\u0259m<\/a>","rttpg_excerpt":"Prezident \u0130lham \u018fliyev Avropa \u00e7empionat\u0131nda komanda hesab\u0131nda \u00e7empion olan g\u00fcl\u0259\u015f\u00e7il\u0259r v\u0259 onlar\u0131n m\u0259\u015fq\u00e7il\u0259ri il\u0259 g\u00f6r\u00fc\u015f\u00fcnd\u0259 beyn\u0259lxalq yar\u0131\u015flarda idman\u00e7\u0131lar\u0131m\u0131za qar\u015f\u0131 \u0259dal\u0259tsizlikl\u0259rd\u0259n dan\u0131\u015f\u0131b.\u00a0D\u00f6vl\u0259t ba\u015f\u00e7\u0131s\u0131 deyib: \u201cMaraql\u0131d\u0131r, bir qayda olaraq Avropa yar\u0131\u015flar\u0131nda Az\u0259rbaycan idman\u00e7\u0131lar\u0131na qar\u015f\u0131 \u0259dal\u0259tsizlik d\u00fcnya \u00e7empionatlar\u0131na nisb\u0259t\u0259n daha \u00e7ox olur. Y\u0259qin ki, Avropada he\u00e7 d\u0259 ham\u0131 Az\u0259rbaycan\u0131n Avropa \u00e7empionatlar\u0131nda i\u015ftirak etm\u0259sin\u0259 v\u0259 t\u0259kc\u0259 i\u015ftirak\u0131na deyil, h\u0259m&hellip;","_links":{"self":[{"href":"https:\/\/arantv.az\/index.php?rest_route=\/wp\/v2\/posts\/850356"}],"collection":[{"href":"https:\/\/arantv.az\/index.php?rest_route=\/wp\/v2\/posts"}],"about":[{"href":"https:\/\/arantv.az\/index.php?rest_route=\/wp\/v2\/types\/post"}],"author":[{"embeddable":true,"href":"https:\/\/arantv.az\/index.php?rest_route=\/wp\/v2\/users\/2"}],"replies":[{"embeddable":true,"href":"https:\/\/arantv.az\/index.php?rest_route=%2Fwp%2Fv2%2Fcomments&post=850356"}],"version-history":[{"count":1,"href":"https:\/\/arantv.az\/index.php?rest_route=\/wp\/v2\/posts\/850356\/revisions"}],"predecessor-version":[{"id":850358,"href":"https:\/\/arantv.az\/index.php?rest_route=\/wp\/v2\/posts\/850356\/revisions\/850358"}],"wp:featuredmedia":[{"embeddable":true,"href":"https:\/\/arantv.az\/index.php?rest_route=\/wp\/v2\/media\/850357"}],"wp:attachment":[{"href":"https:\/\/arantv.az\/index.php?rest_route=%2Fwp%2Fv2%2Fmedia&parent=850356"}],"wp:term":[{"taxonomy":"category","embeddable":true,"href":"https:\/\/arantv.az\/index.php?rest_route=%2Fwp%2Fv2%2Fcategories&post=850356"},{"taxonomy":"post_tag","embeddable":true,"href":"https:\/\/arantv.az\/index.php?rest_route=%2Fwp%2Fv2%2Ftags&post=850356"}],"curies":[{"name":"wp","href":"https:\/\/api.w.org\/{rel}","templated":true}]}}