{"id":850369,"date":"2026-04-30T15:17:27","date_gmt":"2026-04-30T11:17:27","guid":{"rendered":"https:\/\/arantv.az\/?p=850369"},"modified":"2026-04-30T15:17:27","modified_gmt":"2026-04-30T11:17:27","slug":"qizlar-arasinda-medalcilar-daha-cox-ola-bil%c9%99rdi-kimins%c9%99-b%c9%99xti-g%c9%99tirm%c9%99di","status":"publish","type":"post","link":"https:\/\/arantv.az\/?p=850369","title":{"rendered":"\u201cQ\u0131zlar aras\u0131nda medal\u00e7\u0131lar daha \u00e7ox ola bil\u0259rdi, kimins\u0259 b\u0259xti g\u0259tirm\u0259di\u201d"},"content":{"rendered":"<p><strong>\u201cQ\u0131zlara g\u0259ldikd\u0259 onlar\u0131n da medal\u00e7\u0131lar aras\u0131nda olmalar\u0131na \u00e7ox \u015fadam. Bu, q\u0131zlar aras\u0131nda da g\u0259nc n\u0259slin g\u00fcl\u0259\u015f\u0259 b\u00f6y\u00fck maraq g\u00f6st\u0259rdiyind\u0259n x\u0259b\u0259r verir. \u018fmin\u0259m ki, g\u0259l\u0259c\u0259kd\u0259 d\u0259 q\u0131zlar q\u0131z\u0131l medal qazanacaqlar, m\u0259n buna \u015f\u00fcbh\u0259 etmir\u0259m\u201d.<\/strong><\/p>\n<p><strong>Musavat.com<\/strong>\u00a0x\u0259b\u0259r verir ki, bu s\u00f6zl\u0259ri Az\u0259rbaycan Prezidenti \u0130lham \u018fliyev\u00a0Avropa \u00e7empionat\u0131nda komanda hesab\u0131nda \u00e7empion olan g\u00fcl\u0259\u015f\u00e7il\u0259r il\u0259 g\u00f6r\u00fc\u015f\u00fc zaman\u0131 bildirib.<\/p>\n<p>\u201cQ\u0131zlar aras\u0131nda medal\u00e7\u0131lar daha \u00e7ox ola bil\u0259rdi, amma kimins\u0259 b\u0259xti g\u0259tirm\u0259di. Ola bil\u0259r ki, h\u0259r hans\u0131 s\u0259hvl\u0259r d\u0259 oldu, lakin bu m\u00fch\u00fcmd\u00fcr, \u00e7\u00fcnki h\u0259m s\u0259rb\u0259st, h\u0259m yunan-Roma, h\u0259m d\u0259 qad\u0131n g\u00fcl\u0259\u015fi \u00fczr\u0259 b\u00fct\u00fcn istiqam\u0259tl\u0259r Az\u0259rbaycanda u\u011furla inki\u015faf edir.<\/p>\n<p>Milli komandada bel\u0259 yax\u015f\u0131 ab-havan\u0131n, ruh y\u00fcks\u0259kliyinin olmas\u0131na \u00e7ox \u015fadam, ham\u0131 vahid ail\u0259 kimi bir-birinin u\u011furuna, q\u0259l\u0259b\u0259sin\u0259 sevinir v\u0259 bu, \u00e7ox qiym\u0259tlidir\u201d, &#8211; d\u00f6vl\u0259t ba\u015f\u00e7\u0131s\u0131 \u0259lav\u0259 edib.<\/p>\n","protected":false},"excerpt":{"rendered":"<p>\u201cQ\u0131zlara g\u0259ldikd\u0259 onlar\u0131n da medal\u00e7\u0131lar aras\u0131nda olmalar\u0131na \u00e7ox \u015fadam. Bu, q\u0131zlar aras\u0131nda da g\u0259nc n\u0259slin g\u00fcl\u0259\u015f\u0259 b\u00f6y\u00fck maraq g\u00f6st\u0259rdiyind\u0259n x\u0259b\u0259r verir. \u018fmin\u0259m ki, g\u0259l\u0259c\u0259kd\u0259 d\u0259 q\u0131zlar q\u0131z\u0131l medal qazanacaqlar, m\u0259n buna \u015f\u00fcbh\u0259 etmir\u0259m\u201d. Musavat.com\u00a0x\u0259b\u0259r verir ki, bu s\u00f6zl\u0259ri Az\u0259rbaycan Prezidenti \u0130lham \u018fliyev\u00a0Avropa \u00e7empionat\u0131nda komanda hesab\u0131nda \u00e7empion olan g\u00fcl\u0259\u015f\u00e7il\u0259r il\u0259 g\u00f6r\u00fc\u015f\u00fc zaman\u0131 bildirib. \u201cQ\u0131zlar aras\u0131nda medal\u00e7\u0131lar daha \u00e7ox ola bil\u0259rdi, amma kimins\u0259 b\u0259xti g\u0259tirm\u0259di. Ola bil\u0259r ki, h\u0259r hans\u0131 s\u0259hvl\u0259r d\u0259 oldu, lakin bu m\u00fch\u00fcmd\u00fcr, \u00e7\u00fcnki h\u0259m s\u0259rb\u0259st, h\u0259m yunan-Roma, h\u0259m d\u0259 qad\u0131n g\u00fcl\u0259\u015fi \u00fczr\u0259 b\u00fct\u00fcn istiqam\u0259tl\u0259r Az\u0259rbaycanda u\u011furla inki\u015faf edir.&hellip;<\/p>\n","protected":false},"author":2,"featured_media":850370,"comment_status":"closed","ping_status":"closed","sticky":false,"template":"","format":"standard","meta":{"om_disable_all_campaigns":false,"_monsterinsights_skip_tracking":false,"_monsterinsights_sitenote_active":false,"_monsterinsights_sitenote_note":"","_monsterinsights_sitenote_category":0},"categories":[1],"tags":[],"aioseo_notices":[],"gutentor_comment":0,"rttpg_featured_image_url":{"full":["https:\/\/arantv.az\/wp-content\/uploads\/2026\/04\/1af3ad1864d09a359a672bfd49148d0d.jpg",870,500,false],"landscape":["https:\/\/arantv.az\/wp-content\/uploads\/2026\/04\/1af3ad1864d09a359a672bfd49148d0d.jpg",870,500,false],"portraits":["https:\/\/arantv.az\/wp-content\/uploads\/2026\/04\/1af3ad1864d09a359a672bfd49148d0d.jpg",870,500,false],"thumbnail":["https:\/\/arantv.az\/wp-content\/uploads\/2026\/04\/1af3ad1864d09a359a672bfd49148d0d-500x280.jpg",500,280,true],"medium":["https:\/\/arantv.az\/wp-content\/uploads\/2026\/04\/1af3ad1864d09a359a672bfd49148d0d-635x365.jpg",635,365,true],"large":["https:\/\/arantv.az\/wp-content\/uploads\/2026\/04\/1af3ad1864d09a359a672bfd49148d0d-840x483.jpg",640,368,true],"1536x1536":["https:\/\/arantv.az\/wp-content\/uploads\/2026\/04\/1af3ad1864d09a359a672bfd49148d0d.jpg",870,500,false],"2048x2048":["https:\/\/arantv.az\/wp-content\/uploads\/2026\/04\/1af3ad1864d09a359a672bfd49148d0d.jpg",870,500,false],"post-thumbnail":["https:\/\/arantv.az\/wp-content\/uploads\/2026\/04\/1af3ad1864d09a359a672bfd49148d0d-240x172.jpg",240,172,true],"advps-thumb-one":["https:\/\/arantv.az\/wp-content\/uploads\/2026\/04\/1af3ad1864d09a359a672bfd49148d0d.jpg",870,500,false]},"rttpg_author":{"display_name":"V\u00fcsal Rafiqo\u011flu","author_link":"https:\/\/arantv.az\/?author=2"},"rttpg_comment":0,"rttpg_category":"<a href=\"https:\/\/arantv.az\/?cat=1\" rel=\"category\">C\u0259miyy\u0259t<\/a>","rttpg_excerpt":"\u201cQ\u0131zlara g\u0259ldikd\u0259 onlar\u0131n da medal\u00e7\u0131lar aras\u0131nda olmalar\u0131na \u00e7ox \u015fadam. Bu, q\u0131zlar aras\u0131nda da g\u0259nc n\u0259slin g\u00fcl\u0259\u015f\u0259 b\u00f6y\u00fck maraq g\u00f6st\u0259rdiyind\u0259n x\u0259b\u0259r verir. \u018fmin\u0259m ki, g\u0259l\u0259c\u0259kd\u0259 d\u0259 q\u0131zlar q\u0131z\u0131l medal qazanacaqlar, m\u0259n buna \u015f\u00fcbh\u0259 etmir\u0259m\u201d. Musavat.com\u00a0x\u0259b\u0259r verir ki, bu s\u00f6zl\u0259ri Az\u0259rbaycan Prezidenti \u0130lham \u018fliyev\u00a0Avropa \u00e7empionat\u0131nda komanda hesab\u0131nda \u00e7empion olan g\u00fcl\u0259\u015f\u00e7il\u0259r il\u0259 g\u00f6r\u00fc\u015f\u00fc zaman\u0131 bildirib. \u201cQ\u0131zlar aras\u0131nda medal\u00e7\u0131lar&hellip;","_links":{"self":[{"href":"https:\/\/arantv.az\/index.php?rest_route=\/wp\/v2\/posts\/850369"}],"collection":[{"href":"https:\/\/arantv.az\/index.php?rest_route=\/wp\/v2\/posts"}],"about":[{"href":"https:\/\/arantv.az\/index.php?rest_route=\/wp\/v2\/types\/post"}],"author":[{"embeddable":true,"href":"https:\/\/arantv.az\/index.php?rest_route=\/wp\/v2\/users\/2"}],"replies":[{"embeddable":true,"href":"https:\/\/arantv.az\/index.php?rest_route=%2Fwp%2Fv2%2Fcomments&post=850369"}],"version-history":[{"count":1,"href":"https:\/\/arantv.az\/index.php?rest_route=\/wp\/v2\/posts\/850369\/revisions"}],"predecessor-version":[{"id":850371,"href":"https:\/\/arantv.az\/index.php?rest_route=\/wp\/v2\/posts\/850369\/revisions\/850371"}],"wp:featuredmedia":[{"embeddable":true,"href":"https:\/\/arantv.az\/index.php?rest_route=\/wp\/v2\/media\/850370"}],"wp:attachment":[{"href":"https:\/\/arantv.az\/index.php?rest_route=%2Fwp%2Fv2%2Fmedia&parent=850369"}],"wp:term":[{"taxonomy":"category","embeddable":true,"href":"https:\/\/arantv.az\/index.php?rest_route=%2Fwp%2Fv2%2Fcategories&post=850369"},{"taxonomy":"post_tag","embeddable":true,"href":"https:\/\/arantv.az\/index.php?rest_route=%2Fwp%2Fv2%2Ftags&post=850369"}],"curies":[{"name":"wp","href":"https:\/\/api.w.org\/{rel}","templated":true}]}}