{"id":850372,"date":"2026-04-30T16:06:52","date_gmt":"2026-04-30T12:06:52","guid":{"rendered":"https:\/\/arantv.az\/?p=850372"},"modified":"2026-04-30T16:06:52","modified_gmt":"2026-04-30T12:06:52","slug":"xalq-artisti-arif-babayevin-q%c9%99birustu-abid%c9%99si-ucaldildi-foto","status":"publish","type":"post","link":"https:\/\/arantv.az\/?p=850372","title":{"rendered":"Xalq artisti Arif Babayevin q\u0259bir\u00fcst\u00fc abid\u0259si ucald\u0131ld\u0131 &#8211; FOTO"},"content":{"rendered":"<div class=\"text-content\" data-id=\"\" data-url=\"\">\n<p><strong>Xalq artisti Arif Babayevin I F\u0259xri xiyabanda \u2013 m\u0259zar\u0131 \u00fcz\u0259rind\u0259 q\u0259bir\u00fcst\u00fc abid\u0259si ucald\u0131l\u0131b.<\/strong><\/p>\n<p>Abid\u0259nin m\u00fc\u0259llifi Cavan\u015fir Dada\u015fov v\u0259 N\u0259riman Ta\u011f\u0131yevdir.<\/p>\n<p>Abid\u0259 s\u0259n\u0259tkar\u0131n \u0259lind\u0259 qaval al\u0259ti olan t\u0259sviri \u0259sas\u0131nda haz\u0131rlan\u0131b.<\/p>\n<p>Qeyd ed\u0259k ki, Arif Babayev uzun s\u00fcr\u0259n x\u0259st\u0259likd\u0259n sonra \u00f6t\u0259n ilin avqustun 1-i v\u0259fat edib.\/\/APA<\/p>\n<\/div>\n<div>\n<div class=\"form-group\"><img class=\"img-responsive\" src=\"https:\/\/cdn.musavat.com\/news\/images\/EM-FOTO\/69f33f8abf58869f33f8abf589177754919469f33f8abf58569f33f8abf587.jpg\" \/><\/div>\n<div class=\"form-group\"><img class=\"img-responsive\" src=\"https:\/\/cdn.musavat.com\/news\/images\/EM-FOTO\/69f33f8adb84069f33f8adb841177754919469f33f8adb83e69f33f8adb83f.jpg\" \/><\/div>\n<div class=\"form-group\"><img class=\"img-responsive\" src=\"https:\/\/cdn.musavat.com\/news\/images\/EM-FOTO\/69f33f8ae9f2669f33f8ae9f27177754919469f33f8ae9f2469f33f8ae9f25.jpg\" \/><\/div>\n<\/div>\n","protected":false},"excerpt":{"rendered":"<p>Xalq artisti Arif Babayevin I F\u0259xri xiyabanda \u2013 m\u0259zar\u0131 \u00fcz\u0259rind\u0259 q\u0259bir\u00fcst\u00fc abid\u0259si ucald\u0131l\u0131b. Abid\u0259nin m\u00fc\u0259llifi Cavan\u015fir Dada\u015fov v\u0259 N\u0259riman Ta\u011f\u0131yevdir. Abid\u0259 s\u0259n\u0259tkar\u0131n \u0259lind\u0259 qaval al\u0259ti olan t\u0259sviri \u0259sas\u0131nda haz\u0131rlan\u0131b. Qeyd ed\u0259k ki, Arif Babayev uzun s\u00fcr\u0259n x\u0259st\u0259likd\u0259n sonra \u00f6t\u0259n ilin avqustun 1-i v\u0259fat edib.\/\/APA<\/p>\n","protected":false},"author":2,"featured_media":850373,"comment_status":"closed","ping_status":"closed","sticky":false,"template":"","format":"standard","meta":{"om_disable_all_campaigns":false,"_monsterinsights_skip_tracking":false,"_monsterinsights_sitenote_active":false,"_monsterinsights_sitenote_note":"","_monsterinsights_sitenote_category":0},"categories":[1],"tags":[],"aioseo_notices":[],"gutentor_comment":0,"rttpg_featured_image_url":{"full":["https:\/\/arantv.az\/wp-content\/uploads\/2026\/04\/03638df494076efd810e44111acd5edc.jpg",870,500,false],"landscape":["https:\/\/arantv.az\/wp-content\/uploads\/2026\/04\/03638df494076efd810e44111acd5edc.jpg",870,500,false],"portraits":["https:\/\/arantv.az\/wp-content\/uploads\/2026\/04\/03638df494076efd810e44111acd5edc.jpg",870,500,false],"thumbnail":["https:\/\/arantv.az\/wp-content\/uploads\/2026\/04\/03638df494076efd810e44111acd5edc-500x280.jpg",500,280,true],"medium":["https:\/\/arantv.az\/wp-content\/uploads\/2026\/04\/03638df494076efd810e44111acd5edc-635x365.jpg",635,365,true],"large":["https:\/\/arantv.az\/wp-content\/uploads\/2026\/04\/03638df494076efd810e44111acd5edc-840x483.jpg",640,368,true],"1536x1536":["https:\/\/arantv.az\/wp-content\/uploads\/2026\/04\/03638df494076efd810e44111acd5edc.jpg",870,500,false],"2048x2048":["https:\/\/arantv.az\/wp-content\/uploads\/2026\/04\/03638df494076efd810e44111acd5edc.jpg",870,500,false],"post-thumbnail":["https:\/\/arantv.az\/wp-content\/uploads\/2026\/04\/03638df494076efd810e44111acd5edc-240x172.jpg",240,172,true],"advps-thumb-one":["https:\/\/arantv.az\/wp-content\/uploads\/2026\/04\/03638df494076efd810e44111acd5edc.jpg",870,500,false]},"rttpg_author":{"display_name":"V\u00fcsal Rafiqo\u011flu","author_link":"https:\/\/arantv.az\/?author=2"},"rttpg_comment":0,"rttpg_category":"<a href=\"https:\/\/arantv.az\/?cat=1\" rel=\"category\">C\u0259miyy\u0259t<\/a>","rttpg_excerpt":"Xalq artisti Arif Babayevin I F\u0259xri xiyabanda \u2013 m\u0259zar\u0131 \u00fcz\u0259rind\u0259 q\u0259bir\u00fcst\u00fc abid\u0259si ucald\u0131l\u0131b. Abid\u0259nin m\u00fc\u0259llifi Cavan\u015fir Dada\u015fov v\u0259 N\u0259riman Ta\u011f\u0131yevdir. Abid\u0259 s\u0259n\u0259tkar\u0131n \u0259lind\u0259 qaval al\u0259ti olan t\u0259sviri \u0259sas\u0131nda haz\u0131rlan\u0131b. Qeyd ed\u0259k ki, Arif Babayev uzun s\u00fcr\u0259n x\u0259st\u0259likd\u0259n sonra \u00f6t\u0259n ilin avqustun 1-i v\u0259fat edib.\/\/APA","_links":{"self":[{"href":"https:\/\/arantv.az\/index.php?rest_route=\/wp\/v2\/posts\/850372"}],"collection":[{"href":"https:\/\/arantv.az\/index.php?rest_route=\/wp\/v2\/posts"}],"about":[{"href":"https:\/\/arantv.az\/index.php?rest_route=\/wp\/v2\/types\/post"}],"author":[{"embeddable":true,"href":"https:\/\/arantv.az\/index.php?rest_route=\/wp\/v2\/users\/2"}],"replies":[{"embeddable":true,"href":"https:\/\/arantv.az\/index.php?rest_route=%2Fwp%2Fv2%2Fcomments&post=850372"}],"version-history":[{"count":1,"href":"https:\/\/arantv.az\/index.php?rest_route=\/wp\/v2\/posts\/850372\/revisions"}],"predecessor-version":[{"id":850374,"href":"https:\/\/arantv.az\/index.php?rest_route=\/wp\/v2\/posts\/850372\/revisions\/850374"}],"wp:featuredmedia":[{"embeddable":true,"href":"https:\/\/arantv.az\/index.php?rest_route=\/wp\/v2\/media\/850373"}],"wp:attachment":[{"href":"https:\/\/arantv.az\/index.php?rest_route=%2Fwp%2Fv2%2Fmedia&parent=850372"}],"wp:term":[{"taxonomy":"category","embeddable":true,"href":"https:\/\/arantv.az\/index.php?rest_route=%2Fwp%2Fv2%2Fcategories&post=850372"},{"taxonomy":"post_tag","embeddable":true,"href":"https:\/\/arantv.az\/index.php?rest_route=%2Fwp%2Fv2%2Ftags&post=850372"}],"curies":[{"name":"wp","href":"https:\/\/api.w.org\/{rel}","templated":true}]}}