{"id":850382,"date":"2026-04-30T19:22:39","date_gmt":"2026-04-30T15:22:39","guid":{"rendered":"https:\/\/arantv.az\/?p=850382"},"modified":"2026-04-30T19:22:39","modified_gmt":"2026-04-30T15:22:39","slug":"d%c9%99m-qazindan-z%c9%99h%c9%99rl%c9%99n%c9%99n-yeniyetm%c9%99-qiz-dil%c9%99nci-imis-h%c9%99r-ikisi-ogurluq-edib","status":"publish","type":"post","link":"https:\/\/arantv.az\/?p=850382","title":{"rendered":"D\u0259m qaz\u0131ndan z\u0259h\u0259rl\u0259n\u0259n yeniyetm\u0259 q\u0131z dil\u0259n\u00e7i imi\u015f &#8211; H\u0259r ikisi o\u011furluq edib"},"content":{"rendered":"<p>X\u0259b\u0259r verdiyimiz kimi, \u00f6t\u0259n g\u00fcn Bak\u0131n\u0131n X\u0259tai rayonunda 2007-ci il t\u0259v\u0259ll\u00fcdl\u00fc Yusif Atalay v\u0259 14 ya\u015fl\u0131 q\u0131z d\u0259m qaz\u0131ndan z\u0259h\u0259rl\u0259nib. Kiray\u0259 evd\u0259 ba\u015f ver\u0259n hadis\u0259 zaman\u0131 19 ya\u015fl\u0131 Yusif \u00f6l\u00fcb, yeniyetm\u0259 q\u0131z is\u0259 a\u011f\u0131r v\u0259ziyy\u0259td\u0259 x\u0259st\u0259xanaya yerl\u0259\u015fdirilib.<\/p>\n<p>Musavat.com teleqraf-a istinad\u0259n x\u0259b\u0259r verir ki, Yusif Atalay kriminal al\u0259m\u0259 meyilli olmas\u0131 il\u0259 diqq\u0259t \u00e7\u0259kib. Onun b\u0259d\u0259nind\u0259ki kriminal al\u0259m\u0259 aid m\u00fcxt\u0259lif d\u00f6ym\u0259l\u0259r bunu dem\u0259y\u0259 \u0259sas verir.<\/p>\n<p>Yusif Atalay daha \u0259vv\u0259l iki d\u0259f\u0259 moped o\u011furlay\u0131b. Sonradan is\u0259 d\u0259ymi\u015f z\u0259r\u0259ri \u00f6d\u0259yib.<\/p>\n<p>Kiray\u0259 evd\u0259 ba\u015f ver\u0259n hadis\u0259 zaman\u0131 onunla birlikd\u0259 d\u0259m qaz\u0131ndan z\u0259h\u0259rl\u0259n\u0259n yeniyetm\u0259 q\u0131z is\u0259 \u0259sl\u0259n Yevlax rayonundand\u0131r. O, Bak\u0131da dil\u0259n\u00e7ilikl\u0259 m\u0259\u015f\u011ful olub, tufeyli h\u0259yat t\u0259rzi ke\u00e7irib.<\/p>\n<p>Yeniyetm\u0259 q\u0131z bu m\u00fcdd\u0259td\u0259 x\u0131rda o\u011furluqlarla yadda qal\u0131b.<\/p>\n<p>Qeyd ed\u0259k ki, Yusif Atalay 2004-c\u00fc ild\u0259 \u00fc\u00e7 ya\u015f\u0131nda h\u0259yat\u0131n\u0131 itir\u0259n bac\u0131s\u0131n\u0131n yan\u0131nda d\u0259fn edilib.<\/p>\n","protected":false},"excerpt":{"rendered":"<p>X\u0259b\u0259r verdiyimiz kimi, \u00f6t\u0259n g\u00fcn Bak\u0131n\u0131n X\u0259tai rayonunda 2007-ci il t\u0259v\u0259ll\u00fcdl\u00fc Yusif Atalay v\u0259 14 ya\u015fl\u0131 q\u0131z d\u0259m qaz\u0131ndan z\u0259h\u0259rl\u0259nib. Kiray\u0259 evd\u0259 ba\u015f ver\u0259n hadis\u0259 zaman\u0131 19 ya\u015fl\u0131 Yusif \u00f6l\u00fcb, yeniyetm\u0259 q\u0131z is\u0259 a\u011f\u0131r v\u0259ziyy\u0259td\u0259 x\u0259st\u0259xanaya yerl\u0259\u015fdirilib. Musavat.com teleqraf-a istinad\u0259n x\u0259b\u0259r verir ki, Yusif Atalay kriminal al\u0259m\u0259 meyilli olmas\u0131 il\u0259 diqq\u0259t \u00e7\u0259kib. Onun b\u0259d\u0259nind\u0259ki kriminal al\u0259m\u0259 aid m\u00fcxt\u0259lif d\u00f6ym\u0259l\u0259r bunu dem\u0259y\u0259 \u0259sas verir. Yusif Atalay daha \u0259vv\u0259l iki d\u0259f\u0259 moped o\u011furlay\u0131b. Sonradan is\u0259 d\u0259ymi\u015f z\u0259r\u0259ri \u00f6d\u0259yib. Kiray\u0259 evd\u0259 ba\u015f ver\u0259n hadis\u0259 zaman\u0131 onunla birlikd\u0259 d\u0259m qaz\u0131ndan z\u0259h\u0259rl\u0259n\u0259n yeniyetm\u0259 q\u0131z is\u0259&hellip;<\/p>\n","protected":false},"author":2,"featured_media":850383,"comment_status":"closed","ping_status":"closed","sticky":false,"template":"","format":"standard","meta":{"om_disable_all_campaigns":false,"_monsterinsights_skip_tracking":false,"_monsterinsights_sitenote_active":false,"_monsterinsights_sitenote_note":"","_monsterinsights_sitenote_category":0},"categories":[5],"tags":[],"aioseo_notices":[],"gutentor_comment":0,"rttpg_featured_image_url":{"full":["https:\/\/arantv.az\/wp-content\/uploads\/2026\/04\/dcb279aaf80d5947cf0033dc442395c0.jpg",870,500,false],"landscape":["https:\/\/arantv.az\/wp-content\/uploads\/2026\/04\/dcb279aaf80d5947cf0033dc442395c0.jpg",870,500,false],"portraits":["https:\/\/arantv.az\/wp-content\/uploads\/2026\/04\/dcb279aaf80d5947cf0033dc442395c0.jpg",870,500,false],"thumbnail":["https:\/\/arantv.az\/wp-content\/uploads\/2026\/04\/dcb279aaf80d5947cf0033dc442395c0-500x280.jpg",500,280,true],"medium":["https:\/\/arantv.az\/wp-content\/uploads\/2026\/04\/dcb279aaf80d5947cf0033dc442395c0-635x365.jpg",635,365,true],"large":["https:\/\/arantv.az\/wp-content\/uploads\/2026\/04\/dcb279aaf80d5947cf0033dc442395c0-840x483.jpg",640,368,true],"1536x1536":["https:\/\/arantv.az\/wp-content\/uploads\/2026\/04\/dcb279aaf80d5947cf0033dc442395c0.jpg",870,500,false],"2048x2048":["https:\/\/arantv.az\/wp-content\/uploads\/2026\/04\/dcb279aaf80d5947cf0033dc442395c0.jpg",870,500,false],"post-thumbnail":["https:\/\/arantv.az\/wp-content\/uploads\/2026\/04\/dcb279aaf80d5947cf0033dc442395c0-240x172.jpg",240,172,true],"advps-thumb-one":["https:\/\/arantv.az\/wp-content\/uploads\/2026\/04\/dcb279aaf80d5947cf0033dc442395c0.jpg",870,500,false]},"rttpg_author":{"display_name":"V\u00fcsal Rafiqo\u011flu","author_link":"https:\/\/arantv.az\/?author=2"},"rttpg_comment":0,"rttpg_category":"<a href=\"https:\/\/arantv.az\/?cat=5\" rel=\"category\">Hadis\u0259<\/a>","rttpg_excerpt":"X\u0259b\u0259r verdiyimiz kimi, \u00f6t\u0259n g\u00fcn Bak\u0131n\u0131n X\u0259tai rayonunda 2007-ci il t\u0259v\u0259ll\u00fcdl\u00fc Yusif Atalay v\u0259 14 ya\u015fl\u0131 q\u0131z d\u0259m qaz\u0131ndan z\u0259h\u0259rl\u0259nib. Kiray\u0259 evd\u0259 ba\u015f ver\u0259n hadis\u0259 zaman\u0131 19 ya\u015fl\u0131 Yusif \u00f6l\u00fcb, yeniyetm\u0259 q\u0131z is\u0259 a\u011f\u0131r v\u0259ziyy\u0259td\u0259 x\u0259st\u0259xanaya yerl\u0259\u015fdirilib. Musavat.com teleqraf-a istinad\u0259n x\u0259b\u0259r verir ki, Yusif Atalay kriminal al\u0259m\u0259 meyilli olmas\u0131 il\u0259 diqq\u0259t \u00e7\u0259kib. Onun b\u0259d\u0259nind\u0259ki kriminal&hellip;","_links":{"self":[{"href":"https:\/\/arantv.az\/index.php?rest_route=\/wp\/v2\/posts\/850382"}],"collection":[{"href":"https:\/\/arantv.az\/index.php?rest_route=\/wp\/v2\/posts"}],"about":[{"href":"https:\/\/arantv.az\/index.php?rest_route=\/wp\/v2\/types\/post"}],"author":[{"embeddable":true,"href":"https:\/\/arantv.az\/index.php?rest_route=\/wp\/v2\/users\/2"}],"replies":[{"embeddable":true,"href":"https:\/\/arantv.az\/index.php?rest_route=%2Fwp%2Fv2%2Fcomments&post=850382"}],"version-history":[{"count":1,"href":"https:\/\/arantv.az\/index.php?rest_route=\/wp\/v2\/posts\/850382\/revisions"}],"predecessor-version":[{"id":850384,"href":"https:\/\/arantv.az\/index.php?rest_route=\/wp\/v2\/posts\/850382\/revisions\/850384"}],"wp:featuredmedia":[{"embeddable":true,"href":"https:\/\/arantv.az\/index.php?rest_route=\/wp\/v2\/media\/850383"}],"wp:attachment":[{"href":"https:\/\/arantv.az\/index.php?rest_route=%2Fwp%2Fv2%2Fmedia&parent=850382"}],"wp:term":[{"taxonomy":"category","embeddable":true,"href":"https:\/\/arantv.az\/index.php?rest_route=%2Fwp%2Fv2%2Fcategories&post=850382"},{"taxonomy":"post_tag","embeddable":true,"href":"https:\/\/arantv.az\/index.php?rest_route=%2Fwp%2Fv2%2Ftags&post=850382"}],"curies":[{"name":"wp","href":"https:\/\/api.w.org\/{rel}","templated":true}]}}