{"id":850385,"date":"2026-04-30T19:23:37","date_gmt":"2026-04-30T15:23:37","guid":{"rendered":"https:\/\/arantv.az\/?p=850385"},"modified":"2026-04-30T19:23:37","modified_gmt":"2026-04-30T15:23:37","slug":"az%c9%99rbaycan-danisiqlar-masasi-olacaq-kreml-cavab-verdi","status":"publish","type":"post","link":"https:\/\/arantv.az\/?p=850385","title":{"rendered":"Az\u0259rbaycan dan\u0131\u015f\u0131qlar masas\u0131 olacaq? \u2013 Kreml cavab verdi"},"content":{"rendered":"<p><strong>Rusiya prezidentinin m\u0259tbuat katibi Dmitri Peskov Ukrayna il\u0259 ba\u011fl\u0131 dan\u0131\u015f\u0131qlar\u0131n Az\u0259rbaycanda ke\u00e7irilm\u0259si ehtimal\u0131na m\u00fcnasib\u0259t bildirib.<\/strong><\/p>\n<p>Musavat.com x\u0259b\u0259r verir ki, Kremlin s\u00f6z\u00e7\u00fcs\u00fc bu m\u0259s\u0259l\u0259 il\u0259 ba\u011fl\u0131 konkret plan\u0131n olmad\u0131\u011f\u0131n\u0131 deyib. Onun s\u00f6zl\u0259rin\u0259 g\u00f6r\u0259, haz\u0131rda Az\u0259rbaycan \u0259razisinin Ukrayna \u00fczr\u0259 s\u00fclh dan\u0131\u015f\u0131qlar\u0131 \u00fc\u00e7\u00fcn platforma kimi istifad\u0259si g\u00fcnd\u0259md\u0259 deyil.<\/p>\n<p>Peskov bel\u0259likl\u0259, Ukrayna prezidenti Volodimir Zelenskinin Kiyevin Az\u0259rbaycan\u0131 dan\u0131\u015f\u0131qlar m\u0259kan\u0131 kimi n\u0259z\u0259rd\u0259n ke\u00e7irm\u0259y\u0259 haz\u0131r oldu\u011fu bar\u0259d\u0259 a\u00e7\u0131qlamas\u0131n\u0131 \u015f\u0259rh edib.<\/p>\n","protected":false},"excerpt":{"rendered":"<p>Rusiya prezidentinin m\u0259tbuat katibi Dmitri Peskov Ukrayna il\u0259 ba\u011fl\u0131 dan\u0131\u015f\u0131qlar\u0131n Az\u0259rbaycanda ke\u00e7irilm\u0259si ehtimal\u0131na m\u00fcnasib\u0259t bildirib. Musavat.com x\u0259b\u0259r verir ki, Kremlin s\u00f6z\u00e7\u00fcs\u00fc bu m\u0259s\u0259l\u0259 il\u0259 ba\u011fl\u0131 konkret plan\u0131n olmad\u0131\u011f\u0131n\u0131 deyib. Onun s\u00f6zl\u0259rin\u0259 g\u00f6r\u0259, haz\u0131rda Az\u0259rbaycan \u0259razisinin Ukrayna \u00fczr\u0259 s\u00fclh dan\u0131\u015f\u0131qlar\u0131 \u00fc\u00e7\u00fcn platforma kimi istifad\u0259si g\u00fcnd\u0259md\u0259 deyil. Peskov bel\u0259likl\u0259, Ukrayna prezidenti Volodimir Zelenskinin Kiyevin Az\u0259rbaycan\u0131 dan\u0131\u015f\u0131qlar m\u0259kan\u0131 kimi n\u0259z\u0259rd\u0259n ke\u00e7irm\u0259y\u0259 haz\u0131r oldu\u011fu bar\u0259d\u0259 a\u00e7\u0131qlamas\u0131n\u0131 \u015f\u0259rh edib.<\/p>\n","protected":false},"author":2,"featured_media":850386,"comment_status":"closed","ping_status":"closed","sticky":false,"template":"","format":"standard","meta":{"om_disable_all_campaigns":false,"_monsterinsights_skip_tracking":false,"_monsterinsights_sitenote_active":false,"_monsterinsights_sitenote_note":"","_monsterinsights_sitenote_category":0},"categories":[7],"tags":[],"aioseo_notices":[],"gutentor_comment":0,"rttpg_featured_image_url":{"full":["https:\/\/arantv.az\/wp-content\/uploads\/2026\/04\/939b214d4476a4f88170074cf171b978.jpg",870,500,false],"landscape":["https:\/\/arantv.az\/wp-content\/uploads\/2026\/04\/939b214d4476a4f88170074cf171b978.jpg",870,500,false],"portraits":["https:\/\/arantv.az\/wp-content\/uploads\/2026\/04\/939b214d4476a4f88170074cf171b978.jpg",870,500,false],"thumbnail":["https:\/\/arantv.az\/wp-content\/uploads\/2026\/04\/939b214d4476a4f88170074cf171b978-500x280.jpg",500,280,true],"medium":["https:\/\/arantv.az\/wp-content\/uploads\/2026\/04\/939b214d4476a4f88170074cf171b978-635x365.jpg",635,365,true],"large":["https:\/\/arantv.az\/wp-content\/uploads\/2026\/04\/939b214d4476a4f88170074cf171b978-840x483.jpg",640,368,true],"1536x1536":["https:\/\/arantv.az\/wp-content\/uploads\/2026\/04\/939b214d4476a4f88170074cf171b978.jpg",870,500,false],"2048x2048":["https:\/\/arantv.az\/wp-content\/uploads\/2026\/04\/939b214d4476a4f88170074cf171b978.jpg",870,500,false],"post-thumbnail":["https:\/\/arantv.az\/wp-content\/uploads\/2026\/04\/939b214d4476a4f88170074cf171b978-240x172.jpg",240,172,true],"advps-thumb-one":["https:\/\/arantv.az\/wp-content\/uploads\/2026\/04\/939b214d4476a4f88170074cf171b978.jpg",870,500,false]},"rttpg_author":{"display_name":"V\u00fcsal Rafiqo\u011flu","author_link":"https:\/\/arantv.az\/?author=2"},"rttpg_comment":0,"rttpg_category":"<a href=\"https:\/\/arantv.az\/?cat=7\" rel=\"category\">D\u00fcnya<\/a>","rttpg_excerpt":"Rusiya prezidentinin m\u0259tbuat katibi Dmitri Peskov Ukrayna il\u0259 ba\u011fl\u0131 dan\u0131\u015f\u0131qlar\u0131n Az\u0259rbaycanda ke\u00e7irilm\u0259si ehtimal\u0131na m\u00fcnasib\u0259t bildirib. Musavat.com x\u0259b\u0259r verir ki, Kremlin s\u00f6z\u00e7\u00fcs\u00fc bu m\u0259s\u0259l\u0259 il\u0259 ba\u011fl\u0131 konkret plan\u0131n olmad\u0131\u011f\u0131n\u0131 deyib. Onun s\u00f6zl\u0259rin\u0259 g\u00f6r\u0259, haz\u0131rda Az\u0259rbaycan \u0259razisinin Ukrayna \u00fczr\u0259 s\u00fclh dan\u0131\u015f\u0131qlar\u0131 \u00fc\u00e7\u00fcn platforma kimi istifad\u0259si g\u00fcnd\u0259md\u0259 deyil. Peskov bel\u0259likl\u0259, Ukrayna prezidenti Volodimir Zelenskinin Kiyevin Az\u0259rbaycan\u0131 dan\u0131\u015f\u0131qlar m\u0259kan\u0131&hellip;","_links":{"self":[{"href":"https:\/\/arantv.az\/index.php?rest_route=\/wp\/v2\/posts\/850385"}],"collection":[{"href":"https:\/\/arantv.az\/index.php?rest_route=\/wp\/v2\/posts"}],"about":[{"href":"https:\/\/arantv.az\/index.php?rest_route=\/wp\/v2\/types\/post"}],"author":[{"embeddable":true,"href":"https:\/\/arantv.az\/index.php?rest_route=\/wp\/v2\/users\/2"}],"replies":[{"embeddable":true,"href":"https:\/\/arantv.az\/index.php?rest_route=%2Fwp%2Fv2%2Fcomments&post=850385"}],"version-history":[{"count":2,"href":"https:\/\/arantv.az\/index.php?rest_route=\/wp\/v2\/posts\/850385\/revisions"}],"predecessor-version":[{"id":850388,"href":"https:\/\/arantv.az\/index.php?rest_route=\/wp\/v2\/posts\/850385\/revisions\/850388"}],"wp:featuredmedia":[{"embeddable":true,"href":"https:\/\/arantv.az\/index.php?rest_route=\/wp\/v2\/media\/850386"}],"wp:attachment":[{"href":"https:\/\/arantv.az\/index.php?rest_route=%2Fwp%2Fv2%2Fmedia&parent=850385"}],"wp:term":[{"taxonomy":"category","embeddable":true,"href":"https:\/\/arantv.az\/index.php?rest_route=%2Fwp%2Fv2%2Fcategories&post=850385"},{"taxonomy":"post_tag","embeddable":true,"href":"https:\/\/arantv.az\/index.php?rest_route=%2Fwp%2Fv2%2Ftags&post=850385"}],"curies":[{"name":"wp","href":"https:\/\/api.w.org\/{rel}","templated":true}]}}