{"id":850389,"date":"2026-04-30T19:24:33","date_gmt":"2026-04-30T15:24:33","guid":{"rendered":"https:\/\/arantv.az\/?p=850389"},"modified":"2026-04-30T19:24:33","modified_gmt":"2026-04-30T15:24:33","slug":"prezidentin-t%c9%99ltifi-s%c9%99hidin-adini-dasiyan-ovladina-t%c9%99qdim-edildi-foto","status":"publish","type":"post","link":"https:\/\/arantv.az\/?p=850389","title":{"rendered":"Prezidentin t\u0259ltifi \u015f\u0259hidin ad\u0131n\u0131 da\u015f\u0131yan \u00f6vlad\u0131na t\u0259qdim edildi &#8211; foto"},"content":{"rendered":"<p><strong>\u00d6t\u0259n il Prezident \u0130lham \u018fliyevin s\u0259r\u0259ncam\u0131 il\u0259 \u201cV\u0259t\u0259n u\u011frunda\u201d medal\u0131 il\u0259 (\u00f6l\u00fcm\u00fcnd\u0259n sonra) t\u0259ltif olunan q\u0259hr\u0259man k\u0259\u015ffiyyat\u00e7\u0131, ba\u015f leytenant \u015eahlar N\u0259z\u0259rovun medal\u0131 bu g\u00fcn, aprelin 30-da, X\u00fcsusi T\u0259yinatl\u0131 Q\u00fcvv\u0259l\u0259rin yarad\u0131ld\u0131\u011f\u0131 g\u00fcn onun m\u0259zar\u0131 ba\u015f\u0131nda, dYard\u0131ml\u0259 rayonunun Pe\u015ft\u0259s\u0259r k\u0259ndind\u0259 \u00f6vlad\u0131na t\u0259qdim edilib.<\/strong><\/p>\n<p>Musavat.com bu bar\u0259d\u0259 \u015f\u0259hidin \u0259misi Cabir N\u0259z\u0259rova istinad\u0259n bildirir. S\u0259f\u0259rb\u0259rlik v\u0259 H\u0259rbi Xidm\u0259t\u0259 \u00c7a\u011f\u0131r\u0131\u015f \u00fczr\u0259 D\u00f6vl\u0259t Xidm\u0259tinin Yard\u0131ml\u0131 Rayon b\u00f6lm\u0259sinin r\u0259isi, polkovnik-leytenant Elbrus Ba\u011f\u0131rov v\u0259 qurumun \u0259m\u0259kda\u015flar\u0131 Prezidentin t\u0259ltifini, medal\u0131 v\u0259 v\u0259siq\u0259ni \u015f\u0259hidin ad\u0131n\u0131 da\u015f\u0131yan \u00f6vlad\u0131, Pe\u015ft\u0259s\u0259r k\u0259nd tam orta m\u0259kt\u0259binin 3-c\u00fc sinif \u015fagirdi \u015eahlar N\u0259z\u0259rova t\u0259qdim edib. Qeyd ed\u0259k ki, \u015f\u0259hid ba\u015f leytenant \u015eahlar Ya\u015far o\u011flu N\u0259z\u0259rov 2017-ci il fevral\u0131n 24-d\u0259n 25-n\u0259 ke\u00e7\u0259n gec\u0259 F\u00fczuli-Xocav\u0259nd istiqam\u0259tind\u0259 d\u00fc\u015fm\u0259nin t\u0259xribat c\u0259hdl\u0259rinin qar\u015f\u0131s\u0131n\u0131 alark\u0259n q\u0259hr\u0259mancas\u0131na \u015f\u0259hid olub. \u018ffsan\u0259vi k\u0259\u015ffiyyat\u00e7\u0131 xidm\u0259t etdiyi m\u00fcdd\u0259td\u0259 onlarla d\u00fc\u015fm\u0259n h\u0259rb\u00e7ini m\u0259hv edib v\u0259 d\u00fc\u015fm\u0259nin \u00e7oxsayl\u0131 diversiya &#8211; t\u0259xribat c\u0259hdl\u0259rinin qar\u015f\u0131s\u0131n\u0131 al\u0131b. O, son d\u00f6y\u00fc\u015fd\u0259 yaral\u0131 \u0259sg\u0259rini xilas etm\u0259y\u0259 \u00e7al\u0131\u015fark\u0259n d\u00fc\u015fm\u0259n g\u00fcll\u0259sin\u0259 tu\u015f g\u0259l\u0259r\u0259k, qan itirm\u0259si n\u0259tic\u0259sind\u0259 \u015f\u0259hid olub. \u015e\u0259hidimizin n\u0259\u015fi \u00fc\u00e7 g\u00fcn davam ed\u0259n dan\u0131\u015f\u0131qlardan sonra qaytar\u0131l\u0131b. H\u0259min d\u00f6y\u00fc\u015fd\u0259 Az\u0259rbaycan\u0131n 5 q\u0259hr\u0259man k\u0259\u015ffiyyat\u00e7\u0131s\u0131 \u015f\u0259hid olmu\u015fdu. \u015eahlar N\u0259z\u0259rov xilas etm\u0259y\u0259 \u00e7al\u0131\u015fd\u0131\u011f\u0131 h\u0259rb\u00e7i yolda\u015f\u0131n\u0131n \u0259lini son n\u0259f\u0259sind\u0259 bel\u0259 buraxmam\u0131\u015fd\u0131, h\u0259min kadrlar bu g\u00fcn\u0259d\u0259k h\u0259ssasl\u0131qla izl\u0259nilir.<\/p>\n<p>Xat\u0131rladaq ki, \u015e.N\u0259z\u0259rov \u015f\u0259hidliy\u0259 qovu\u015fduqdan sonra, 27 iyun 2017-ci ild\u0259 onun \u0259kiz o\u011fullar\u0131 d\u00fcnyaya g\u0259lmi\u015fdi. Atas\u0131n\u0131n (\u015eahlar) v\u0259 babas\u0131n\u0131n (Ya\u015far) adlar\u0131n\u0131 da\u015f\u0131yan q\u0259hr\u0259man \u00f6vladlar\u0131 haz\u0131rda atalar\u0131n\u0131n uyudu\u011fu k\u0259ndd\u0259 &#8211; Yard\u0131ml\u0131 rayon Pe\u015ft\u0259s\u0259r k\u0259nd m\u0259kt\u0259bind\u0259 t\u0259hsil al\u0131rlar.\u00a0 C\u0259sur k\u0259\u015ffiyyat\u00e7\u0131n\u0131n atas\u0131 Ya\u015far N\u0259z\u0259rov 2024-c\u00fc ild\u0259 d\u00fcnyas\u0131n\u0131 d\u0259yi\u015fib.<\/p>\n<p><img loading=\"lazy\" src=\"https:\/\/cdn.musavat.com\/news\/images\/GUGU\/5465\/WhatsApp%20Image%202026-04-30%20at%2019.10.09.jpeg\" alt=\"WhatsApp Image 2026-04-30 at 19.10.09.jpeg (362 KB)\" width=\"1600\" height=\"1204\" \/><\/p>\n<p><strong>El\u015fad Pa\u015fasoy<\/strong><br \/>\n<strong>Musavat.com<\/strong><\/p>\n","protected":false},"excerpt":{"rendered":"<p>\u00d6t\u0259n il Prezident \u0130lham \u018fliyevin s\u0259r\u0259ncam\u0131 il\u0259 \u201cV\u0259t\u0259n u\u011frunda\u201d medal\u0131 il\u0259 (\u00f6l\u00fcm\u00fcnd\u0259n sonra) t\u0259ltif olunan q\u0259hr\u0259man k\u0259\u015ffiyyat\u00e7\u0131, ba\u015f leytenant \u015eahlar N\u0259z\u0259rovun medal\u0131 bu g\u00fcn, aprelin 30-da, X\u00fcsusi T\u0259yinatl\u0131 Q\u00fcvv\u0259l\u0259rin yarad\u0131ld\u0131\u011f\u0131 g\u00fcn onun m\u0259zar\u0131 ba\u015f\u0131nda, dYard\u0131ml\u0259 rayonunun Pe\u015ft\u0259s\u0259r k\u0259ndind\u0259 \u00f6vlad\u0131na t\u0259qdim edilib. Musavat.com bu bar\u0259d\u0259 \u015f\u0259hidin \u0259misi Cabir N\u0259z\u0259rova istinad\u0259n bildirir. S\u0259f\u0259rb\u0259rlik v\u0259 H\u0259rbi Xidm\u0259t\u0259 \u00c7a\u011f\u0131r\u0131\u015f \u00fczr\u0259 D\u00f6vl\u0259t Xidm\u0259tinin Yard\u0131ml\u0131 Rayon b\u00f6lm\u0259sinin r\u0259isi, polkovnik-leytenant Elbrus Ba\u011f\u0131rov v\u0259 qurumun \u0259m\u0259kda\u015flar\u0131 Prezidentin t\u0259ltifini, medal\u0131 v\u0259 v\u0259siq\u0259ni \u015f\u0259hidin ad\u0131n\u0131 da\u015f\u0131yan \u00f6vlad\u0131, Pe\u015ft\u0259s\u0259r k\u0259nd tam orta m\u0259kt\u0259binin 3-c\u00fc sinif \u015fagirdi \u015eahlar N\u0259z\u0259rova t\u0259qdim edib. Qeyd&hellip;<\/p>\n","protected":false},"author":2,"featured_media":850390,"comment_status":"closed","ping_status":"closed","sticky":false,"template":"","format":"standard","meta":{"om_disable_all_campaigns":false,"_monsterinsights_skip_tracking":false,"_monsterinsights_sitenote_active":false,"_monsterinsights_sitenote_note":"","_monsterinsights_sitenote_category":0},"categories":[1],"tags":[],"aioseo_notices":[],"gutentor_comment":0,"rttpg_featured_image_url":{"full":["https:\/\/arantv.az\/wp-content\/uploads\/2026\/04\/111ed364c8bb1cb2425a01f94f564176.jpg",751,492,false],"landscape":["https:\/\/arantv.az\/wp-content\/uploads\/2026\/04\/111ed364c8bb1cb2425a01f94f564176.jpg",751,492,false],"portraits":["https:\/\/arantv.az\/wp-content\/uploads\/2026\/04\/111ed364c8bb1cb2425a01f94f564176.jpg",751,492,false],"thumbnail":["https:\/\/arantv.az\/wp-content\/uploads\/2026\/04\/111ed364c8bb1cb2425a01f94f564176-500x280.jpg",500,280,true],"medium":["https:\/\/arantv.az\/wp-content\/uploads\/2026\/04\/111ed364c8bb1cb2425a01f94f564176-557x365.jpg",557,365,true],"large":["https:\/\/arantv.az\/wp-content\/uploads\/2026\/04\/111ed364c8bb1cb2425a01f94f564176.jpg",640,419,false],"1536x1536":["https:\/\/arantv.az\/wp-content\/uploads\/2026\/04\/111ed364c8bb1cb2425a01f94f564176.jpg",751,492,false],"2048x2048":["https:\/\/arantv.az\/wp-content\/uploads\/2026\/04\/111ed364c8bb1cb2425a01f94f564176.jpg",751,492,false],"post-thumbnail":["https:\/\/arantv.az\/wp-content\/uploads\/2026\/04\/111ed364c8bb1cb2425a01f94f564176-240x172.jpg",240,172,true],"advps-thumb-one":["https:\/\/arantv.az\/wp-content\/uploads\/2026\/04\/111ed364c8bb1cb2425a01f94f564176.jpg",751,492,false]},"rttpg_author":{"display_name":"V\u00fcsal Rafiqo\u011flu","author_link":"https:\/\/arantv.az\/?author=2"},"rttpg_comment":0,"rttpg_category":"<a href=\"https:\/\/arantv.az\/?cat=1\" rel=\"category\">C\u0259miyy\u0259t<\/a>","rttpg_excerpt":"\u00d6t\u0259n il Prezident \u0130lham \u018fliyevin s\u0259r\u0259ncam\u0131 il\u0259 \u201cV\u0259t\u0259n u\u011frunda\u201d medal\u0131 il\u0259 (\u00f6l\u00fcm\u00fcnd\u0259n sonra) t\u0259ltif olunan q\u0259hr\u0259man k\u0259\u015ffiyyat\u00e7\u0131, ba\u015f leytenant \u015eahlar N\u0259z\u0259rovun medal\u0131 bu g\u00fcn, aprelin 30-da, X\u00fcsusi T\u0259yinatl\u0131 Q\u00fcvv\u0259l\u0259rin yarad\u0131ld\u0131\u011f\u0131 g\u00fcn onun m\u0259zar\u0131 ba\u015f\u0131nda, dYard\u0131ml\u0259 rayonunun Pe\u015ft\u0259s\u0259r k\u0259ndind\u0259 \u00f6vlad\u0131na t\u0259qdim edilib. Musavat.com bu bar\u0259d\u0259 \u015f\u0259hidin \u0259misi Cabir N\u0259z\u0259rova istinad\u0259n bildirir. S\u0259f\u0259rb\u0259rlik v\u0259 H\u0259rbi Xidm\u0259t\u0259 \u00c7a\u011f\u0131r\u0131\u015f&hellip;","_links":{"self":[{"href":"https:\/\/arantv.az\/index.php?rest_route=\/wp\/v2\/posts\/850389"}],"collection":[{"href":"https:\/\/arantv.az\/index.php?rest_route=\/wp\/v2\/posts"}],"about":[{"href":"https:\/\/arantv.az\/index.php?rest_route=\/wp\/v2\/types\/post"}],"author":[{"embeddable":true,"href":"https:\/\/arantv.az\/index.php?rest_route=\/wp\/v2\/users\/2"}],"replies":[{"embeddable":true,"href":"https:\/\/arantv.az\/index.php?rest_route=%2Fwp%2Fv2%2Fcomments&post=850389"}],"version-history":[{"count":1,"href":"https:\/\/arantv.az\/index.php?rest_route=\/wp\/v2\/posts\/850389\/revisions"}],"predecessor-version":[{"id":850391,"href":"https:\/\/arantv.az\/index.php?rest_route=\/wp\/v2\/posts\/850389\/revisions\/850391"}],"wp:featuredmedia":[{"embeddable":true,"href":"https:\/\/arantv.az\/index.php?rest_route=\/wp\/v2\/media\/850390"}],"wp:attachment":[{"href":"https:\/\/arantv.az\/index.php?rest_route=%2Fwp%2Fv2%2Fmedia&parent=850389"}],"wp:term":[{"taxonomy":"category","embeddable":true,"href":"https:\/\/arantv.az\/index.php?rest_route=%2Fwp%2Fv2%2Fcategories&post=850389"},{"taxonomy":"post_tag","embeddable":true,"href":"https:\/\/arantv.az\/index.php?rest_route=%2Fwp%2Fv2%2Ftags&post=850389"}],"curies":[{"name":"wp","href":"https:\/\/api.w.org\/{rel}","templated":true}]}}