{"id":850392,"date":"2026-04-30T19:25:58","date_gmt":"2026-04-30T15:25:58","guid":{"rendered":"https:\/\/arantv.az\/?p=850392"},"modified":"2026-04-30T19:25:58","modified_gmt":"2026-04-30T15:25:58","slug":"hikm%c9%99t-haciyev-s%c9%99udiyy%c9%99-%c9%99r%c9%99bistaninin-az%c9%99rbaycandaki-s%c9%99firi-il%c9%99-gorusub","status":"publish","type":"post","link":"https:\/\/arantv.az\/?p=850392","title":{"rendered":"Hikm\u0259t Hac\u0131yev S\u0259udiyy\u0259 \u018fr\u0259bistan\u0131n\u0131n Az\u0259rbaycandak\u0131 s\u0259firi il\u0259 g\u00f6r\u00fc\u015f\u00fcb"},"content":{"rendered":"<p><strong>Prezidentin k\u00f6m\u0259k\u00e7isi, Prezident Administrasiyas\u0131n\u0131n (PA) Xarici siyas\u0259t m\u0259s\u0259l\u0259l\u0259ri \u015f\u00f6b\u0259sinin m\u00fcdiri Hikm\u0259t Hac\u0131yev S\u0259udiyy\u0259 \u018fr\u0259bistan\u0131n\u0131n Az\u0259rbaycandak\u0131 s\u0259firi \u0130ssam bin Saleh \u0259l-Cuteyli il\u0259 g\u00f6r\u00fc\u015f\u00fcb.<\/strong><\/p>\n<p><strong>Musavat.com<\/strong>\u00a0x\u0259b\u0259r verir ki, bu bar\u0259d\u0259 S\u0259udiyy\u0259 \u018fr\u0259bistan\u0131n\u0131n Az\u0259rbaycandak\u0131 s\u0259firliyinin &#8220;X&#8221; sosial \u015f\u0259b\u0259k\u0259 hesab\u0131nda m\u0259lumat yay\u0131l\u0131b.<\/p>\n<p>&#8220;\u0130ssam bin Saleh \u0259l-Cuteyli Az\u0259rbaycan Prezident Administrasiyas\u0131n\u0131n Xarici siyas\u0259t m\u0259s\u0259l\u0259l\u0259ri \u015f\u00f6b\u0259sinin m\u00fcdiri Hikm\u0259t Hac\u0131yev il\u0259 g\u00f6r\u00fc\u015f\u00fcb&#8221;, &#8211; payla\u015f\u0131mda bildirilib v\u0259 \u0259lav\u0259 olunub ki, s\u00f6hb\u0259t zaman\u0131 qar\u015f\u0131l\u0131ql\u0131 maraq do\u011furan m\u00f6vzular m\u00fczakir\u0259 edilib.<\/p>\n<p>&nbsp;<\/p>\n<div class=\"twitter-tweet twitter-tweet-rendered\"><iframe loading=\"lazy\" id=\"twitter-widget-0\" class=\"\" title=\"X Post\" src=\"https:\/\/platform.twitter.com\/embed\/Tweet.html?creatorScreenName=reportnewsaz&amp;dnt=false&amp;embedId=twitter-widget-0&amp;features=eyJ0ZndfdGltZWxpbmVfbGlzdCI6eyJidWNrZXQiOltdLCJ2ZXJzaW9uIjpudWxsfSwidGZ3X2ZvbGxvd2VyX2NvdW50X3N1bnNldCI6eyJidWNrZXQiOnRydWUsInZlcnNpb24iOm51bGx9LCJ0ZndfdHdlZXRfZWRpdF9iYWNrZW5kIjp7ImJ1Y2tldCI6Im9uIiwidmVyc2lvbiI6bnVsbH0sInRmd19yZWZzcmNfc2Vzc2lvbiI6eyJidWNrZXQiOiJvbiIsInZlcnNpb24iOm51bGx9LCJ0ZndfZm9zbnJfc29mdF9pbnRlcnZlbnRpb25zX2VuYWJsZWQiOnsiYnVja2V0Ijoib24iLCJ2ZXJzaW9uIjpudWxsfSwidGZ3X21peGVkX21lZGlhXzE1ODk3Ijp7ImJ1Y2tldCI6InRyZWF0bWVudCIsInZlcnNpb24iOm51bGx9LCJ0ZndfZXhwZXJpbWVudHNfY29va2llX2V4cGlyYXRpb24iOnsiYnVja2V0IjoxMjA5NjAwLCJ2ZXJzaW9uIjpudWxsfSwidGZ3X3Nob3dfYmlyZHdhdGNoX3Bpdm90c19lbmFibGVkIjp7ImJ1Y2tldCI6Im9uIiwidmVyc2lvbiI6bnVsbH0sInRmd19kdXBsaWNhdGVfc2NyaWJlc190b19zZXR0aW5ncyI6eyJidWNrZXQiOiJvbiIsInZlcnNpb24iOm51bGx9LCJ0ZndfdXNlX3Byb2ZpbGVfaW1hZ2Vfc2hhcGVfZW5hYmxlZCI6eyJidWNrZXQiOiJvbiIsInZlcnNpb24iOm51bGx9LCJ0ZndfdmlkZW9faGxzX2R5bmFtaWNfbWFuaWZlc3RzXzE1MDgyIjp7ImJ1Y2tldCI6InRydWVfYml0cmF0ZSIsInZlcnNpb24iOm51bGx9LCJ0ZndfbGVnYWN5X3RpbWVsaW5lX3N1bnNldCI6eyJidWNrZXQiOnRydWUsInZlcnNpb24iOm51bGx9LCJ0ZndfdHdlZXRfZWRpdF9mcm9udGVuZCI6eyJidWNrZXQiOiJvbiIsInZlcnNpb24iOm51bGx9fQ%3D%3D&amp;frame=false&amp;hideCard=false&amp;hideThread=false&amp;id=2049839738165895312&amp;lang=en&amp;origin=https%3A%2F%2Freport.az%2Fxarici-siyaset%2Fhikmet-haciyev-seudiyye-erebistaninin-azerbaycandaki-sefiri-ile-gorusub3004&amp;sessionId=5776b7d17a5dfe25fb5ae0ff9d8eb2b4834998c0&amp;siteScreenName=reportnewsaz&amp;theme=light&amp;widgetsVersion=2615f7e52b7e0%3A1702314776716&amp;width=550px\" width=\"300\" height=\"150\" frameborder=\"0\" scrolling=\"no\" allowfullscreen=\"allowfullscreen\" data-tweet-id=\"2049839738165895312\" data-mce-fragment=\"1\"><\/iframe><\/div>\n","protected":false},"excerpt":{"rendered":"<p>Prezidentin k\u00f6m\u0259k\u00e7isi, Prezident Administrasiyas\u0131n\u0131n (PA) Xarici siyas\u0259t m\u0259s\u0259l\u0259l\u0259ri \u015f\u00f6b\u0259sinin m\u00fcdiri Hikm\u0259t Hac\u0131yev S\u0259udiyy\u0259 \u018fr\u0259bistan\u0131n\u0131n Az\u0259rbaycandak\u0131 s\u0259firi \u0130ssam bin Saleh \u0259l-Cuteyli il\u0259 g\u00f6r\u00fc\u015f\u00fcb. Musavat.com\u00a0x\u0259b\u0259r verir ki, bu bar\u0259d\u0259 S\u0259udiyy\u0259 \u018fr\u0259bistan\u0131n\u0131n Az\u0259rbaycandak\u0131 s\u0259firliyinin &#8220;X&#8221; sosial \u015f\u0259b\u0259k\u0259 hesab\u0131nda m\u0259lumat yay\u0131l\u0131b. &#8220;\u0130ssam bin Saleh \u0259l-Cuteyli Az\u0259rbaycan Prezident Administrasiyas\u0131n\u0131n Xarici siyas\u0259t m\u0259s\u0259l\u0259l\u0259ri \u015f\u00f6b\u0259sinin m\u00fcdiri Hikm\u0259t Hac\u0131yev il\u0259 g\u00f6r\u00fc\u015f\u00fcb&#8221;, &#8211; payla\u015f\u0131mda bildirilib v\u0259 \u0259lav\u0259 olunub ki, s\u00f6hb\u0259t zaman\u0131 qar\u015f\u0131l\u0131ql\u0131 maraq do\u011furan m\u00f6vzular m\u00fczakir\u0259 edilib. &nbsp;<\/p>\n","protected":false},"author":2,"featured_media":850393,"comment_status":"closed","ping_status":"closed","sticky":false,"template":"","format":"standard","meta":{"om_disable_all_campaigns":false,"_monsterinsights_skip_tracking":false,"_monsterinsights_sitenote_active":false,"_monsterinsights_sitenote_note":"","_monsterinsights_sitenote_category":0},"categories":[4],"tags":[],"aioseo_notices":[],"gutentor_comment":0,"rttpg_featured_image_url":{"full":["https:\/\/arantv.az\/wp-content\/uploads\/2026\/04\/910adc9e02ee069b74ddae5964c9482d.jpg",870,500,false],"landscape":["https:\/\/arantv.az\/wp-content\/uploads\/2026\/04\/910adc9e02ee069b74ddae5964c9482d.jpg",870,500,false],"portraits":["https:\/\/arantv.az\/wp-content\/uploads\/2026\/04\/910adc9e02ee069b74ddae5964c9482d.jpg",870,500,false],"thumbnail":["https:\/\/arantv.az\/wp-content\/uploads\/2026\/04\/910adc9e02ee069b74ddae5964c9482d-500x280.jpg",500,280,true],"medium":["https:\/\/arantv.az\/wp-content\/uploads\/2026\/04\/910adc9e02ee069b74ddae5964c9482d-635x365.jpg",635,365,true],"large":["https:\/\/arantv.az\/wp-content\/uploads\/2026\/04\/910adc9e02ee069b74ddae5964c9482d-840x483.jpg",640,368,true],"1536x1536":["https:\/\/arantv.az\/wp-content\/uploads\/2026\/04\/910adc9e02ee069b74ddae5964c9482d.jpg",870,500,false],"2048x2048":["https:\/\/arantv.az\/wp-content\/uploads\/2026\/04\/910adc9e02ee069b74ddae5964c9482d.jpg",870,500,false],"post-thumbnail":["https:\/\/arantv.az\/wp-content\/uploads\/2026\/04\/910adc9e02ee069b74ddae5964c9482d-240x172.jpg",240,172,true],"advps-thumb-one":["https:\/\/arantv.az\/wp-content\/uploads\/2026\/04\/910adc9e02ee069b74ddae5964c9482d.jpg",870,500,false]},"rttpg_author":{"display_name":"V\u00fcsal Rafiqo\u011flu","author_link":"https:\/\/arantv.az\/?author=2"},"rttpg_comment":0,"rttpg_category":"<a href=\"https:\/\/arantv.az\/?cat=4\" rel=\"category\">Siyas\u0259t<\/a>","rttpg_excerpt":"Prezidentin k\u00f6m\u0259k\u00e7isi, Prezident Administrasiyas\u0131n\u0131n (PA) Xarici siyas\u0259t m\u0259s\u0259l\u0259l\u0259ri \u015f\u00f6b\u0259sinin m\u00fcdiri Hikm\u0259t Hac\u0131yev S\u0259udiyy\u0259 \u018fr\u0259bistan\u0131n\u0131n Az\u0259rbaycandak\u0131 s\u0259firi \u0130ssam bin Saleh \u0259l-Cuteyli il\u0259 g\u00f6r\u00fc\u015f\u00fcb. Musavat.com\u00a0x\u0259b\u0259r verir ki, bu bar\u0259d\u0259 S\u0259udiyy\u0259 \u018fr\u0259bistan\u0131n\u0131n Az\u0259rbaycandak\u0131 s\u0259firliyinin &#8220;X&#8221; sosial \u015f\u0259b\u0259k\u0259 hesab\u0131nda m\u0259lumat yay\u0131l\u0131b. &#8220;\u0130ssam bin Saleh \u0259l-Cuteyli Az\u0259rbaycan Prezident Administrasiyas\u0131n\u0131n Xarici siyas\u0259t m\u0259s\u0259l\u0259l\u0259ri \u015f\u00f6b\u0259sinin m\u00fcdiri Hikm\u0259t Hac\u0131yev il\u0259 g\u00f6r\u00fc\u015f\u00fcb&#8221;, &#8211; payla\u015f\u0131mda&hellip;","_links":{"self":[{"href":"https:\/\/arantv.az\/index.php?rest_route=\/wp\/v2\/posts\/850392"}],"collection":[{"href":"https:\/\/arantv.az\/index.php?rest_route=\/wp\/v2\/posts"}],"about":[{"href":"https:\/\/arantv.az\/index.php?rest_route=\/wp\/v2\/types\/post"}],"author":[{"embeddable":true,"href":"https:\/\/arantv.az\/index.php?rest_route=\/wp\/v2\/users\/2"}],"replies":[{"embeddable":true,"href":"https:\/\/arantv.az\/index.php?rest_route=%2Fwp%2Fv2%2Fcomments&post=850392"}],"version-history":[{"count":1,"href":"https:\/\/arantv.az\/index.php?rest_route=\/wp\/v2\/posts\/850392\/revisions"}],"predecessor-version":[{"id":850394,"href":"https:\/\/arantv.az\/index.php?rest_route=\/wp\/v2\/posts\/850392\/revisions\/850394"}],"wp:featuredmedia":[{"embeddable":true,"href":"https:\/\/arantv.az\/index.php?rest_route=\/wp\/v2\/media\/850393"}],"wp:attachment":[{"href":"https:\/\/arantv.az\/index.php?rest_route=%2Fwp%2Fv2%2Fmedia&parent=850392"}],"wp:term":[{"taxonomy":"category","embeddable":true,"href":"https:\/\/arantv.az\/index.php?rest_route=%2Fwp%2Fv2%2Fcategories&post=850392"},{"taxonomy":"post_tag","embeddable":true,"href":"https:\/\/arantv.az\/index.php?rest_route=%2Fwp%2Fv2%2Ftags&post=850392"}],"curies":[{"name":"wp","href":"https:\/\/api.w.org\/{rel}","templated":true}]}}