{"id":850410,"date":"2026-04-30T19:32:38","date_gmt":"2026-04-30T15:32:38","guid":{"rendered":"https:\/\/arantv.az\/?p=850410"},"modified":"2026-04-30T19:32:38","modified_gmt":"2026-04-30T15:32:38","slug":"prezident-s%c9%99r%c9%99ncam-imzaladi-13","status":"publish","type":"post","link":"https:\/\/arantv.az\/?p=850410","title":{"rendered":"Prezident S\u0259r\u0259ncam \u0130MZALADI"},"content":{"rendered":"<div class=\"text-content\" data-id=\"\" data-url=\"\">\n<p><strong>Az\u0259rbaycan t\u0259sviri s\u0259n\u0259tinin b\u00f6y\u00fck ustas\u0131, g\u00f6rk\u0259mli xal\u00e7a\u015f\u00fcnas, pedaqoq v\u0259 s\u0259n\u0259t\u015f\u00fcnas alim, SSR\u0130 D\u00f6vl\u0259t m\u00fckafat\u0131 laureat\u0131, Xalq r\u0259ssam\u0131 L\u0259tif H\u00fcseyn o\u011flu K\u0259rimovun 120 illiyi qeyd olunacaq.<\/strong><\/p>\n<p><strong>Musavat.com<\/strong>\u00a0x\u0259b\u0259r verir ki, bu bar\u0259d\u0259 Prezident \u0130lham \u018fliyev S\u0259r\u0259ncam imzalay\u0131b.<\/p>\n<p>Qeyd olunub ki, 2026-c\u0131 ilin noyabr ay\u0131nda 120 illiyi tamam olur.<\/p>\n<p>D\u00fcnya m\u0259d\u0259ni irs x\u0259zin\u0259sind\u0259 \u015f\u0259r\u0259fli m\u00f6vqey\u0259 malik Az\u0259rbaycan xal\u00e7a m\u0259d\u0259niyy\u0259tinin haz\u0131rk\u0131 inki\u015faf s\u0259viyy\u0259sin\u0259 y\u00fcks\u0259lm\u0259sind\u0259 L\u0259tif K\u0259rimovun t\u0259qdir\u0259layiq xidm\u0259tl\u0259ri vard\u0131r. Onun eskizl\u0259ri \u0259sas\u0131nda toxunmu\u015f xeyli sayda s\u00fcjetli, portret xal\u00e7alar v\u0259 monumental xal\u0131lar milli xal\u00e7a\u00e7\u0131l\u0131\u011f\u0131n parlaq \u0259n\u0259n\u0259l\u0259rini \u00f6z\u00fcnd\u0259 ya\u015fadan misilsiz s\u0259n\u0259t n\u00fcmun\u0259l\u0259ridir. Fitri istedadla yarad\u0131lan v\u0259 nax\u0131\u015flar\u0131n\u0131n ifad\u0259liliyi, bitkin \u00fcslubu il\u0259 se\u00e7il\u0259n d\u0259rin koloritli \u0259s\u0259rl\u0259ri s\u0259n\u0259tkara d\u00f6vr\u00fcn m\u0259\u015fhur xal\u00e7a ustalar\u0131ndan biri olaraq x\u00fcsusi \u015f\u00f6hr\u0259t qazand\u0131rm\u0131\u015fd\u0131r. L\u0259tif K\u0259rimov Az\u0259rbaycan xal\u00e7alar\u0131n\u0131n ornamental, kompozisiya x\u00fcsusiyy\u0259tl\u0259rini m\u00fc\u0259yy\u0259nl\u0259\u015fdirmi\u015f v\u0259 m\u00fck\u0259mm\u0259l sistemli t\u0259snifat\u0131n\u0131 i\u015fl\u0259yib haz\u0131rlam\u0131\u015fd\u0131r. Xal\u00e7a s\u0259n\u0259tinin beyn\u0259lxalq miqyasda mahir bilicisi kimi tan\u0131nm\u0131\u015f alimin bu istiqam\u0259td\u0259 apard\u0131\u011f\u0131 fundamental t\u0259dqiqatlar indi d\u0259 \u0259n \u00e7ox istinad olunan m\u00f6t\u0259b\u0259r m\u0259nb\u0259l\u0259rd\u0259ndir.<\/p>\n<p>S\u0259r\u0259ncama \u0259sas\u0259n M\u0259d\u0259niyy\u0259t Nazirliyi v\u0259 Az\u0259rbaycan Milli Elml\u0259r Akademiyas\u0131na Xalq r\u0259ssam\u0131 L\u0259tif K\u0259rimovun 120 illiyi il\u0259 ba\u011fl\u0131 t\u0259dbirl\u0259r plan\u0131 haz\u0131rlay\u0131b h\u0259yata ke\u00e7irm\u0259y\u0259, Nazirl\u0259r Kabinetin\u0259 bu S\u0259r\u0259ncamdan ir\u0259li g\u0259l\u0259n m\u0259s\u0259l\u0259l\u0259ri h\u0259ll etm\u0259k tap\u015f\u0131r\u0131l\u0131b.<\/p>\n<\/div>\n<div>\n<div class=\"form-group\"><img class=\"img-responsive\" src=\"https:\/\/cdn.musavat.com\/news\/images\/EM-FOTO\/69f34e0de866269f34e0de8663177755290969f34e0de866069f34e0de8661.jpg\" \/><\/div>\n<\/div>\n","protected":false},"excerpt":{"rendered":"<p>Az\u0259rbaycan t\u0259sviri s\u0259n\u0259tinin b\u00f6y\u00fck ustas\u0131, g\u00f6rk\u0259mli xal\u00e7a\u015f\u00fcnas, pedaqoq v\u0259 s\u0259n\u0259t\u015f\u00fcnas alim, SSR\u0130 D\u00f6vl\u0259t m\u00fckafat\u0131 laureat\u0131, Xalq r\u0259ssam\u0131 L\u0259tif H\u00fcseyn o\u011flu K\u0259rimovun 120 illiyi qeyd olunacaq. Musavat.com\u00a0x\u0259b\u0259r verir ki, bu bar\u0259d\u0259 Prezident \u0130lham \u018fliyev S\u0259r\u0259ncam imzalay\u0131b. Qeyd olunub ki, 2026-c\u0131 ilin noyabr ay\u0131nda 120 illiyi tamam olur. D\u00fcnya m\u0259d\u0259ni irs x\u0259zin\u0259sind\u0259 \u015f\u0259r\u0259fli m\u00f6vqey\u0259 malik Az\u0259rbaycan xal\u00e7a m\u0259d\u0259niyy\u0259tinin haz\u0131rk\u0131 inki\u015faf s\u0259viyy\u0259sin\u0259 y\u00fcks\u0259lm\u0259sind\u0259 L\u0259tif K\u0259rimovun t\u0259qdir\u0259layiq xidm\u0259tl\u0259ri vard\u0131r. Onun eskizl\u0259ri \u0259sas\u0131nda toxunmu\u015f xeyli sayda s\u00fcjetli, portret xal\u00e7alar v\u0259 monumental xal\u0131lar milli xal\u00e7a\u00e7\u0131l\u0131\u011f\u0131n parlaq \u0259n\u0259n\u0259l\u0259rini \u00f6z\u00fcnd\u0259 ya\u015fadan misilsiz s\u0259n\u0259t n\u00fcmun\u0259l\u0259ridir. Fitri istedadla yarad\u0131lan v\u0259&hellip;<\/p>\n","protected":false},"author":2,"featured_media":850411,"comment_status":"closed","ping_status":"closed","sticky":false,"template":"","format":"standard","meta":{"om_disable_all_campaigns":false,"_monsterinsights_skip_tracking":false,"_monsterinsights_sitenote_active":false,"_monsterinsights_sitenote_note":"","_monsterinsights_sitenote_category":0},"categories":[4],"tags":[],"aioseo_notices":[],"gutentor_comment":0,"rttpg_featured_image_url":{"full":["https:\/\/arantv.az\/wp-content\/uploads\/2026\/04\/d499994f14c469ce97fcd27fb21c8c7a.jpg",620,363,false],"landscape":["https:\/\/arantv.az\/wp-content\/uploads\/2026\/04\/d499994f14c469ce97fcd27fb21c8c7a.jpg",620,363,false],"portraits":["https:\/\/arantv.az\/wp-content\/uploads\/2026\/04\/d499994f14c469ce97fcd27fb21c8c7a.jpg",620,363,false],"thumbnail":["https:\/\/arantv.az\/wp-content\/uploads\/2026\/04\/d499994f14c469ce97fcd27fb21c8c7a-500x280.jpg",500,280,true],"medium":["https:\/\/arantv.az\/wp-content\/uploads\/2026\/04\/d499994f14c469ce97fcd27fb21c8c7a.jpg",620,363,false],"large":["https:\/\/arantv.az\/wp-content\/uploads\/2026\/04\/d499994f14c469ce97fcd27fb21c8c7a.jpg",620,363,false],"1536x1536":["https:\/\/arantv.az\/wp-content\/uploads\/2026\/04\/d499994f14c469ce97fcd27fb21c8c7a.jpg",620,363,false],"2048x2048":["https:\/\/arantv.az\/wp-content\/uploads\/2026\/04\/d499994f14c469ce97fcd27fb21c8c7a.jpg",620,363,false],"post-thumbnail":["https:\/\/arantv.az\/wp-content\/uploads\/2026\/04\/d499994f14c469ce97fcd27fb21c8c7a-240x172.jpg",240,172,true],"advps-thumb-one":["https:\/\/arantv.az\/wp-content\/uploads\/2026\/04\/d499994f14c469ce97fcd27fb21c8c7a.jpg",620,363,false]},"rttpg_author":{"display_name":"V\u00fcsal Rafiqo\u011flu","author_link":"https:\/\/arantv.az\/?author=2"},"rttpg_comment":0,"rttpg_category":"<a href=\"https:\/\/arantv.az\/?cat=4\" rel=\"category\">Siyas\u0259t<\/a>","rttpg_excerpt":"Az\u0259rbaycan t\u0259sviri s\u0259n\u0259tinin b\u00f6y\u00fck ustas\u0131, g\u00f6rk\u0259mli xal\u00e7a\u015f\u00fcnas, pedaqoq v\u0259 s\u0259n\u0259t\u015f\u00fcnas alim, SSR\u0130 D\u00f6vl\u0259t m\u00fckafat\u0131 laureat\u0131, Xalq r\u0259ssam\u0131 L\u0259tif H\u00fcseyn o\u011flu K\u0259rimovun 120 illiyi qeyd olunacaq. Musavat.com\u00a0x\u0259b\u0259r verir ki, bu bar\u0259d\u0259 Prezident \u0130lham \u018fliyev S\u0259r\u0259ncam imzalay\u0131b. Qeyd olunub ki, 2026-c\u0131 ilin noyabr ay\u0131nda 120 illiyi tamam olur. D\u00fcnya m\u0259d\u0259ni irs x\u0259zin\u0259sind\u0259 \u015f\u0259r\u0259fli m\u00f6vqey\u0259 malik Az\u0259rbaycan xal\u00e7a&hellip;","_links":{"self":[{"href":"https:\/\/arantv.az\/index.php?rest_route=\/wp\/v2\/posts\/850410"}],"collection":[{"href":"https:\/\/arantv.az\/index.php?rest_route=\/wp\/v2\/posts"}],"about":[{"href":"https:\/\/arantv.az\/index.php?rest_route=\/wp\/v2\/types\/post"}],"author":[{"embeddable":true,"href":"https:\/\/arantv.az\/index.php?rest_route=\/wp\/v2\/users\/2"}],"replies":[{"embeddable":true,"href":"https:\/\/arantv.az\/index.php?rest_route=%2Fwp%2Fv2%2Fcomments&post=850410"}],"version-history":[{"count":1,"href":"https:\/\/arantv.az\/index.php?rest_route=\/wp\/v2\/posts\/850410\/revisions"}],"predecessor-version":[{"id":850412,"href":"https:\/\/arantv.az\/index.php?rest_route=\/wp\/v2\/posts\/850410\/revisions\/850412"}],"wp:featuredmedia":[{"embeddable":true,"href":"https:\/\/arantv.az\/index.php?rest_route=\/wp\/v2\/media\/850411"}],"wp:attachment":[{"href":"https:\/\/arantv.az\/index.php?rest_route=%2Fwp%2Fv2%2Fmedia&parent=850410"}],"wp:term":[{"taxonomy":"category","embeddable":true,"href":"https:\/\/arantv.az\/index.php?rest_route=%2Fwp%2Fv2%2Fcategories&post=850410"},{"taxonomy":"post_tag","embeddable":true,"href":"https:\/\/arantv.az\/index.php?rest_route=%2Fwp%2Fv2%2Ftags&post=850410"}],"curies":[{"name":"wp","href":"https:\/\/api.w.org\/{rel}","templated":true}]}}