{"id":850413,"date":"2026-04-30T19:33:32","date_gmt":"2026-04-30T15:33:32","guid":{"rendered":"https:\/\/arantv.az\/?p=850413"},"modified":"2026-04-30T19:33:32","modified_gmt":"2026-04-30T15:33:32","slug":"ilham-%c9%99liyev-ukraynanin-bu-s%c9%99h%c9%99rinin-f%c9%99xri-v%c9%99t%c9%99ndasi-elan-edildi","status":"publish","type":"post","link":"https:\/\/arantv.az\/?p=850413","title":{"rendered":"\u0130lham \u018fliyev Ukraynan\u0131n bu \u015f\u0259h\u0259rinin f\u0259xri v\u0259t\u0259nda\u015f\u0131 elan edildi"},"content":{"rendered":"<p><strong>Ukraynan\u0131n \u0130rpen \u015f\u0259h\u0259r \u015euras\u0131 Az\u0259rbaycan Prezidenti \u0130lham \u018fliyevi \u015f\u0259h\u0259rin f\u0259xri v\u0259t\u0259nda\u015f\u0131 elan edib.<\/strong><\/p>\n<p>Bunu \u0130rpen \u015f\u0259h\u0259r \u015euras\u0131n\u0131n r\u0259hb\u0259ri, \u015f\u0259h\u0259rin meri \u0259v\u0259zi Anjela Makeyeva bildirib.<\/p>\n<p>Qeyd ed\u0259k ki, Ukraynada m\u00fcharib\u0259 ba\u015flayandan sonra Prezident \u0130lham \u018fliyevin g\u00f6st\u0259ri\u015fi il\u0259 bu \u00f6lk\u0259y\u0259, o c\u00fcml\u0259d\u0259n \u0130rpen \u015f\u0259h\u0259rin\u0259 m\u00fcxt\u0259lif humanitar yard\u0131mlar g\u00f6st\u0259rilib.<\/p>\n<p>O c\u00fcml\u0259d\u0259n, Az\u0259rbaycan h\u00f6kum\u0259tinin k\u00f6m\u0259yi il\u0259 \u0130rpend\u0259 lisey v\u0259 \u015f\u0259h\u0259r poliklinikas\u0131 b\u0259rpa olunub.<\/p>\n<p>Az\u0259rbaycandan enerji b\u00f6hran\u0131ndan \u0259ziyy\u0259t \u00e7\u0259k\u0259n Ukraynaya 11 yard\u0131m paketi g\u00f6nd\u0259rilib.<\/p>\n<p>Bundan ba\u015fqa Ukraynan\u0131n m\u00fcharib\u0259d\u0259n \u0259ziyy\u0259t \u00e7\u0259k\u0259n b\u00f6lg\u0259l\u0259rind\u0259n 500-d\u0259n \u00e7ox u\u015faq reabilitasiya \u00fc\u00e7\u00fcn Az\u0259rbaycana g\u0259tirilib.\/\/Report<\/p>\n","protected":false},"excerpt":{"rendered":"<p>Ukraynan\u0131n \u0130rpen \u015f\u0259h\u0259r \u015euras\u0131 Az\u0259rbaycan Prezidenti \u0130lham \u018fliyevi \u015f\u0259h\u0259rin f\u0259xri v\u0259t\u0259nda\u015f\u0131 elan edib. Bunu \u0130rpen \u015f\u0259h\u0259r \u015euras\u0131n\u0131n r\u0259hb\u0259ri, \u015f\u0259h\u0259rin meri \u0259v\u0259zi Anjela Makeyeva bildirib. Qeyd ed\u0259k ki, Ukraynada m\u00fcharib\u0259 ba\u015flayandan sonra Prezident \u0130lham \u018fliyevin g\u00f6st\u0259ri\u015fi il\u0259 bu \u00f6lk\u0259y\u0259, o c\u00fcml\u0259d\u0259n \u0130rpen \u015f\u0259h\u0259rin\u0259 m\u00fcxt\u0259lif humanitar yard\u0131mlar g\u00f6st\u0259rilib. O c\u00fcml\u0259d\u0259n, Az\u0259rbaycan h\u00f6kum\u0259tinin k\u00f6m\u0259yi il\u0259 \u0130rpend\u0259 lisey v\u0259 \u015f\u0259h\u0259r poliklinikas\u0131 b\u0259rpa olunub. Az\u0259rbaycandan enerji b\u00f6hran\u0131ndan \u0259ziyy\u0259t \u00e7\u0259k\u0259n Ukraynaya 11 yard\u0131m paketi g\u00f6nd\u0259rilib. Bundan ba\u015fqa Ukraynan\u0131n m\u00fcharib\u0259d\u0259n \u0259ziyy\u0259t \u00e7\u0259k\u0259n b\u00f6lg\u0259l\u0259rind\u0259n 500-d\u0259n \u00e7ox u\u015faq reabilitasiya \u00fc\u00e7\u00fcn Az\u0259rbaycana g\u0259tirilib.\/\/Report<\/p>\n","protected":false},"author":2,"featured_media":850415,"comment_status":"closed","ping_status":"closed","sticky":false,"template":"","format":"standard","meta":{"om_disable_all_campaigns":false,"_monsterinsights_skip_tracking":false,"_monsterinsights_sitenote_active":false,"_monsterinsights_sitenote_note":"","_monsterinsights_sitenote_category":0},"categories":[4],"tags":[],"aioseo_notices":[],"gutentor_comment":0,"rttpg_featured_image_url":{"full":["https:\/\/arantv.az\/wp-content\/uploads\/2026\/04\/42664192f7c0f63996a2a6abe3fc93ae-1.jpg",870,500,false],"landscape":["https:\/\/arantv.az\/wp-content\/uploads\/2026\/04\/42664192f7c0f63996a2a6abe3fc93ae-1.jpg",870,500,false],"portraits":["https:\/\/arantv.az\/wp-content\/uploads\/2026\/04\/42664192f7c0f63996a2a6abe3fc93ae-1.jpg",870,500,false],"thumbnail":["https:\/\/arantv.az\/wp-content\/uploads\/2026\/04\/42664192f7c0f63996a2a6abe3fc93ae-1-500x280.jpg",500,280,true],"medium":["https:\/\/arantv.az\/wp-content\/uploads\/2026\/04\/42664192f7c0f63996a2a6abe3fc93ae-1-635x365.jpg",635,365,true],"large":["https:\/\/arantv.az\/wp-content\/uploads\/2026\/04\/42664192f7c0f63996a2a6abe3fc93ae-1-840x483.jpg",640,368,true],"1536x1536":["https:\/\/arantv.az\/wp-content\/uploads\/2026\/04\/42664192f7c0f63996a2a6abe3fc93ae-1.jpg",870,500,false],"2048x2048":["https:\/\/arantv.az\/wp-content\/uploads\/2026\/04\/42664192f7c0f63996a2a6abe3fc93ae-1.jpg",870,500,false],"post-thumbnail":["https:\/\/arantv.az\/wp-content\/uploads\/2026\/04\/42664192f7c0f63996a2a6abe3fc93ae-1-240x172.jpg",240,172,true],"advps-thumb-one":["https:\/\/arantv.az\/wp-content\/uploads\/2026\/04\/42664192f7c0f63996a2a6abe3fc93ae-1.jpg",870,500,false]},"rttpg_author":{"display_name":"V\u00fcsal Rafiqo\u011flu","author_link":"https:\/\/arantv.az\/?author=2"},"rttpg_comment":0,"rttpg_category":"<a href=\"https:\/\/arantv.az\/?cat=4\" rel=\"category\">Siyas\u0259t<\/a>","rttpg_excerpt":"Ukraynan\u0131n \u0130rpen \u015f\u0259h\u0259r \u015euras\u0131 Az\u0259rbaycan Prezidenti \u0130lham \u018fliyevi \u015f\u0259h\u0259rin f\u0259xri v\u0259t\u0259nda\u015f\u0131 elan edib. Bunu \u0130rpen \u015f\u0259h\u0259r \u015euras\u0131n\u0131n r\u0259hb\u0259ri, \u015f\u0259h\u0259rin meri \u0259v\u0259zi Anjela Makeyeva bildirib. Qeyd ed\u0259k ki, Ukraynada m\u00fcharib\u0259 ba\u015flayandan sonra Prezident \u0130lham \u018fliyevin g\u00f6st\u0259ri\u015fi il\u0259 bu \u00f6lk\u0259y\u0259, o c\u00fcml\u0259d\u0259n \u0130rpen \u015f\u0259h\u0259rin\u0259 m\u00fcxt\u0259lif humanitar yard\u0131mlar g\u00f6st\u0259rilib. O c\u00fcml\u0259d\u0259n, Az\u0259rbaycan h\u00f6kum\u0259tinin k\u00f6m\u0259yi il\u0259 \u0130rpend\u0259 lisey v\u0259&hellip;","_links":{"self":[{"href":"https:\/\/arantv.az\/index.php?rest_route=\/wp\/v2\/posts\/850413"}],"collection":[{"href":"https:\/\/arantv.az\/index.php?rest_route=\/wp\/v2\/posts"}],"about":[{"href":"https:\/\/arantv.az\/index.php?rest_route=\/wp\/v2\/types\/post"}],"author":[{"embeddable":true,"href":"https:\/\/arantv.az\/index.php?rest_route=\/wp\/v2\/users\/2"}],"replies":[{"embeddable":true,"href":"https:\/\/arantv.az\/index.php?rest_route=%2Fwp%2Fv2%2Fcomments&post=850413"}],"version-history":[{"count":1,"href":"https:\/\/arantv.az\/index.php?rest_route=\/wp\/v2\/posts\/850413\/revisions"}],"predecessor-version":[{"id":850416,"href":"https:\/\/arantv.az\/index.php?rest_route=\/wp\/v2\/posts\/850413\/revisions\/850416"}],"wp:featuredmedia":[{"embeddable":true,"href":"https:\/\/arantv.az\/index.php?rest_route=\/wp\/v2\/media\/850415"}],"wp:attachment":[{"href":"https:\/\/arantv.az\/index.php?rest_route=%2Fwp%2Fv2%2Fmedia&parent=850413"}],"wp:term":[{"taxonomy":"category","embeddable":true,"href":"https:\/\/arantv.az\/index.php?rest_route=%2Fwp%2Fv2%2Fcategories&post=850413"},{"taxonomy":"post_tag","embeddable":true,"href":"https:\/\/arantv.az\/index.php?rest_route=%2Fwp%2Fv2%2Ftags&post=850413"}],"curies":[{"name":"wp","href":"https:\/\/api.w.org\/{rel}","templated":true}]}}