{"id":850424,"date":"2026-04-30T19:37:46","date_gmt":"2026-04-30T15:37:46","guid":{"rendered":"https:\/\/arantv.az\/?p=850424"},"modified":"2026-04-30T19:37:46","modified_gmt":"2026-04-30T15:37:46","slug":"goy-uzund%c9%99-moht%c9%99s%c9%99m-sou-olacaq","status":"publish","type":"post","link":"https:\/\/arantv.az\/?p=850424","title":{"rendered":"G\u00f6y \u00fcz\u00fcnd\u0259 m\u00f6ht\u0259\u015f\u0259m \u015fou OLACAQ"},"content":{"rendered":"<p><strong>May ay\u0131nda s\u0259ma h\u0259v\u0259skarlar\u0131 bir ne\u00e7\u0259 maraql\u0131 astronomik hadis\u0259ni m\u00fc\u015fahid\u0259 ed\u0259 bil\u0259c\u0259kl\u0259r.<\/strong><\/p>\n<p>Bunlara &#8220;mavi Ay&#8221; fenomeni, &#8220;Eta-Akvarida&#8221; meteor ya\u011f\u0131\u015f\u0131 v\u0259 Veneran\u0131n G\u00fcn\u0259\u015fd\u0259n uzaqla\u015faraq daha ayd\u0131n g\u00f6r\u00fcnm\u0259si daxildir.<\/p>\n<p>M\u00fct\u0259x\u0259ssisl\u0259rin bildirdiyin\u0259 g\u00f6r\u0259, ay\u0131n \u0259vv\u0259lind\u0259 v\u0259 sonunda dolunay\u0131n olmas\u0131 &#8220;mavi Ay&#8221; adlanan nadir hadis\u0259 kimi qiym\u0259tl\u0259ndirilir. Bu termin eyni ayda iki dolunay\u0131n ba\u015f verm\u0259sini ifad\u0259 edir v\u0259 xalq aras\u0131nda &#8220;\u00e7ox nadir hal&#8221; kimi tan\u0131n\u0131r.<\/p>\n<p>May ay\u0131 \u0259rzind\u0259 Venera ax\u015fam s\u0259mas\u0131nda daha \u0259lveri\u015fli m\u00f6vqed\u0259 olacaq v\u0259 durbinl\u0259 onun fazalar\u0131n\u0131 m\u00fc\u015fahid\u0259 etm\u0259k m\u00fcmk\u00fcn ola bil\u0259r. Eyni zamanda Yupiter d\u0259 \u018fkizl\u0259r b\u00fcrc\u00fcnd\u0259 parlaq \u015f\u0259kild\u0259 g\u00f6r\u00fcn\u0259c\u0259k.<\/p>\n<p>Bundan ba\u015fqa, yaz m\u00f6vs\u00fcm\u00fcn\u00fcn g\u0259li\u015fi il\u0259 bir s\u0131ra ulduz toplusu v\u0259 b\u00fcrcl\u0259ri d\u0259 daha ayd\u0131n m\u00fc\u015fahid\u0259 edil\u0259c\u0259k. X\u00fcsusil\u0259 X\u0259r\u00e7\u0259ng, \u015eir v\u0259 Q\u0131z b\u00fcrcl\u0259ri, el\u0259c\u0259 d\u0259 b\u0259zi ulduz qruplar\u0131 teleskopla izl\u0259nil\u0259 bil\u0259r.\\\\Milli.Az<\/p>\n","protected":false},"excerpt":{"rendered":"<p>May ay\u0131nda s\u0259ma h\u0259v\u0259skarlar\u0131 bir ne\u00e7\u0259 maraql\u0131 astronomik hadis\u0259ni m\u00fc\u015fahid\u0259 ed\u0259 bil\u0259c\u0259kl\u0259r. Bunlara &#8220;mavi Ay&#8221; fenomeni, &#8220;Eta-Akvarida&#8221; meteor ya\u011f\u0131\u015f\u0131 v\u0259 Veneran\u0131n G\u00fcn\u0259\u015fd\u0259n uzaqla\u015faraq daha ayd\u0131n g\u00f6r\u00fcnm\u0259si daxildir. M\u00fct\u0259x\u0259ssisl\u0259rin bildirdiyin\u0259 g\u00f6r\u0259, ay\u0131n \u0259vv\u0259lind\u0259 v\u0259 sonunda dolunay\u0131n olmas\u0131 &#8220;mavi Ay&#8221; adlanan nadir hadis\u0259 kimi qiym\u0259tl\u0259ndirilir. Bu termin eyni ayda iki dolunay\u0131n ba\u015f verm\u0259sini ifad\u0259 edir v\u0259 xalq aras\u0131nda &#8220;\u00e7ox nadir hal&#8221; kimi tan\u0131n\u0131r. May ay\u0131 \u0259rzind\u0259 Venera ax\u015fam s\u0259mas\u0131nda daha \u0259lveri\u015fli m\u00f6vqed\u0259 olacaq v\u0259 durbinl\u0259 onun fazalar\u0131n\u0131 m\u00fc\u015fahid\u0259 etm\u0259k m\u00fcmk\u00fcn ola bil\u0259r. Eyni zamanda Yupiter d\u0259 \u018fkizl\u0259r b\u00fcrc\u00fcnd\u0259 parlaq \u015f\u0259kild\u0259 g\u00f6r\u00fcn\u0259c\u0259k. Bundan&hellip;<\/p>\n","protected":false},"author":2,"featured_media":850425,"comment_status":"closed","ping_status":"closed","sticky":false,"template":"","format":"standard","meta":{"om_disable_all_campaigns":false,"_monsterinsights_skip_tracking":false,"_monsterinsights_sitenote_active":false,"_monsterinsights_sitenote_note":"","_monsterinsights_sitenote_category":0},"categories":[1],"tags":[],"aioseo_notices":[],"gutentor_comment":0,"rttpg_featured_image_url":{"full":["https:\/\/arantv.az\/wp-content\/uploads\/2026\/04\/e298df85fe5bfaffb0f0906364f669b3.jpg",750,500,false],"landscape":["https:\/\/arantv.az\/wp-content\/uploads\/2026\/04\/e298df85fe5bfaffb0f0906364f669b3.jpg",750,500,false],"portraits":["https:\/\/arantv.az\/wp-content\/uploads\/2026\/04\/e298df85fe5bfaffb0f0906364f669b3.jpg",750,500,false],"thumbnail":["https:\/\/arantv.az\/wp-content\/uploads\/2026\/04\/e298df85fe5bfaffb0f0906364f669b3-500x280.jpg",500,280,true],"medium":["https:\/\/arantv.az\/wp-content\/uploads\/2026\/04\/e298df85fe5bfaffb0f0906364f669b3-548x365.jpg",548,365,true],"large":["https:\/\/arantv.az\/wp-content\/uploads\/2026\/04\/e298df85fe5bfaffb0f0906364f669b3.jpg",640,427,false],"1536x1536":["https:\/\/arantv.az\/wp-content\/uploads\/2026\/04\/e298df85fe5bfaffb0f0906364f669b3.jpg",750,500,false],"2048x2048":["https:\/\/arantv.az\/wp-content\/uploads\/2026\/04\/e298df85fe5bfaffb0f0906364f669b3.jpg",750,500,false],"post-thumbnail":["https:\/\/arantv.az\/wp-content\/uploads\/2026\/04\/e298df85fe5bfaffb0f0906364f669b3-240x172.jpg",240,172,true],"advps-thumb-one":["https:\/\/arantv.az\/wp-content\/uploads\/2026\/04\/e298df85fe5bfaffb0f0906364f669b3.jpg",750,500,false]},"rttpg_author":{"display_name":"V\u00fcsal Rafiqo\u011flu","author_link":"https:\/\/arantv.az\/?author=2"},"rttpg_comment":0,"rttpg_category":"<a href=\"https:\/\/arantv.az\/?cat=1\" rel=\"category\">C\u0259miyy\u0259t<\/a>","rttpg_excerpt":"May ay\u0131nda s\u0259ma h\u0259v\u0259skarlar\u0131 bir ne\u00e7\u0259 maraql\u0131 astronomik hadis\u0259ni m\u00fc\u015fahid\u0259 ed\u0259 bil\u0259c\u0259kl\u0259r. Bunlara &#8220;mavi Ay&#8221; fenomeni, &#8220;Eta-Akvarida&#8221; meteor ya\u011f\u0131\u015f\u0131 v\u0259 Veneran\u0131n G\u00fcn\u0259\u015fd\u0259n uzaqla\u015faraq daha ayd\u0131n g\u00f6r\u00fcnm\u0259si daxildir. M\u00fct\u0259x\u0259ssisl\u0259rin bildirdiyin\u0259 g\u00f6r\u0259, ay\u0131n \u0259vv\u0259lind\u0259 v\u0259 sonunda dolunay\u0131n olmas\u0131 &#8220;mavi Ay&#8221; adlanan nadir hadis\u0259 kimi qiym\u0259tl\u0259ndirilir. Bu termin eyni ayda iki dolunay\u0131n ba\u015f verm\u0259sini ifad\u0259 edir v\u0259 xalq&hellip;","_links":{"self":[{"href":"https:\/\/arantv.az\/index.php?rest_route=\/wp\/v2\/posts\/850424"}],"collection":[{"href":"https:\/\/arantv.az\/index.php?rest_route=\/wp\/v2\/posts"}],"about":[{"href":"https:\/\/arantv.az\/index.php?rest_route=\/wp\/v2\/types\/post"}],"author":[{"embeddable":true,"href":"https:\/\/arantv.az\/index.php?rest_route=\/wp\/v2\/users\/2"}],"replies":[{"embeddable":true,"href":"https:\/\/arantv.az\/index.php?rest_route=%2Fwp%2Fv2%2Fcomments&post=850424"}],"version-history":[{"count":1,"href":"https:\/\/arantv.az\/index.php?rest_route=\/wp\/v2\/posts\/850424\/revisions"}],"predecessor-version":[{"id":850426,"href":"https:\/\/arantv.az\/index.php?rest_route=\/wp\/v2\/posts\/850424\/revisions\/850426"}],"wp:featuredmedia":[{"embeddable":true,"href":"https:\/\/arantv.az\/index.php?rest_route=\/wp\/v2\/media\/850425"}],"wp:attachment":[{"href":"https:\/\/arantv.az\/index.php?rest_route=%2Fwp%2Fv2%2Fmedia&parent=850424"}],"wp:term":[{"taxonomy":"category","embeddable":true,"href":"https:\/\/arantv.az\/index.php?rest_route=%2Fwp%2Fv2%2Fcategories&post=850424"},{"taxonomy":"post_tag","embeddable":true,"href":"https:\/\/arantv.az\/index.php?rest_route=%2Fwp%2Fv2%2Ftags&post=850424"}],"curies":[{"name":"wp","href":"https:\/\/api.w.org\/{rel}","templated":true}]}}