{"id":850452,"date":"2026-05-01T10:35:31","date_gmt":"2026-05-01T06:35:31","guid":{"rendered":"https:\/\/arantv.az\/?p=850452"},"modified":"2026-05-01T10:35:31","modified_gmt":"2026-05-01T06:35:31","slug":"bizim-bayragimiz-qaldirilanda-butun-az%c9%99rbaycan-xalqi-qurur-hissi-kecirir-sevinir","status":"publish","type":"post","link":"https:\/\/arantv.az\/?p=850452","title":{"rendered":"Bizim bayra\u011f\u0131m\u0131z qald\u0131r\u0131landa b\u00fct\u00fcn Az\u0259rbaycan xalq\u0131 q\u00fcrur hissi ke\u00e7irir, sevinir"},"content":{"rendered":"<p>Az\u0259rbaycan Respublikas\u0131n\u0131n Prezidenti \u0130lham \u018fliyev t\u0259r\u0259find\u0259n Avropa \u00e7empionat\u0131nda komanda hesab\u0131nda \u00e7empion olmu\u015f g\u00fcl\u0259\u015f\u00e7il\u0259rin q\u0259bul edilm\u0259si \u00f6lk\u0259d\u0259 idmana v\u0259 x\u00fcsusil\u0259 g\u00fcl\u0259\u015f \u0259n\u0259n\u0259l\u0259rin\u0259 veril\u0259n y\u00fcks\u0259k d\u0259y\u0259rin bariz n\u00fcmun\u0259sidir. Bu g\u00f6r\u00fc\u015f t\u0259kc\u0259 bir t\u0259brik m\u0259rasimi deyil, eyni zamanda Az\u0259rbaycan\u0131n idman sah\u0259sind\u0259 qazand\u0131\u011f\u0131 u\u011furlar\u0131n, d\u00f6vl\u0259t-idman\u00e7\u0131 m\u00fcnasib\u0259tl\u0259rinin v\u0259 milli ruhun n\u00fcmayi\u015fi kimi m\u00fch\u00fcm \u0259h\u0259miyy\u0259t k\u0259sb edir. Az\u0259rbaycan tarix\u0259n g\u00fcl\u0259\u015f \u00f6lk\u0259si kimi tan\u0131n\u0131b. Bu idman n\u00f6v\u00fc xalq\u0131n m\u0259d\u0259niyy\u0259tind\u0259, milli d\u0259y\u0259rl\u0259rind\u0259 x\u00fcsusi yer tutur. M\u0259hz bu \u0259n\u0259n\u0259l\u0259rin davam\u0131 olaraq Az\u0259rbaycan g\u00fcl\u0259\u015f\u00e7il\u0259ri beyn\u0259lxalq arenalarda daim y\u00fcks\u0259k n\u0259tic\u0259l\u0259r \u0259ld\u0259 edir, \u00f6lk\u0259nin bayra\u011f\u0131n\u0131 zirv\u0259l\u0259rd\u0259 dal\u011faland\u0131r\u0131rlar. Avropa \u00e7empionat\u0131nda komanda hesab\u0131nda qazan\u0131lan \u00e7empionluq is\u0259 bu u\u011furlar\u0131n zirv\u0259l\u0259rind\u0259n biri hesab olunur. Bu nailiyy\u0259t h\u0259m idman\u00e7\u0131lar\u0131n pe\u015f\u0259karl\u0131\u011f\u0131n\u0131n, h\u0259m d\u0259 \u00f6lk\u0259d\u0259 idman\u0131n inki\u015faf\u0131na g\u00f6st\u0259ril\u0259n diqq\u0259t v\u0259 qay\u011f\u0131n\u0131n n\u0259tic\u0259sidir. Prezident \u0130lham \u018fliyevin g\u00fcl\u0259\u015f\u00e7il\u0259rl\u0259 g\u00f6r\u00fc\u015f\u00fc zaman\u0131 s\u0259sl\u0259ndirdiyi fikirl\u0259rd\u0259 bu u\u011furun \u0259h\u0259miyy\u0259ti x\u00fcsusi vur\u011fulanm\u0131\u015fd\u0131r. D\u00f6vl\u0259t ba\u015f\u00e7\u0131s\u0131 qeyd etmi\u015fdir ki, idman\u00e7\u0131lar beyn\u0259lxalq yar\u0131\u015flarda qazand\u0131qlar\u0131 q\u0259l\u0259b\u0259l\u0259rl\u0259 Az\u0259rbaycan\u0131n n\u00fcfuzunu art\u0131r\u0131r, \u00f6lk\u0259mizi d\u00fcnyada layiqinc\u0259 t\u0259msil edirl\u0259r. O, g\u00fcl\u0259\u015f\u00e7il\u0259rin z\u0259hm\u0259tini y\u00fcks\u0259k qiym\u0259tl\u0259ndir\u0259r\u0259k onlar\u0131n bu u\u011fura ged\u0259n yolda g\u00f6st\u0259rdikl\u0259ri \u0259zmkarl\u0131q v\u0259 irad\u0259ni x\u00fcsusi qeyd etmi\u015fdir. G\u00f6r\u00fc\u015f zaman\u0131 Prezident idman sah\u0259sind\u0259 d\u00f6vl\u0259t siyas\u0259tinin \u0259sas istiqam\u0259tl\u0259rind\u0259n d\u0259 b\u0259hs etmi\u015fdir. Bildirilmi\u015fdir ki, Az\u0259rbaycanda idman\u0131n inki\u015faf\u0131 \u00fc\u00e7\u00fcn h\u0259rt\u0259r\u0259fli \u015f\u0259rait yarad\u0131lm\u0131\u015f, m\u00fcasir idman infrastrukturu qurulmu\u015f, g\u0259ncl\u0259rin bu sah\u0259y\u0259 c\u0259lb olunmas\u0131 \u00fc\u00e7\u00fcn geni\u015f imkanlar t\u0259min edilmi\u015fdir. Bu siyas\u0259tin n\u0259tic\u0259si olaraq \u00f6lk\u0259mizd\u0259 m\u00fcxt\u0259lif idman n\u00f6vl\u0259ri \u00fczr\u0259 g\u00fccl\u00fc idman\u00e7\u0131lar yeti\u015fir v\u0259 onlar beyn\u0259lxalq arenalarda u\u011furla \u00e7\u0131x\u0131\u015f edirl\u0259r. G\u00fcl\u0259\u015f\u00e7il\u0259r d\u0259 \u00f6z n\u00f6vb\u0259sind\u0259 g\u00f6st\u0259ril\u0259n diqq\u0259t v\u0259 qay\u011f\u0131ya g\u00f6r\u0259 d\u00f6vl\u0259t ba\u015f\u00e7\u0131s\u0131na minn\u0259tdarl\u0131qlar\u0131n\u0131 bildirmi\u015fl\u0259r. Onlar qeyd etmi\u015fl\u0259r ki, \u00f6lk\u0259d\u0259 yarad\u0131lan \u015f\u0259rait, g\u00f6st\u0259ril\u0259n d\u0259st\u0259k v\u0259 motivasiya onlar\u0131n daha b\u00f6y\u00fck u\u011furlar qazanmas\u0131na stimul verir. \u0130dman\u00e7\u0131lar vur\u011fulam\u0131\u015flar ki, h\u0259r bir q\u0259l\u0259b\u0259 onlar\u0131n \u00fc\u00e7\u00fcn yaln\u0131z \u015f\u0259xsi u\u011fur deyil, h\u0259m d\u0259 Az\u0259rbaycan xalq\u0131na olan sevgi v\u0259 ba\u011fl\u0131l\u0131\u011f\u0131n t\u0259zah\u00fcr\u00fcd\u00fcr. Bu g\u00f6r\u00fc\u015f h\u0259m d\u0259 g\u0259nc n\u0259sl\u0259 m\u00fch\u00fcm mesaj verir. G\u0259ncl\u0259r bu c\u00fcr u\u011furlu idman\u00e7\u0131lar\u0131 \u00f6rn\u0259k g\u00f6t\u00fcr\u0259r\u0259k idmana maraq g\u00f6st\u0259rir, sa\u011flam h\u0259yat t\u0259rzin\u0259 \u00fcst\u00fcnl\u00fck verir v\u0259 \u00f6lk\u0259ni g\u0259l\u0259c\u0259kd\u0259 beyn\u0259lxalq yar\u0131\u015flarda t\u0259msil etm\u0259k arzusu il\u0259 yeti\u015firl\u0259r. Prezidentin idman\u00e7\u0131larla s\u0259mimi g\u00f6r\u00fc\u015f\u00fc v\u0259 onlar\u0131n u\u011furlar\u0131n\u0131 y\u00fcks\u0259k qiym\u0259tl\u0259ndirm\u0259si g\u0259ncl\u0259r \u00fc\u00e7\u00fcn \u0259lav\u0259 motivasiya yarad\u0131r. Az\u0259rbaycan\u0131n Avropa \u00e7empionat\u0131nda komanda hesab\u0131nda \u00e7empion olmas\u0131 t\u0259sad\u00fcfi deyil. Bu u\u011furun arxas\u0131nda uzun ill\u0259r \u0259rzind\u0259 apar\u0131lan m\u0259qs\u0259dy\u00f6nl\u00fc siyas\u0259t, pe\u015f\u0259kar m\u0259\u015fq\u00e7i hey\u0259ti, idman\u00e7\u0131lar\u0131n g\u0259rgin m\u0259\u015fql\u0259ri v\u0259 d\u00f6vl\u0259t d\u0259st\u0259yi dayan\u0131r. Bu nailiyy\u0259t bir daha g\u00f6st\u0259rir ki, Az\u0259rbaycan idman\u0131 d\u00fczg\u00fcn istiqam\u0259td\u0259 inki\u015faf edir v\u0259 g\u0259l\u0259c\u0259kd\u0259 daha b\u00f6y\u00fck u\u011furlar qazanmaq potensial\u0131na malikdir. Prezident \u0130lham \u018fliyev g\u00f6r\u00fc\u015f zaman\u0131 h\u0259m\u00e7inin qeyd etmi\u015fdir ki, idman sah\u0259sind\u0259 \u0259ld\u0259 olunan u\u011furlar \u00f6lk\u0259nin beyn\u0259lxalq imicinin formala\u015fmas\u0131nda m\u00fch\u00fcm rol oynay\u0131r. Az\u0259rbaycan art\u0131q d\u00fcnyada idman \u00f6lk\u0259si kimi tan\u0131n\u0131r v\u0259 bu imicin formala\u015fmas\u0131nda m\u0259hz bel\u0259 q\u0259l\u0259b\u0259l\u0259rin x\u00fcsusi rolu vard\u0131r. D\u00f6vl\u0259t ba\u015f\u00e7\u0131s\u0131 vur\u011fulam\u0131\u015fd\u0131r ki, g\u0259l\u0259c\u0259kd\u0259 d\u0259 idman\u00e7\u0131lara d\u0259st\u0259k davam etdiril\u0259c\u0259k v\u0259 onlar\u0131n yeni q\u0259l\u0259b\u0259l\u0259r qazanmas\u0131 \u00fc\u00e7\u00fcn b\u00fct\u00fcn z\u0259ruri \u015f\u0259rait yarad\u0131lacaqd\u0131r. G\u00f6r\u00fc\u015f\u00fcn sonunda idman\u00e7\u0131larla xatir\u0259 \u015f\u0259kill\u0259ri \u00e7\u0259kilmi\u015f, onlar\u0131n g\u0259l\u0259c\u0259k f\u0259aliyy\u0259tl\u0259rin\u0259 u\u011furlar arzulanm\u0131\u015fd\u0131r. Bu s\u0259mimi v\u0259 y\u00fcks\u0259k ruhlu g\u00f6r\u00fc\u015f bir daha g\u00f6st\u0259rdi ki, Az\u0259rbaycanda idman d\u00f6vl\u0259t siyas\u0259tinin prioritet istiqam\u0259tl\u0259rind\u0259n biridir v\u0259 bu sah\u0259y\u0259 g\u00f6st\u0259ril\u0259n diqq\u0259t n\u0259tic\u0259sind\u0259 \u00f6lk\u0259miz beyn\u0259lxalq arenada \u00f6z m\u00f6vqeyini daha da m\u00f6hk\u0259ml\u0259ndirir. Prezident \u0130lham \u018fliyevin Avropa \u00e7empionat\u0131nda komanda hesab\u0131nda \u00e7empion olan g\u00fcl\u0259\u015f\u00e7il\u0259ri q\u0259bul etm\u0259si yaln\u0131z bir r\u0259smi t\u0259dbir deyil, h\u0259m d\u0259 Az\u0259rbaycan\u0131n idman sah\u0259sind\u0259 qazand\u0131\u011f\u0131 u\u011furlar\u0131n, milli q\u00fcrurun v\u0259 g\u0259l\u0259c\u0259y\u0259 inam\u0131n t\u0259c\u0259ss\u00fcm\u00fcd\u00fcr. Bu g\u00f6r\u00fc\u015f h\u0259m idman\u00e7\u0131lar, h\u0259m d\u0259 b\u00fct\u00fcn Az\u0259rbaycan c\u0259miyy\u0259ti \u00fc\u00e7\u00fcn b\u00f6y\u00fck \u0259h\u0259miyy\u0259t da\u015f\u0131y\u0131r v\u0259 \u00f6lk\u0259mizin idman tarixind\u0259 m\u00fch\u00fcm hadis\u0259l\u0259rd\u0259n biri kimi yadda qal\u0131r.<\/p>\n","protected":false},"excerpt":{"rendered":"<p>Az\u0259rbaycan Respublikas\u0131n\u0131n Prezidenti \u0130lham \u018fliyev t\u0259r\u0259find\u0259n Avropa \u00e7empionat\u0131nda komanda hesab\u0131nda \u00e7empion olmu\u015f g\u00fcl\u0259\u015f\u00e7il\u0259rin q\u0259bul edilm\u0259si \u00f6lk\u0259d\u0259 idmana v\u0259 x\u00fcsusil\u0259 g\u00fcl\u0259\u015f \u0259n\u0259n\u0259l\u0259rin\u0259 veril\u0259n y\u00fcks\u0259k d\u0259y\u0259rin bariz n\u00fcmun\u0259sidir. Bu g\u00f6r\u00fc\u015f t\u0259kc\u0259 bir t\u0259brik m\u0259rasimi deyil, eyni zamanda Az\u0259rbaycan\u0131n idman sah\u0259sind\u0259 qazand\u0131\u011f\u0131 u\u011furlar\u0131n, d\u00f6vl\u0259t-idman\u00e7\u0131 m\u00fcnasib\u0259tl\u0259rinin v\u0259 milli ruhun n\u00fcmayi\u015fi kimi m\u00fch\u00fcm \u0259h\u0259miyy\u0259t k\u0259sb edir. Az\u0259rbaycan tarix\u0259n g\u00fcl\u0259\u015f \u00f6lk\u0259si kimi tan\u0131n\u0131b. Bu idman n\u00f6v\u00fc xalq\u0131n m\u0259d\u0259niyy\u0259tind\u0259, milli d\u0259y\u0259rl\u0259rind\u0259 x\u00fcsusi yer tutur. M\u0259hz bu \u0259n\u0259n\u0259l\u0259rin davam\u0131 olaraq Az\u0259rbaycan g\u00fcl\u0259\u015f\u00e7il\u0259ri beyn\u0259lxalq arenalarda daim y\u00fcks\u0259k n\u0259tic\u0259l\u0259r \u0259ld\u0259 edir, \u00f6lk\u0259nin bayra\u011f\u0131n\u0131 zirv\u0259l\u0259rd\u0259 dal\u011faland\u0131r\u0131rlar. Avropa \u00e7empionat\u0131nda komanda hesab\u0131nda qazan\u0131lan&hellip;<\/p>\n","protected":false},"author":2,"featured_media":850453,"comment_status":"closed","ping_status":"closed","sticky":false,"template":"","format":"standard","meta":{"om_disable_all_campaigns":false,"_monsterinsights_skip_tracking":false,"_monsterinsights_sitenote_active":false,"_monsterinsights_sitenote_note":"","_monsterinsights_sitenote_category":0},"categories":[2],"tags":[],"aioseo_notices":[],"gutentor_comment":0,"rttpg_featured_image_url":{"full":["https:\/\/arantv.az\/wp-content\/uploads\/2026\/05\/686906411_927675550227126_5402575162232871207_n.jpg",1200,794,false],"landscape":["https:\/\/arantv.az\/wp-content\/uploads\/2026\/05\/686906411_927675550227126_5402575162232871207_n.jpg",1200,794,false],"portraits":["https:\/\/arantv.az\/wp-content\/uploads\/2026\/05\/686906411_927675550227126_5402575162232871207_n.jpg",1200,794,false],"thumbnail":["https:\/\/arantv.az\/wp-content\/uploads\/2026\/05\/686906411_927675550227126_5402575162232871207_n-500x280.jpg",500,280,true],"medium":["https:\/\/arantv.az\/wp-content\/uploads\/2026\/05\/686906411_927675550227126_5402575162232871207_n-552x365.jpg",552,365,true],"large":["https:\/\/arantv.az\/wp-content\/uploads\/2026\/05\/686906411_927675550227126_5402575162232871207_n-840x556.jpg",640,424,true],"1536x1536":["https:\/\/arantv.az\/wp-content\/uploads\/2026\/05\/686906411_927675550227126_5402575162232871207_n.jpg",1200,794,false],"2048x2048":["https:\/\/arantv.az\/wp-content\/uploads\/2026\/05\/686906411_927675550227126_5402575162232871207_n.jpg",1200,794,false],"post-thumbnail":["https:\/\/arantv.az\/wp-content\/uploads\/2026\/05\/686906411_927675550227126_5402575162232871207_n-240x172.jpg",240,172,true],"advps-thumb-one":["https:\/\/arantv.az\/wp-content\/uploads\/2026\/05\/686906411_927675550227126_5402575162232871207_n-1200x620.jpg",1200,620,true]},"rttpg_author":{"display_name":"V\u00fcsal Rafiqo\u011flu","author_link":"https:\/\/arantv.az\/?author=2"},"rttpg_comment":0,"rttpg_category":"<a href=\"https:\/\/arantv.az\/?cat=2\" rel=\"category\">Region X\u0259b\u0259rl\u0259ri<\/a>","rttpg_excerpt":"Az\u0259rbaycan Respublikas\u0131n\u0131n Prezidenti \u0130lham \u018fliyev t\u0259r\u0259find\u0259n Avropa \u00e7empionat\u0131nda komanda hesab\u0131nda \u00e7empion olmu\u015f g\u00fcl\u0259\u015f\u00e7il\u0259rin q\u0259bul edilm\u0259si \u00f6lk\u0259d\u0259 idmana v\u0259 x\u00fcsusil\u0259 g\u00fcl\u0259\u015f \u0259n\u0259n\u0259l\u0259rin\u0259 veril\u0259n y\u00fcks\u0259k d\u0259y\u0259rin bariz n\u00fcmun\u0259sidir. Bu g\u00f6r\u00fc\u015f t\u0259kc\u0259 bir t\u0259brik m\u0259rasimi deyil, eyni zamanda Az\u0259rbaycan\u0131n idman sah\u0259sind\u0259 qazand\u0131\u011f\u0131 u\u011furlar\u0131n, d\u00f6vl\u0259t-idman\u00e7\u0131 m\u00fcnasib\u0259tl\u0259rinin v\u0259 milli ruhun n\u00fcmayi\u015fi kimi m\u00fch\u00fcm \u0259h\u0259miyy\u0259t k\u0259sb edir. Az\u0259rbaycan tarix\u0259n g\u00fcl\u0259\u015f \u00f6lk\u0259si&hellip;","_links":{"self":[{"href":"https:\/\/arantv.az\/index.php?rest_route=\/wp\/v2\/posts\/850452"}],"collection":[{"href":"https:\/\/arantv.az\/index.php?rest_route=\/wp\/v2\/posts"}],"about":[{"href":"https:\/\/arantv.az\/index.php?rest_route=\/wp\/v2\/types\/post"}],"author":[{"embeddable":true,"href":"https:\/\/arantv.az\/index.php?rest_route=\/wp\/v2\/users\/2"}],"replies":[{"embeddable":true,"href":"https:\/\/arantv.az\/index.php?rest_route=%2Fwp%2Fv2%2Fcomments&post=850452"}],"version-history":[{"count":1,"href":"https:\/\/arantv.az\/index.php?rest_route=\/wp\/v2\/posts\/850452\/revisions"}],"predecessor-version":[{"id":850454,"href":"https:\/\/arantv.az\/index.php?rest_route=\/wp\/v2\/posts\/850452\/revisions\/850454"}],"wp:featuredmedia":[{"embeddable":true,"href":"https:\/\/arantv.az\/index.php?rest_route=\/wp\/v2\/media\/850453"}],"wp:attachment":[{"href":"https:\/\/arantv.az\/index.php?rest_route=%2Fwp%2Fv2%2Fmedia&parent=850452"}],"wp:term":[{"taxonomy":"category","embeddable":true,"href":"https:\/\/arantv.az\/index.php?rest_route=%2Fwp%2Fv2%2Fcategories&post=850452"},{"taxonomy":"post_tag","embeddable":true,"href":"https:\/\/arantv.az\/index.php?rest_route=%2Fwp%2Fv2%2Ftags&post=850452"}],"curies":[{"name":"wp","href":"https:\/\/api.w.org\/{rel}","templated":true}]}}