{"id":850463,"date":"2026-05-01T11:19:40","date_gmt":"2026-05-01T07:19:40","guid":{"rendered":"https:\/\/arantv.az\/?p=850463"},"modified":"2026-05-01T11:19:40","modified_gmt":"2026-05-01T07:19:40","slug":"ai-s%c9%99firi-az%c9%99rbaycan-xin-%c9%99-cagirildi-etiraz-notasi-t%c9%99qdim-olundu","status":"publish","type":"post","link":"https:\/\/arantv.az\/?p=850463","title":{"rendered":"A\u0130 s\u0259firi Az\u0259rbaycan X\u0130N-\u0259 \u00e7a\u011f\u0131r\u0131ld\u0131, etiraz notas\u0131 t\u0259qdim olundu"},"content":{"rendered":"<p><strong>Avropa \u0130ttifaq\u0131n\u0131n (A\u0130) Az\u0259rbaycandak\u0131 s\u0259firi Mariyana Kuyunci\u00e7 Xarici \u0130\u015fl\u0259r Nazirliyin\u0259 (X\u0130N) \u00e7a\u011f\u0131r\u0131l\u0131b.<\/strong><\/p>\n<p>Bu bar\u0259d\u0259\u00a0<strong>Musavat.com<\/strong>-a X\u0130N-d\u0259n m\u0259lumat verilib.<\/p>\n<p>Qeyd olunub ki, g\u00f6r\u00fc\u015fd\u0259 Avropa Parlamenti t\u0259r\u0259find\u0259n 30 aprel tarixind\u0259 q\u0259bul edilmi\u015f q\u0259tnam\u0259d\u0259 Az\u0259rbaycana qar\u015f\u0131 yer alm\u0131\u015f \u0259sass\u0131z v\u0259 q\u0259r\u0259zli m\u00fcdd\u0259alar q\u0259ti \u015f\u0259kild\u0259 pisl\u0259nib v\u0259 bununla ba\u011fl\u0131 qar\u015f\u0131 t\u0259r\u0259f\u0259 etiraz notas\u0131 t\u0259qdim edilib.<\/p>\n<p>S\u00f6z\u00fcged\u0259n q\u0259tnam\u0259d\u0259ki m\u00fcdd\u0259alar\u0131n reall\u0131qlar\u0131 t\u0259hrif etdiyi, obyektivlik prinsipl\u0259rin\u0259, d\u00f6vl\u0259tl\u0259rin suverenliyi v\u0259 \u0259razi b\u00fct\u00f6vl\u00fcy\u00fcn\u0259 h\u00f6rm\u0259t \u00f6hd\u0259likl\u0259rin\u0259 zidd oldu\u011fu vur\u011fulan\u0131b. Avropa Parlamentinin bu c\u00fcr yana\u015fma s\u0259rgil\u0259m\u0259sinin regionda normalla\u015fma prosesin\u0259, el\u0259c\u0259 d\u0259 Az\u0259rbaycan il\u0259 Avropa \u0130ttifaq\u0131 aras\u0131nda m\u00fcnasib\u0259tl\u0259rin perspektivl\u0259rin\u0259 m\u0259nfi t\u0259sir etdiyi vur\u011fulan\u0131b.<\/p>\n<p>Q\u0259tnam\u0259d\u0259 Qaraba\u011f b\u00f6lg\u0259sin\u0259 erm\u0259ni sakinl\u0259rin geri qay\u0131d\u0131\u015f\u0131 il\u0259 ba\u011fl\u0131 ir\u0259li s\u00fcr\u00fcl\u0259n iddialar\u0131n tamamil\u0259 \u0259sass\u0131z oldu\u011fu, bu kimi \u00e7a\u011f\u0131r\u0131\u015flar\u0131n Az\u0259rbaycan\u0131n daxili i\u015fl\u0259rin\u0259 m\u00fcdaxil\u0259 xarakteri da\u015f\u0131d\u0131\u011f\u0131 bildirilib. 2023-c\u00fc ild\u0259 Az\u0259rbaycan Konstitusiyas\u0131na uy\u011fun olaraq t\u0259qdim edilmi\u015f reinteqrasiya plan\u0131na baxmayaraq, erm\u0259ni sakinl\u0259rin regionu k\u00f6n\u00fcll\u00fc \u0259sasda t\u0259rk etdiyi, bunun \u0259ksini iddia ed\u0259n b\u0259yanatlar\u0131n yanl\u0131\u015f oldu\u011fu diqq\u0259t\u0259 \u00e7atd\u0131r\u0131l\u0131b.<\/p>\n<p>Bununla yana\u015f\u0131, &#8220;m\u00fcharib\u0259 \u0259sirl\u0259ri&#8221; kimi t\u0259qdim edil\u0259n erm\u0259ni \u0259silli \u015f\u0259xsl\u0259rin azad edilm\u0259si il\u0259 ba\u011fl\u0131 \u00e7a\u011f\u0131r\u0131\u015flar\u0131n da h\u00fcquqi bax\u0131mdan q\u0259buledilm\u0259z oldu\u011fu g\u00f6r\u00fc\u015fd\u0259 qeyd edilib. Az\u0259rbaycan t\u0259r\u0259finin humanist yana\u015fma n\u00fcmayi\u015f etdir\u0259r\u0259k bir \u00e7ox m\u0259hbuslar\u0131 azad etdiyi, etimad quruculu\u011fu istiqam\u0259tind\u0259 add\u0131mlar atd\u0131\u011f\u0131, bar\u0259l\u0259rind\u0259 m\u0259hk\u0259m\u0259 h\u00f6km\u00fc \u00e7\u0131xar\u0131lm\u0131\u015f \u015f\u0259xsl\u0259rin is\u0259 terror\u00e7uluq, t\u0259xribat v\u0259 h\u0259rbi cinay\u0259tl\u0259r daxil olmaqla bir s\u0131ra a\u011f\u0131r cinay\u0259tl\u0259r t\u00f6r\u0259tmi\u015f \u015f\u0259xsl\u0259r oldu\u011fu xat\u0131rlan\u0131b.<\/p>\n<p>&#8220;M\u0259d\u0259ni v\u0259 dini irsin m\u0259hv edilm\u0259si&#8221; il\u0259 ba\u011fl\u0131 iddialar\u0131n tamamil\u0259 \u0259sass\u0131z v\u0259 q\u0259buledilm\u0259z oldu\u011fu vur\u011fulan\u0131b. Bununla yana\u015f\u0131, i\u015f\u011fal d\u00f6vr\u00fcnd\u0259 Az\u0259rbaycan\u0131n m\u0259d\u0259ni v\u0259 dini irsinin geni\u015fmiqyasl\u0131 \u015f\u0259kild\u0259 da\u011f\u0131d\u0131lmas\u0131 v\u0259 t\u0259hqir olunmas\u0131 faktlar\u0131na Avropa institutlar\u0131 t\u0259r\u0259find\u0259n \u00f6n\u0259m verilm\u0259diyi diqq\u0259t\u0259 \u00e7atd\u0131r\u0131l\u0131b.<\/p>\n<p>G\u00f6r\u00fc\u015fd\u0259 Avropa \u0130ttifaq\u0131 t\u0259r\u0259fi Az\u0259rbaycan-Avropa \u0130ttifaq\u0131 m\u00fcnasib\u0259tl\u0259rin\u0259, el\u0259c\u0259 d\u0259 regionda s\u00fclh v\u0259 normalla\u015fma prosesin\u0259 z\u0259r\u0259r vuran bu kimi add\u0131mlar\u0131n qar\u015f\u0131s\u0131n\u0131 alma\u011fa \u00e7a\u011f\u0131r\u0131l\u0131b.<\/p>\n","protected":false},"excerpt":{"rendered":"<p>Avropa \u0130ttifaq\u0131n\u0131n (A\u0130) Az\u0259rbaycandak\u0131 s\u0259firi Mariyana Kuyunci\u00e7 Xarici \u0130\u015fl\u0259r Nazirliyin\u0259 (X\u0130N) \u00e7a\u011f\u0131r\u0131l\u0131b. Bu bar\u0259d\u0259\u00a0Musavat.com-a X\u0130N-d\u0259n m\u0259lumat verilib. Qeyd olunub ki, g\u00f6r\u00fc\u015fd\u0259 Avropa Parlamenti t\u0259r\u0259find\u0259n 30 aprel tarixind\u0259 q\u0259bul edilmi\u015f q\u0259tnam\u0259d\u0259 Az\u0259rbaycana qar\u015f\u0131 yer alm\u0131\u015f \u0259sass\u0131z v\u0259 q\u0259r\u0259zli m\u00fcdd\u0259alar q\u0259ti \u015f\u0259kild\u0259 pisl\u0259nib v\u0259 bununla ba\u011fl\u0131 qar\u015f\u0131 t\u0259r\u0259f\u0259 etiraz notas\u0131 t\u0259qdim edilib. S\u00f6z\u00fcged\u0259n q\u0259tnam\u0259d\u0259ki m\u00fcdd\u0259alar\u0131n reall\u0131qlar\u0131 t\u0259hrif etdiyi, obyektivlik prinsipl\u0259rin\u0259, d\u00f6vl\u0259tl\u0259rin suverenliyi v\u0259 \u0259razi b\u00fct\u00f6vl\u00fcy\u00fcn\u0259 h\u00f6rm\u0259t \u00f6hd\u0259likl\u0259rin\u0259 zidd oldu\u011fu vur\u011fulan\u0131b. Avropa Parlamentinin bu c\u00fcr yana\u015fma s\u0259rgil\u0259m\u0259sinin regionda normalla\u015fma prosesin\u0259, el\u0259c\u0259 d\u0259 Az\u0259rbaycan il\u0259 Avropa \u0130ttifaq\u0131 aras\u0131nda m\u00fcnasib\u0259tl\u0259rin perspektivl\u0259rin\u0259 m\u0259nfi t\u0259sir etdiyi vur\u011fulan\u0131b.&hellip;<\/p>\n","protected":false},"author":2,"featured_media":850464,"comment_status":"closed","ping_status":"closed","sticky":false,"template":"","format":"standard","meta":{"om_disable_all_campaigns":false,"_monsterinsights_skip_tracking":false,"_monsterinsights_sitenote_active":false,"_monsterinsights_sitenote_note":"","_monsterinsights_sitenote_category":0},"categories":[4],"tags":[],"aioseo_notices":[],"gutentor_comment":0,"rttpg_featured_image_url":{"full":["https:\/\/arantv.az\/wp-content\/uploads\/2026\/05\/a1c018dcd95d046470956731f0fdf891.jpg",870,500,false],"landscape":["https:\/\/arantv.az\/wp-content\/uploads\/2026\/05\/a1c018dcd95d046470956731f0fdf891.jpg",870,500,false],"portraits":["https:\/\/arantv.az\/wp-content\/uploads\/2026\/05\/a1c018dcd95d046470956731f0fdf891.jpg",870,500,false],"thumbnail":["https:\/\/arantv.az\/wp-content\/uploads\/2026\/05\/a1c018dcd95d046470956731f0fdf891-500x280.jpg",500,280,true],"medium":["https:\/\/arantv.az\/wp-content\/uploads\/2026\/05\/a1c018dcd95d046470956731f0fdf891-635x365.jpg",635,365,true],"large":["https:\/\/arantv.az\/wp-content\/uploads\/2026\/05\/a1c018dcd95d046470956731f0fdf891-840x483.jpg",640,368,true],"1536x1536":["https:\/\/arantv.az\/wp-content\/uploads\/2026\/05\/a1c018dcd95d046470956731f0fdf891.jpg",870,500,false],"2048x2048":["https:\/\/arantv.az\/wp-content\/uploads\/2026\/05\/a1c018dcd95d046470956731f0fdf891.jpg",870,500,false],"post-thumbnail":["https:\/\/arantv.az\/wp-content\/uploads\/2026\/05\/a1c018dcd95d046470956731f0fdf891-240x172.jpg",240,172,true],"advps-thumb-one":["https:\/\/arantv.az\/wp-content\/uploads\/2026\/05\/a1c018dcd95d046470956731f0fdf891.jpg",870,500,false]},"rttpg_author":{"display_name":"V\u00fcsal Rafiqo\u011flu","author_link":"https:\/\/arantv.az\/?author=2"},"rttpg_comment":0,"rttpg_category":"<a href=\"https:\/\/arantv.az\/?cat=4\" rel=\"category\">Siyas\u0259t<\/a>","rttpg_excerpt":"Avropa \u0130ttifaq\u0131n\u0131n (A\u0130) Az\u0259rbaycandak\u0131 s\u0259firi Mariyana Kuyunci\u00e7 Xarici \u0130\u015fl\u0259r Nazirliyin\u0259 (X\u0130N) \u00e7a\u011f\u0131r\u0131l\u0131b. Bu bar\u0259d\u0259\u00a0Musavat.com-a X\u0130N-d\u0259n m\u0259lumat verilib. Qeyd olunub ki, g\u00f6r\u00fc\u015fd\u0259 Avropa Parlamenti t\u0259r\u0259find\u0259n 30 aprel tarixind\u0259 q\u0259bul edilmi\u015f q\u0259tnam\u0259d\u0259 Az\u0259rbaycana qar\u015f\u0131 yer alm\u0131\u015f \u0259sass\u0131z v\u0259 q\u0259r\u0259zli m\u00fcdd\u0259alar q\u0259ti \u015f\u0259kild\u0259 pisl\u0259nib v\u0259 bununla ba\u011fl\u0131 qar\u015f\u0131 t\u0259r\u0259f\u0259 etiraz notas\u0131 t\u0259qdim edilib. S\u00f6z\u00fcged\u0259n q\u0259tnam\u0259d\u0259ki m\u00fcdd\u0259alar\u0131n reall\u0131qlar\u0131 t\u0259hrif&hellip;","_links":{"self":[{"href":"https:\/\/arantv.az\/index.php?rest_route=\/wp\/v2\/posts\/850463"}],"collection":[{"href":"https:\/\/arantv.az\/index.php?rest_route=\/wp\/v2\/posts"}],"about":[{"href":"https:\/\/arantv.az\/index.php?rest_route=\/wp\/v2\/types\/post"}],"author":[{"embeddable":true,"href":"https:\/\/arantv.az\/index.php?rest_route=\/wp\/v2\/users\/2"}],"replies":[{"embeddable":true,"href":"https:\/\/arantv.az\/index.php?rest_route=%2Fwp%2Fv2%2Fcomments&post=850463"}],"version-history":[{"count":1,"href":"https:\/\/arantv.az\/index.php?rest_route=\/wp\/v2\/posts\/850463\/revisions"}],"predecessor-version":[{"id":850465,"href":"https:\/\/arantv.az\/index.php?rest_route=\/wp\/v2\/posts\/850463\/revisions\/850465"}],"wp:featuredmedia":[{"embeddable":true,"href":"https:\/\/arantv.az\/index.php?rest_route=\/wp\/v2\/media\/850464"}],"wp:attachment":[{"href":"https:\/\/arantv.az\/index.php?rest_route=%2Fwp%2Fv2%2Fmedia&parent=850463"}],"wp:term":[{"taxonomy":"category","embeddable":true,"href":"https:\/\/arantv.az\/index.php?rest_route=%2Fwp%2Fv2%2Fcategories&post=850463"},{"taxonomy":"post_tag","embeddable":true,"href":"https:\/\/arantv.az\/index.php?rest_route=%2Fwp%2Fv2%2Ftags&post=850463"}],"curies":[{"name":"wp","href":"https:\/\/api.w.org\/{rel}","templated":true}]}}