{"id":850466,"date":"2026-05-01T11:21:05","date_gmt":"2026-05-01T07:21:05","guid":{"rendered":"https:\/\/arantv.az\/?p=850466"},"modified":"2026-05-01T11:21:05","modified_gmt":"2026-05-01T07:21:05","slug":"az%c9%99rbaycanda-yeni-virus-yayilib-nazirlikd%c9%99n-aciqlama","status":"publish","type":"post","link":"https:\/\/arantv.az\/?p=850466","title":{"rendered":"Az\u0259rbaycanda yeni virus yay\u0131l\u0131b? &#8211; Nazirlikd\u0259n A\u00c7IQLAMA"},"content":{"rendered":"<div class=\"text-content\" data-id=\"\" data-url=\"\">\n<p><strong>Bak\u0131da hava \u015f\u0259raitinin g\u00f6zl\u0259nilm\u0259d\u0259n s\u0259rin ke\u00e7m\u0259si fonunda respirator x\u0259st\u0259likl\u0259r\u0259 yoluxma hallar\u0131 art\u0131b. Sosial \u015f\u0259b\u0259k\u0259l\u0259rd\u0259 yay\u0131lan payla\u015f\u0131mlarda is\u0259 x\u0259st\u0259liyin adi qripd\u0259n f\u0259rqli oldu\u011fu v\u0259 daha a\u011f\u0131r simptomlarla m\u00fc\u015fayi\u0259t olundu\u011fu iddia edilir. X\u00fcsusil\u0259 g\u00fccl\u00fc \u0259z\u0259l\u0259 v\u0259 s\u00fcm\u00fck a\u011fr\u0131lar\u0131ndan \u015fikay\u0259t ed\u0259nl\u0259rin say\u0131 artmaqdad\u0131r. Bu v\u0259ziyy\u0259t \u0259hali aras\u0131nda yeni virusun yay\u0131lmas\u0131 il\u0259 ba\u011fl\u0131 narahatl\u0131qlar\u0131 g\u00fccl\u0259ndirib.<\/strong><\/p>\n<p>M\u0259s\u0259l\u0259 il\u0259 ba\u011fl\u0131 r\u0259smi m\u00f6vqeyi \u00f6yr\u0259nm\u0259k \u00fc\u00e7\u00fcn \u201cYeni Sabah\u201d S\u0259hiyy\u0259 Nazirliyin\u0259 sor\u011fu \u00fcnvanlay\u0131b.<\/p>\n<p>Qurumun m\u00fct\u0259x\u0259ssis-eksperti, infeksionist T\u0259yyar Eyvazov bildirib ki, haz\u0131rda \u00f6lk\u0259d\u0259 infeksiyalarla ba\u011fl\u0131 v\u0259ziyy\u0259t stabildir:<\/p>\n<p>\u201cS\u0259hiyy\u0259 Nazirliyi v\u0259 Respublika Gigiyena v\u0259 Epidemiologiya M\u0259rk\u0259zinin son a\u00e7\u0131qlamalar\u0131na g\u00f6r\u0259, \u00f6lk\u0259d\u0259 respirator infeksiyalarla ba\u011fl\u0131 v\u0259ziyy\u0259t stabil v\u0259 n\u0259zar\u0259t olunan hesab edilir. Statistik bax\u0131mdan m\u00fcraci\u0259tl\u0259rd\u0259 art\u0131m m\u00fc\u015fahid\u0259 olunsa da, bu, m\u00f6vs\u00fcmi dal\u011falanma \u00e7\u0259r\u00e7iv\u0259sind\u0259dir v\u0259 epidemioloji h\u0259ddi a\u015fmay\u0131b. Aprel ay\u0131nda havalar\u0131n q\u0259fil soyumas\u0131 v\u0259 r\u00fctub\u0259tin artmas\u0131 bu tip viruslar\u0131n aktivl\u0259\u015fm\u0259si \u00fc\u00e7\u00fcn t\u0259bii m\u00fchit yarad\u0131r. Bu infeksiyalar s\u00fcm\u00fck-\u0259z\u0259l\u0259 a\u011fr\u0131lar\u0131 v\u0259 uzunm\u00fcdd\u0259tli \u00f6sk\u00fcr\u0259kl\u0259 m\u00fc\u015fayi\u0259t oluna bilir. Bel\u0259 ki, virus b\u0259d\u0259n\u0259 daxil olduqda intoksikasiya (z\u0259h\u0259rl\u0259nm\u0259) yarad\u0131r ki, bu da pasiyentl\u0259r t\u0259r\u0259find\u0259n &#8220;s\u00fcm\u00fck s\u0131zlamas\u0131&#8221; v\u0259 ya &#8220;\u0259z\u0259l\u0259 q\u0131r\u0131lmas\u0131&#8221; kimi hiss edilir. Bu, yeni bir virus deyil, sad\u0259c\u0259 bu m\u00f6vs\u00fcmd\u0259 daha aktiv \u015ftamd\u0131r. M\u00f6vcud hallar daha \u00e7ox M\u00f6vs\u00fcmi A qripi (haz\u0131rda \u0259n \u00e7ox rast g\u0259lin\u0259n patogendir), Rinovirus v\u0259 Adenovirus (Burun axmas\u0131 v\u0259 bo\u011faz a\u011fr\u0131s\u0131 il\u0259 m\u00fc\u015fayi\u0259t olunan &#8220;adi soyuqd\u0259ym\u0259&#8221; hallar\u0131), RSV Respirator Sinsitial virus kombinasiyas\u0131 il\u0259 \u0259laq\u0259l\u0259ndirilir\u201d.<\/p>\n<p>Nazirlik bildirir ki, m\u00f6vcud v\u0259ziyy\u0259t epidemioloji risk yaratm\u0131r v\u0259 v\u0259t\u0259nda\u015flara \u00f6zba\u015f\u0131na m\u00fcalic\u0259d\u0259n uzaq durmaq t\u00f6vsiy\u0259 olunur:<\/p>\n<p>\u201cBu viruslar\u0131n klinik m\u0259nz\u0259r\u0259si bir-birin\u0259 \u00e7ox b\u0259nz\u0259diyi \u00fc\u00e7\u00fcn laborator analiz olmadan onlar\u0131 f\u0259rql\u0259ndirm\u0259k \u00e7\u0259tindir, lakin m\u00fcalic\u0259 protokollar\u0131 \u0259sas\u0259n ox\u015fard\u0131r (simptomatik m\u00fcalic\u0259). Haz\u0131rk\u0131 v\u0259ziyy\u0259t epidemioloji bax\u0131mdan t\u0259hl\u00fck\u0259li hesab edilmir. S\u0259hiyy\u0259 Nazirliyi \u0259haliy\u0259 \u00f6z\u00fcn\u00fcm\u00fcalic\u0259d\u0259n \u00e7\u0259kinm\u0259yi, x\u00fcsusil\u0259 antibiotikl\u0259rin virus x\u0259st\u0259likl\u0259rind\u0259 t\u0259sirsiz oldu\u011funu v\u0259 v\u0259ziyy\u0259ti a\u011f\u0131rla\u015fd\u0131ra bil\u0259c\u0259yini xat\u0131rlad\u0131rlar. Eyni zamanda\u00a0 qapal\u0131 m\u0259kanlar\u0131n tez-tez havaland\u0131r\u0131lmas\u0131, \u015f\u0259xsi gigiyena v\u0259 immuniteti g\u00fccl\u0259ndir\u0259n qidalanman\u0131 t\u00f6vsiy\u0259 edir. Simptomlar (x\u00fcsusil\u0259 y\u00fcks\u0259k q\u0131zd\u0131rma v\u0259 n\u0259f\u0259s darl\u0131\u011f\u0131) 3-4 g\u00fcnd\u0259n art\u0131q davam ed\u0259rs\u0259, m\u00fctl\u0259q ail\u0259 h\u0259kimin\u0259 v\u0259 ya poliklinikaya m\u00fcraci\u0259t edilm\u0259lidir\u201d.<\/p>\n<\/div>\n<div><\/div>\n<div><\/div>\n<div class=\"inner-social-box\">\n<div class=\"subs-in-social subs-whatsapp\"><\/div>\n<\/div>\n","protected":false},"excerpt":{"rendered":"<p>Bak\u0131da hava \u015f\u0259raitinin g\u00f6zl\u0259nilm\u0259d\u0259n s\u0259rin ke\u00e7m\u0259si fonunda respirator x\u0259st\u0259likl\u0259r\u0259 yoluxma hallar\u0131 art\u0131b. Sosial \u015f\u0259b\u0259k\u0259l\u0259rd\u0259 yay\u0131lan payla\u015f\u0131mlarda is\u0259 x\u0259st\u0259liyin adi qripd\u0259n f\u0259rqli oldu\u011fu v\u0259 daha a\u011f\u0131r simptomlarla m\u00fc\u015fayi\u0259t olundu\u011fu iddia edilir. X\u00fcsusil\u0259 g\u00fccl\u00fc \u0259z\u0259l\u0259 v\u0259 s\u00fcm\u00fck a\u011fr\u0131lar\u0131ndan \u015fikay\u0259t ed\u0259nl\u0259rin say\u0131 artmaqdad\u0131r. Bu v\u0259ziyy\u0259t \u0259hali aras\u0131nda yeni virusun yay\u0131lmas\u0131 il\u0259 ba\u011fl\u0131 narahatl\u0131qlar\u0131 g\u00fccl\u0259ndirib. M\u0259s\u0259l\u0259 il\u0259 ba\u011fl\u0131 r\u0259smi m\u00f6vqeyi \u00f6yr\u0259nm\u0259k \u00fc\u00e7\u00fcn \u201cYeni Sabah\u201d S\u0259hiyy\u0259 Nazirliyin\u0259 sor\u011fu \u00fcnvanlay\u0131b. Qurumun m\u00fct\u0259x\u0259ssis-eksperti, infeksionist T\u0259yyar Eyvazov bildirib ki, haz\u0131rda \u00f6lk\u0259d\u0259 infeksiyalarla ba\u011fl\u0131 v\u0259ziyy\u0259t stabildir: \u201cS\u0259hiyy\u0259 Nazirliyi v\u0259 Respublika Gigiyena v\u0259 Epidemiologiya M\u0259rk\u0259zinin son a\u00e7\u0131qlamalar\u0131na g\u00f6r\u0259, \u00f6lk\u0259d\u0259 respirator&hellip;<\/p>\n","protected":false},"author":2,"featured_media":850467,"comment_status":"closed","ping_status":"closed","sticky":false,"template":"","format":"standard","meta":{"om_disable_all_campaigns":false,"_monsterinsights_skip_tracking":false,"_monsterinsights_sitenote_active":false,"_monsterinsights_sitenote_note":"","_monsterinsights_sitenote_category":0},"categories":[1],"tags":[],"aioseo_notices":[],"gutentor_comment":0,"rttpg_featured_image_url":{"full":["https:\/\/arantv.az\/wp-content\/uploads\/2026\/05\/6cf1df7712842eba559a81ebc831378f.jpg",750,422,false],"landscape":["https:\/\/arantv.az\/wp-content\/uploads\/2026\/05\/6cf1df7712842eba559a81ebc831378f.jpg",750,422,false],"portraits":["https:\/\/arantv.az\/wp-content\/uploads\/2026\/05\/6cf1df7712842eba559a81ebc831378f.jpg",750,422,false],"thumbnail":["https:\/\/arantv.az\/wp-content\/uploads\/2026\/05\/6cf1df7712842eba559a81ebc831378f-500x280.jpg",500,280,true],"medium":["https:\/\/arantv.az\/wp-content\/uploads\/2026\/05\/6cf1df7712842eba559a81ebc831378f-649x365.jpg",649,365,true],"large":["https:\/\/arantv.az\/wp-content\/uploads\/2026\/05\/6cf1df7712842eba559a81ebc831378f.jpg",640,360,false],"1536x1536":["https:\/\/arantv.az\/wp-content\/uploads\/2026\/05\/6cf1df7712842eba559a81ebc831378f.jpg",750,422,false],"2048x2048":["https:\/\/arantv.az\/wp-content\/uploads\/2026\/05\/6cf1df7712842eba559a81ebc831378f.jpg",750,422,false],"post-thumbnail":["https:\/\/arantv.az\/wp-content\/uploads\/2026\/05\/6cf1df7712842eba559a81ebc831378f-240x172.jpg",240,172,true],"advps-thumb-one":["https:\/\/arantv.az\/wp-content\/uploads\/2026\/05\/6cf1df7712842eba559a81ebc831378f.jpg",750,422,false]},"rttpg_author":{"display_name":"V\u00fcsal Rafiqo\u011flu","author_link":"https:\/\/arantv.az\/?author=2"},"rttpg_comment":0,"rttpg_category":"<a href=\"https:\/\/arantv.az\/?cat=1\" rel=\"category\">C\u0259miyy\u0259t<\/a>","rttpg_excerpt":"Bak\u0131da hava \u015f\u0259raitinin g\u00f6zl\u0259nilm\u0259d\u0259n s\u0259rin ke\u00e7m\u0259si fonunda respirator x\u0259st\u0259likl\u0259r\u0259 yoluxma hallar\u0131 art\u0131b. Sosial \u015f\u0259b\u0259k\u0259l\u0259rd\u0259 yay\u0131lan payla\u015f\u0131mlarda is\u0259 x\u0259st\u0259liyin adi qripd\u0259n f\u0259rqli oldu\u011fu v\u0259 daha a\u011f\u0131r simptomlarla m\u00fc\u015fayi\u0259t olundu\u011fu iddia edilir. X\u00fcsusil\u0259 g\u00fccl\u00fc \u0259z\u0259l\u0259 v\u0259 s\u00fcm\u00fck a\u011fr\u0131lar\u0131ndan \u015fikay\u0259t ed\u0259nl\u0259rin say\u0131 artmaqdad\u0131r. Bu v\u0259ziyy\u0259t \u0259hali aras\u0131nda yeni virusun yay\u0131lmas\u0131 il\u0259 ba\u011fl\u0131 narahatl\u0131qlar\u0131 g\u00fccl\u0259ndirib. M\u0259s\u0259l\u0259 il\u0259 ba\u011fl\u0131 r\u0259smi&hellip;","_links":{"self":[{"href":"https:\/\/arantv.az\/index.php?rest_route=\/wp\/v2\/posts\/850466"}],"collection":[{"href":"https:\/\/arantv.az\/index.php?rest_route=\/wp\/v2\/posts"}],"about":[{"href":"https:\/\/arantv.az\/index.php?rest_route=\/wp\/v2\/types\/post"}],"author":[{"embeddable":true,"href":"https:\/\/arantv.az\/index.php?rest_route=\/wp\/v2\/users\/2"}],"replies":[{"embeddable":true,"href":"https:\/\/arantv.az\/index.php?rest_route=%2Fwp%2Fv2%2Fcomments&post=850466"}],"version-history":[{"count":1,"href":"https:\/\/arantv.az\/index.php?rest_route=\/wp\/v2\/posts\/850466\/revisions"}],"predecessor-version":[{"id":850468,"href":"https:\/\/arantv.az\/index.php?rest_route=\/wp\/v2\/posts\/850466\/revisions\/850468"}],"wp:featuredmedia":[{"embeddable":true,"href":"https:\/\/arantv.az\/index.php?rest_route=\/wp\/v2\/media\/850467"}],"wp:attachment":[{"href":"https:\/\/arantv.az\/index.php?rest_route=%2Fwp%2Fv2%2Fmedia&parent=850466"}],"wp:term":[{"taxonomy":"category","embeddable":true,"href":"https:\/\/arantv.az\/index.php?rest_route=%2Fwp%2Fv2%2Fcategories&post=850466"},{"taxonomy":"post_tag","embeddable":true,"href":"https:\/\/arantv.az\/index.php?rest_route=%2Fwp%2Fv2%2Ftags&post=850466"}],"curies":[{"name":"wp","href":"https:\/\/api.w.org\/{rel}","templated":true}]}}