{"id":850469,"date":"2026-05-01T11:22:39","date_gmt":"2026-05-01T07:22:39","guid":{"rendered":"https:\/\/arantv.az\/?p=850469"},"modified":"2026-05-01T11:22:39","modified_gmt":"2026-05-01T07:22:39","slug":"ilham-%c9%99liyev-paylasim-etdi","status":"publish","type":"post","link":"https:\/\/arantv.az\/?p=850469","title":{"rendered":"\u0130lham \u018fliyev payla\u015f\u0131m etdi"},"content":{"rendered":"<div class=\"text-content\" data-id=\"\" data-url=\"\">\n<p><strong>H\u0259r d\u0259f\u0259 beyn\u0259lxalq yar\u0131\u015flarda bizim bayra\u011f\u0131m\u0131z qald\u0131r\u0131landa b\u00fct\u00fcn Az\u0259rbaycan xalq\u0131 q\u00fcrur hissi ke\u00e7irir, sevinir.<\/strong><\/p>\n<p><strong>Musavat.com<\/strong>\u00a0x\u0259b\u0259r verir ki, bu fikir Az\u0259rbaycan Prezidenti \u0130lham \u018fliyevin \u201cX\u201d sosial \u015f\u0259b\u0259k\u0259 hesab\u0131nda yer al\u0131b.<\/p>\n<p>\u201cAz\u0259rbaycan g\u00fcl\u0259\u015f\u00e7il\u0259ri bir daha g\u00f6st\u0259rdil\u0259r ki, onlar Avropada birincidirl\u0259r\u201d, \u2013 payla\u015f\u0131mda \u0259lav\u0259 olunub.<\/p>\n<p><iframe loading=\"lazy\" id=\"twitter-widget-0\" class=\"\" title=\"X Post\" src=\"https:\/\/platform.twitter.com\/embed\/Tweet.html?creatorScreenName=reportnewsaz&amp;dnt=false&amp;embedId=twitter-widget-0&amp;features=eyJ0ZndfdGltZWxpbmVfbGlzdCI6eyJidWNrZXQiOltdLCJ2ZXJzaW9uIjpudWxsfSwidGZ3X2ZvbGxvd2VyX2NvdW50X3N1bnNldCI6eyJidWNrZXQiOnRydWUsInZlcnNpb24iOm51bGx9LCJ0ZndfdHdlZXRfZWRpdF9iYWNrZW5kIjp7ImJ1Y2tldCI6Im9uIiwidmVyc2lvbiI6bnVsbH0sInRmd19yZWZzcmNfc2Vzc2lvbiI6eyJidWNrZXQiOiJvbiIsInZlcnNpb24iOm51bGx9LCJ0ZndfZm9zbnJfc29mdF9pbnRlcnZlbnRpb25zX2VuYWJsZWQiOnsiYnVja2V0Ijoib24iLCJ2ZXJzaW9uIjpudWxsfSwidGZ3X21peGVkX21lZGlhXzE1ODk3Ijp7ImJ1Y2tldCI6InRyZWF0bWVudCIsInZlcnNpb24iOm51bGx9LCJ0ZndfZXhwZXJpbWVudHNfY29va2llX2V4cGlyYXRpb24iOnsiYnVja2V0IjoxMjA5NjAwLCJ2ZXJzaW9uIjpudWxsfSwidGZ3X3Nob3dfYmlyZHdhdGNoX3Bpdm90c19lbmFibGVkIjp7ImJ1Y2tldCI6Im9uIiwidmVyc2lvbiI6bnVsbH0sInRmd19kdXBsaWNhdGVfc2NyaWJlc190b19zZXR0aW5ncyI6eyJidWNrZXQiOiJvbiIsInZlcnNpb24iOm51bGx9LCJ0ZndfdXNlX3Byb2ZpbGVfaW1hZ2Vfc2hhcGVfZW5hYmxlZCI6eyJidWNrZXQiOiJvbiIsInZlcnNpb24iOm51bGx9LCJ0ZndfdmlkZW9faGxzX2R5bmFtaWNfbWFuaWZlc3RzXzE1MDgyIjp7ImJ1Y2tldCI6InRydWVfYml0cmF0ZSIsInZlcnNpb24iOm51bGx9LCJ0ZndfbGVnYWN5X3RpbWVsaW5lX3N1bnNldCI6eyJidWNrZXQiOnRydWUsInZlcnNpb24iOm51bGx9LCJ0ZndfdHdlZXRfZWRpdF9mcm9udGVuZCI6eyJidWNrZXQiOiJvbiIsInZlcnNpb24iOm51bGx9fQ%3D%3D&amp;frame=false&amp;hideCard=false&amp;hideThread=false&amp;id=2049932017479930315&amp;lang=en&amp;origin=https%3A%2F%2Freport.az%2Fferdi%2Fprezident-azerbaycan-gulescileri-bir-daha-gosterdiler-ki-onlar-avropada-birincidirler&amp;sessionId=c9f65000ee476e14663344d8a2022ff4842a9a22&amp;siteScreenName=reportnewsaz&amp;theme=light&amp;widgetsVersion=2615f7e52b7e0%3A1702314776716&amp;width=550px\" width=\"300\" height=\"150\" frameborder=\"0\" scrolling=\"no\" allowfullscreen=\"allowfullscreen\" data-tweet-id=\"2049932017479930315\" data-mce-fragment=\"1\"><\/iframe><\/p>\n<\/div>\n<div><\/div>\n<div><\/div>\n<div class=\"inner-social-box\">\n<div class=\"subs-in-social subs-whatsapp\"><\/div>\n<\/div>\n","protected":false},"excerpt":{"rendered":"<p>H\u0259r d\u0259f\u0259 beyn\u0259lxalq yar\u0131\u015flarda bizim bayra\u011f\u0131m\u0131z qald\u0131r\u0131landa b\u00fct\u00fcn Az\u0259rbaycan xalq\u0131 q\u00fcrur hissi ke\u00e7irir, sevinir. Musavat.com\u00a0x\u0259b\u0259r verir ki, bu fikir Az\u0259rbaycan Prezidenti \u0130lham \u018fliyevin \u201cX\u201d sosial \u015f\u0259b\u0259k\u0259 hesab\u0131nda yer al\u0131b. \u201cAz\u0259rbaycan g\u00fcl\u0259\u015f\u00e7il\u0259ri bir daha g\u00f6st\u0259rdil\u0259r ki, onlar Avropada birincidirl\u0259r\u201d, \u2013 payla\u015f\u0131mda \u0259lav\u0259 olunub.<\/p>\n","protected":false},"author":2,"featured_media":850470,"comment_status":"closed","ping_status":"closed","sticky":false,"template":"","format":"standard","meta":{"om_disable_all_campaigns":false,"_monsterinsights_skip_tracking":false,"_monsterinsights_sitenote_active":false,"_monsterinsights_sitenote_note":"","_monsterinsights_sitenote_category":0},"categories":[4],"tags":[],"aioseo_notices":[],"gutentor_comment":0,"rttpg_featured_image_url":{"full":["https:\/\/arantv.az\/wp-content\/uploads\/2026\/05\/20a77974126f4f5e4bc99030fd20b261.jpg",640,336,false],"landscape":["https:\/\/arantv.az\/wp-content\/uploads\/2026\/05\/20a77974126f4f5e4bc99030fd20b261.jpg",640,336,false],"portraits":["https:\/\/arantv.az\/wp-content\/uploads\/2026\/05\/20a77974126f4f5e4bc99030fd20b261.jpg",640,336,false],"thumbnail":["https:\/\/arantv.az\/wp-content\/uploads\/2026\/05\/20a77974126f4f5e4bc99030fd20b261-500x280.jpg",500,280,true],"medium":["https:\/\/arantv.az\/wp-content\/uploads\/2026\/05\/20a77974126f4f5e4bc99030fd20b261.jpg",640,336,false],"large":["https:\/\/arantv.az\/wp-content\/uploads\/2026\/05\/20a77974126f4f5e4bc99030fd20b261.jpg",640,336,false],"1536x1536":["https:\/\/arantv.az\/wp-content\/uploads\/2026\/05\/20a77974126f4f5e4bc99030fd20b261.jpg",640,336,false],"2048x2048":["https:\/\/arantv.az\/wp-content\/uploads\/2026\/05\/20a77974126f4f5e4bc99030fd20b261.jpg",640,336,false],"post-thumbnail":["https:\/\/arantv.az\/wp-content\/uploads\/2026\/05\/20a77974126f4f5e4bc99030fd20b261-240x172.jpg",240,172,true],"advps-thumb-one":["https:\/\/arantv.az\/wp-content\/uploads\/2026\/05\/20a77974126f4f5e4bc99030fd20b261.jpg",640,336,false]},"rttpg_author":{"display_name":"V\u00fcsal Rafiqo\u011flu","author_link":"https:\/\/arantv.az\/?author=2"},"rttpg_comment":0,"rttpg_category":"<a href=\"https:\/\/arantv.az\/?cat=4\" rel=\"category\">Siyas\u0259t<\/a>","rttpg_excerpt":"H\u0259r d\u0259f\u0259 beyn\u0259lxalq yar\u0131\u015flarda bizim bayra\u011f\u0131m\u0131z qald\u0131r\u0131landa b\u00fct\u00fcn Az\u0259rbaycan xalq\u0131 q\u00fcrur hissi ke\u00e7irir, sevinir. Musavat.com\u00a0x\u0259b\u0259r verir ki, bu fikir Az\u0259rbaycan Prezidenti \u0130lham \u018fliyevin \u201cX\u201d sosial \u015f\u0259b\u0259k\u0259 hesab\u0131nda yer al\u0131b. \u201cAz\u0259rbaycan g\u00fcl\u0259\u015f\u00e7il\u0259ri bir daha g\u00f6st\u0259rdil\u0259r ki, onlar Avropada birincidirl\u0259r\u201d, \u2013 payla\u015f\u0131mda \u0259lav\u0259 olunub.","_links":{"self":[{"href":"https:\/\/arantv.az\/index.php?rest_route=\/wp\/v2\/posts\/850469"}],"collection":[{"href":"https:\/\/arantv.az\/index.php?rest_route=\/wp\/v2\/posts"}],"about":[{"href":"https:\/\/arantv.az\/index.php?rest_route=\/wp\/v2\/types\/post"}],"author":[{"embeddable":true,"href":"https:\/\/arantv.az\/index.php?rest_route=\/wp\/v2\/users\/2"}],"replies":[{"embeddable":true,"href":"https:\/\/arantv.az\/index.php?rest_route=%2Fwp%2Fv2%2Fcomments&post=850469"}],"version-history":[{"count":1,"href":"https:\/\/arantv.az\/index.php?rest_route=\/wp\/v2\/posts\/850469\/revisions"}],"predecessor-version":[{"id":850471,"href":"https:\/\/arantv.az\/index.php?rest_route=\/wp\/v2\/posts\/850469\/revisions\/850471"}],"wp:featuredmedia":[{"embeddable":true,"href":"https:\/\/arantv.az\/index.php?rest_route=\/wp\/v2\/media\/850470"}],"wp:attachment":[{"href":"https:\/\/arantv.az\/index.php?rest_route=%2Fwp%2Fv2%2Fmedia&parent=850469"}],"wp:term":[{"taxonomy":"category","embeddable":true,"href":"https:\/\/arantv.az\/index.php?rest_route=%2Fwp%2Fv2%2Fcategories&post=850469"},{"taxonomy":"post_tag","embeddable":true,"href":"https:\/\/arantv.az\/index.php?rest_route=%2Fwp%2Fv2%2Ftags&post=850469"}],"curies":[{"name":"wp","href":"https:\/\/api.w.org\/{rel}","templated":true}]}}