{"id":850472,"date":"2026-05-01T11:23:24","date_gmt":"2026-05-01T07:23:24","guid":{"rendered":"https:\/\/arantv.az\/?p=850472"},"modified":"2026-05-01T11:23:24","modified_gmt":"2026-05-01T07:23:24","slug":"milli-m%c9%99clisd%c9%99-avropa-parlamentinin-t%c9%99xribatlari-muzakir%c9%99-olunur","status":"publish","type":"post","link":"https:\/\/arantv.az\/?p=850472","title":{"rendered":"Milli M\u0259clisd\u0259 Avropa Parlamentinin t\u0259xribatlar\u0131 m\u00fczakir\u0259 olunur"},"content":{"rendered":"<p><strong>Milli M\u0259clisin n\u00f6vb\u0259ti plenar iclas\u0131 \u00f6z i\u015fin\u0259 ba\u015flay\u0131b.<\/strong><\/p>\n<p><strong>Musavat.com<\/strong>-un m\u0259lumat\u0131na g\u00f6r\u0259, spiker Sahib\u0259 Qafarovan\u0131n s\u0259drliyi il\u0259 ke\u00e7iril\u0259n iclasda 9 m\u0259s\u0259l\u0259 m\u00fczakir\u0259 olunacaq. G\u00fcnd\u0259liy\u0259 Avropa Parlamentinin Az\u0259rbaycana qar\u015f\u0131 q\u0259r\u0259zli m\u00fcnasib\u0259ti il\u0259 ba\u011fl\u0131 m\u0259s\u0259l\u0259 \u0259lav\u0259 olunub.<\/p>\n<p>Spiker giri\u015f nitqind\u0259 Avropa Parlamentinin Az\u0259rbaycana qar\u015f\u0131 q\u0259r\u0259zli m\u00fcnasib\u0259tind\u0259n dan\u0131\u015f\u0131b.<\/p>\n<p>Bildirib ki, AP Az\u0259rbaycan \u0259leyhin\u0259 13 q\u0259tnam\u0259 q\u0259bul edib v\u0259 t\u0259xribatlar\u0131n\u0131 davam etdirir. \u0130clas davam edir.<\/p>\n<p><strong>E.Pa\u015fasoy,<\/strong><br \/>\n<strong>Musavat.com<\/strong><\/p>\n","protected":false},"excerpt":{"rendered":"<p>Milli M\u0259clisin n\u00f6vb\u0259ti plenar iclas\u0131 \u00f6z i\u015fin\u0259 ba\u015flay\u0131b. Musavat.com-un m\u0259lumat\u0131na g\u00f6r\u0259, spiker Sahib\u0259 Qafarovan\u0131n s\u0259drliyi il\u0259 ke\u00e7iril\u0259n iclasda 9 m\u0259s\u0259l\u0259 m\u00fczakir\u0259 olunacaq. G\u00fcnd\u0259liy\u0259 Avropa Parlamentinin Az\u0259rbaycana qar\u015f\u0131 q\u0259r\u0259zli m\u00fcnasib\u0259ti il\u0259 ba\u011fl\u0131 m\u0259s\u0259l\u0259 \u0259lav\u0259 olunub. Spiker giri\u015f nitqind\u0259 Avropa Parlamentinin Az\u0259rbaycana qar\u015f\u0131 q\u0259r\u0259zli m\u00fcnasib\u0259tind\u0259n dan\u0131\u015f\u0131b. Bildirib ki, AP Az\u0259rbaycan \u0259leyhin\u0259 13 q\u0259tnam\u0259 q\u0259bul edib v\u0259 t\u0259xribatlar\u0131n\u0131 davam etdirir. \u0130clas davam edir. E.Pa\u015fasoy, Musavat.com<\/p>\n","protected":false},"author":2,"featured_media":850473,"comment_status":"closed","ping_status":"closed","sticky":false,"template":"","format":"standard","meta":{"om_disable_all_campaigns":false,"_monsterinsights_skip_tracking":false,"_monsterinsights_sitenote_active":false,"_monsterinsights_sitenote_note":"","_monsterinsights_sitenote_category":0},"categories":[4],"tags":[],"aioseo_notices":[],"gutentor_comment":0,"rttpg_featured_image_url":{"full":["https:\/\/arantv.az\/wp-content\/uploads\/2026\/05\/097be9af176d80c082313dc731fc10e1.jpg",870,500,false],"landscape":["https:\/\/arantv.az\/wp-content\/uploads\/2026\/05\/097be9af176d80c082313dc731fc10e1.jpg",870,500,false],"portraits":["https:\/\/arantv.az\/wp-content\/uploads\/2026\/05\/097be9af176d80c082313dc731fc10e1.jpg",870,500,false],"thumbnail":["https:\/\/arantv.az\/wp-content\/uploads\/2026\/05\/097be9af176d80c082313dc731fc10e1-500x280.jpg",500,280,true],"medium":["https:\/\/arantv.az\/wp-content\/uploads\/2026\/05\/097be9af176d80c082313dc731fc10e1-635x365.jpg",635,365,true],"large":["https:\/\/arantv.az\/wp-content\/uploads\/2026\/05\/097be9af176d80c082313dc731fc10e1-840x483.jpg",640,368,true],"1536x1536":["https:\/\/arantv.az\/wp-content\/uploads\/2026\/05\/097be9af176d80c082313dc731fc10e1.jpg",870,500,false],"2048x2048":["https:\/\/arantv.az\/wp-content\/uploads\/2026\/05\/097be9af176d80c082313dc731fc10e1.jpg",870,500,false],"post-thumbnail":["https:\/\/arantv.az\/wp-content\/uploads\/2026\/05\/097be9af176d80c082313dc731fc10e1-240x172.jpg",240,172,true],"advps-thumb-one":["https:\/\/arantv.az\/wp-content\/uploads\/2026\/05\/097be9af176d80c082313dc731fc10e1.jpg",870,500,false]},"rttpg_author":{"display_name":"V\u00fcsal Rafiqo\u011flu","author_link":"https:\/\/arantv.az\/?author=2"},"rttpg_comment":0,"rttpg_category":"<a href=\"https:\/\/arantv.az\/?cat=4\" rel=\"category\">Siyas\u0259t<\/a>","rttpg_excerpt":"Milli M\u0259clisin n\u00f6vb\u0259ti plenar iclas\u0131 \u00f6z i\u015fin\u0259 ba\u015flay\u0131b. Musavat.com-un m\u0259lumat\u0131na g\u00f6r\u0259, spiker Sahib\u0259 Qafarovan\u0131n s\u0259drliyi il\u0259 ke\u00e7iril\u0259n iclasda 9 m\u0259s\u0259l\u0259 m\u00fczakir\u0259 olunacaq. G\u00fcnd\u0259liy\u0259 Avropa Parlamentinin Az\u0259rbaycana qar\u015f\u0131 q\u0259r\u0259zli m\u00fcnasib\u0259ti il\u0259 ba\u011fl\u0131 m\u0259s\u0259l\u0259 \u0259lav\u0259 olunub. Spiker giri\u015f nitqind\u0259 Avropa Parlamentinin Az\u0259rbaycana qar\u015f\u0131 q\u0259r\u0259zli m\u00fcnasib\u0259tind\u0259n dan\u0131\u015f\u0131b. Bildirib ki, AP Az\u0259rbaycan \u0259leyhin\u0259 13 q\u0259tnam\u0259 q\u0259bul edib v\u0259 t\u0259xribatlar\u0131n\u0131&hellip;","_links":{"self":[{"href":"https:\/\/arantv.az\/index.php?rest_route=\/wp\/v2\/posts\/850472"}],"collection":[{"href":"https:\/\/arantv.az\/index.php?rest_route=\/wp\/v2\/posts"}],"about":[{"href":"https:\/\/arantv.az\/index.php?rest_route=\/wp\/v2\/types\/post"}],"author":[{"embeddable":true,"href":"https:\/\/arantv.az\/index.php?rest_route=\/wp\/v2\/users\/2"}],"replies":[{"embeddable":true,"href":"https:\/\/arantv.az\/index.php?rest_route=%2Fwp%2Fv2%2Fcomments&post=850472"}],"version-history":[{"count":2,"href":"https:\/\/arantv.az\/index.php?rest_route=\/wp\/v2\/posts\/850472\/revisions"}],"predecessor-version":[{"id":850475,"href":"https:\/\/arantv.az\/index.php?rest_route=\/wp\/v2\/posts\/850472\/revisions\/850475"}],"wp:featuredmedia":[{"embeddable":true,"href":"https:\/\/arantv.az\/index.php?rest_route=\/wp\/v2\/media\/850473"}],"wp:attachment":[{"href":"https:\/\/arantv.az\/index.php?rest_route=%2Fwp%2Fv2%2Fmedia&parent=850472"}],"wp:term":[{"taxonomy":"category","embeddable":true,"href":"https:\/\/arantv.az\/index.php?rest_route=%2Fwp%2Fv2%2Fcategories&post=850472"},{"taxonomy":"post_tag","embeddable":true,"href":"https:\/\/arantv.az\/index.php?rest_route=%2Fwp%2Fv2%2Ftags&post=850472"}],"curies":[{"name":"wp","href":"https:\/\/api.w.org\/{rel}","templated":true}]}}