{"id":850479,"date":"2026-05-01T11:25:05","date_gmt":"2026-05-01T07:25:05","guid":{"rendered":"https:\/\/arantv.az\/?p=850479"},"modified":"2026-05-01T11:25:05","modified_gmt":"2026-05-01T07:25:05","slug":"dovl%c9%99t-media-c%c9%99miyy%c9%99t-v%c9%99hd%c9%99ti-ist%c9%99nil%c9%99n-qlobal-cagirisin-ohd%c9%99sind%c9%99n-g%c9%99lm%c9%99y%c9%99-imkan-verir-%c9%99hm%c9%99d-ismayilov","status":"publish","type":"post","link":"https:\/\/arantv.az\/?p=850479","title":{"rendered":"&#8220;D\u00f6vl\u0259t-media-c\u0259miyy\u0259t v\u0259hd\u0259ti ist\u0259nil\u0259n qlobal \u00e7a\u011f\u0131r\u0131\u015f\u0131n \u00f6hd\u0259sind\u0259n g\u0259lm\u0259y\u0259 imkan verir&#8221; -\u018fhm\u0259d \u0130smay\u0131lov"},"content":{"rendered":"<p>COP29 zaman\u0131 s\u0131naqdan \u00e7\u0131xm\u0131\u015f effektiv kommunikasiya modeli s\u00fcbut edib ki, d\u00f6vl\u0259t-media-c\u0259miyy\u0259t v\u0259hd\u0259ti ist\u0259nil\u0259n qlobal \u00e7a\u011f\u0131r\u0131\u015f\u0131n \u00f6hd\u0259sind\u0259n layiqinc\u0259 g\u0259lm\u0259y\u0259 imkan verir.<\/p>\n<p>Musavat.com report.az-a istinad\u0259n\u00a0x\u0259b\u0259r verir ki, bunu Median\u0131n \u0130nki\u015faf\u0131 Agentliyinin (MED\u0130A) icra\u00e7\u0131 direktoru \u018fhm\u0259d \u0130smay\u0131lov &#8220;\u0130ctimai prosesl\u0259r media m\u00fcst\u0259visind\u0259&#8221; m\u00f6vzusunda III Forumun a\u00e7\u0131l\u0131\u015f m\u0259rasimind\u0259 deyib.<\/p>\n<p>Onun s\u00f6zl\u0259rin\u0259 g\u00f6r\u0259, bu il 17-22 may tarixl\u0259rind\u0259 ke\u00e7iril\u0259c\u0259k \u00dcmumd\u00fcnya \u015e\u0259h\u0259rsalma Forumunun On \u00dc\u00e7\u00fcnc\u00fc Sessiyas\u0131n\u0131n (WUF13) Bak\u0131da t\u0259\u015fkili Az\u0259rbaycan\u0131n \u015f\u0259h\u0259rsalma sah\u0259sind\u0259 \u0259ld\u0259 etdiyi u\u011furlar\u0131n beyn\u0259lxalq ictimaiyy\u0259t t\u0259r\u0259find\u0259n y\u00fcks\u0259k qiym\u0259tl\u0259ndirilm\u0259sinin g\u00f6st\u0259ricisidir.<\/p>\n<p>\u018f.\u0130smay\u0131lov qeyd edib ki, MED\u0130A v\u0259 WUF13 Az\u0259rbaycan \u018fm\u0259liyyat \u015eirk\u0259tinin birg\u0259 t\u0259\u015fkilat\u00e7\u0131l\u0131\u011f\u0131 il\u0259 &#8220;WUF13: Dayan\u0131ql\u0131 \u015f\u0259h\u0259rsalman\u0131n inki\u015faf\u0131 v\u0259 median\u0131n rolu&#8221; m\u00f6vzusunda silsil\u0259 m\u0259lumatland\u0131rma sessiyalar\u0131 t\u0259\u015fkil olunub:<\/p>\n<p>&#8220;M\u00f6vzunun spesifik c\u0259h\u0259tini v\u0259 m\u00fcst\u0259sna ictimai \u0259h\u0259miyy\u0259tini n\u0259z\u0259r\u0259 alan jurnalistl\u0259rimizin m\u0259lumatland\u0131rma sessiyalar\u0131nda f\u0259al i\u015ftirak\u0131 c\u0259miyy\u0259tin informasiya il\u0259 t\u0259minat\u0131nda \u00f6z ciddi t\u0259sirini g\u00f6st\u0259r\u0259c\u0259k&#8221;.<\/p>\n<p>\u0130cra\u00e7\u0131 direktorun s\u00f6zl\u0259rin\u0259 g\u00f6r\u0259, Az\u0259rbaycanda \u015f\u0259h\u0259rsalma m\u0259d\u0259niyy\u0259ti b\u00f6y\u00fck tarixi irs\u0259 s\u00f6yk\u0259nir:<\/p>\n<p>&#8220;2024-c\u00fc ild\u0259 u\u011furla ev sahibliyi etdiyimiz BMT-nin \u0130qlim D\u0259yi\u015fm\u0259l\u0259ri \u00fczr\u0259 \u00c7\u0259r\u00e7iv\u0259 Konvensiyas\u0131n\u0131n T\u0259r\u0259fl\u0259r Konfrans\u0131n\u0131n 29-cu sessiyas\u0131 (COP29) zaman\u0131 mediam\u0131z \u00f6z f\u0259aliyy\u0259tind\u0259 z\u0259ngin t\u0259cr\u00fcb\u0259y\u0259 imza at\u0131b. Konfrans\u0131n ke\u00e7irildiyi iki h\u0259ft\u0259 \u0259rzind\u0259 \u00f6lk\u0259mizin informasiya agentlikl\u0259ri, onlayn v\u0259 \u00e7ap medias\u0131 subyektl\u0259ri haz\u0131rlad\u0131qlar\u0131 materiallar\u0131n b\u00f6y\u00fck hiss\u0259sini COP29-a h\u0259sr etm\u0259kl\u0259 yaln\u0131z yerli auditoriya \u00fc\u00e7\u00fcn deyil, eyni zamanda, qlobal miqyasda pe\u015f\u0259kar media g\u00fcnd\u0259mini formala\u015fd\u0131rma\u011fa m\u00fcy\u0259ss\u0259r olublar.<\/p>\n<p>COP29 zaman\u0131 s\u0131naqdan \u00e7\u0131xm\u0131\u015f effektiv kommunikasiya modeli s\u00fcbut edib ki, d\u00f6vl\u0259t-media-c\u0259miyy\u0259t v\u0259hd\u0259ti ist\u0259nil\u0259n qlobal \u00e7a\u011f\u0131r\u0131\u015f\u0131n \u00f6hd\u0259sind\u0259n layiqinc\u0259 g\u0259lm\u0259y\u0259 imkan verir. \u0130nan\u0131r\u0131q ki, WUF13 zaman\u0131 da ox\u015far nailiyy\u0259tl\u0259rimiz t\u0259krarlanacaq v\u0259 daha b\u00f6y\u00fck pe\u015f\u0259kar u\u011furlara imza ataca\u011f\u0131q&#8221;.<\/p>\n","protected":false},"excerpt":{"rendered":"<p>COP29 zaman\u0131 s\u0131naqdan \u00e7\u0131xm\u0131\u015f effektiv kommunikasiya modeli s\u00fcbut edib ki, d\u00f6vl\u0259t-media-c\u0259miyy\u0259t v\u0259hd\u0259ti ist\u0259nil\u0259n qlobal \u00e7a\u011f\u0131r\u0131\u015f\u0131n \u00f6hd\u0259sind\u0259n layiqinc\u0259 g\u0259lm\u0259y\u0259 imkan verir. Musavat.com report.az-a istinad\u0259n\u00a0x\u0259b\u0259r verir ki, bunu Median\u0131n \u0130nki\u015faf\u0131 Agentliyinin (MED\u0130A) icra\u00e7\u0131 direktoru \u018fhm\u0259d \u0130smay\u0131lov &#8220;\u0130ctimai prosesl\u0259r media m\u00fcst\u0259visind\u0259&#8221; m\u00f6vzusunda III Forumun a\u00e7\u0131l\u0131\u015f m\u0259rasimind\u0259 deyib. Onun s\u00f6zl\u0259rin\u0259 g\u00f6r\u0259, bu il 17-22 may tarixl\u0259rind\u0259 ke\u00e7iril\u0259c\u0259k \u00dcmumd\u00fcnya \u015e\u0259h\u0259rsalma Forumunun On \u00dc\u00e7\u00fcnc\u00fc Sessiyas\u0131n\u0131n (WUF13) Bak\u0131da t\u0259\u015fkili Az\u0259rbaycan\u0131n \u015f\u0259h\u0259rsalma sah\u0259sind\u0259 \u0259ld\u0259 etdiyi u\u011furlar\u0131n beyn\u0259lxalq ictimaiyy\u0259t t\u0259r\u0259find\u0259n y\u00fcks\u0259k qiym\u0259tl\u0259ndirilm\u0259sinin g\u00f6st\u0259ricisidir. \u018f.\u0130smay\u0131lov qeyd edib ki, MED\u0130A v\u0259 WUF13 Az\u0259rbaycan \u018fm\u0259liyyat \u015eirk\u0259tinin birg\u0259 t\u0259\u015fkilat\u00e7\u0131l\u0131\u011f\u0131 il\u0259 &#8220;WUF13: Dayan\u0131ql\u0131 \u015f\u0259h\u0259rsalman\u0131n&hellip;<\/p>\n","protected":false},"author":2,"featured_media":850480,"comment_status":"closed","ping_status":"closed","sticky":false,"template":"","format":"standard","meta":{"om_disable_all_campaigns":false,"_monsterinsights_skip_tracking":false,"_monsterinsights_sitenote_active":false,"_monsterinsights_sitenote_note":"","_monsterinsights_sitenote_category":0},"categories":[1],"tags":[],"aioseo_notices":[],"gutentor_comment":0,"rttpg_featured_image_url":{"full":["https:\/\/arantv.az\/wp-content\/uploads\/2026\/05\/a2a21978a3540c16c90b3055608f07a1.jpg",870,500,false],"landscape":["https:\/\/arantv.az\/wp-content\/uploads\/2026\/05\/a2a21978a3540c16c90b3055608f07a1.jpg",870,500,false],"portraits":["https:\/\/arantv.az\/wp-content\/uploads\/2026\/05\/a2a21978a3540c16c90b3055608f07a1.jpg",870,500,false],"thumbnail":["https:\/\/arantv.az\/wp-content\/uploads\/2026\/05\/a2a21978a3540c16c90b3055608f07a1-500x280.jpg",500,280,true],"medium":["https:\/\/arantv.az\/wp-content\/uploads\/2026\/05\/a2a21978a3540c16c90b3055608f07a1-635x365.jpg",635,365,true],"large":["https:\/\/arantv.az\/wp-content\/uploads\/2026\/05\/a2a21978a3540c16c90b3055608f07a1-840x483.jpg",640,368,true],"1536x1536":["https:\/\/arantv.az\/wp-content\/uploads\/2026\/05\/a2a21978a3540c16c90b3055608f07a1.jpg",870,500,false],"2048x2048":["https:\/\/arantv.az\/wp-content\/uploads\/2026\/05\/a2a21978a3540c16c90b3055608f07a1.jpg",870,500,false],"post-thumbnail":["https:\/\/arantv.az\/wp-content\/uploads\/2026\/05\/a2a21978a3540c16c90b3055608f07a1-240x172.jpg",240,172,true],"advps-thumb-one":["https:\/\/arantv.az\/wp-content\/uploads\/2026\/05\/a2a21978a3540c16c90b3055608f07a1.jpg",870,500,false]},"rttpg_author":{"display_name":"V\u00fcsal Rafiqo\u011flu","author_link":"https:\/\/arantv.az\/?author=2"},"rttpg_comment":0,"rttpg_category":"<a href=\"https:\/\/arantv.az\/?cat=1\" rel=\"category\">C\u0259miyy\u0259t<\/a>","rttpg_excerpt":"COP29 zaman\u0131 s\u0131naqdan \u00e7\u0131xm\u0131\u015f effektiv kommunikasiya modeli s\u00fcbut edib ki, d\u00f6vl\u0259t-media-c\u0259miyy\u0259t v\u0259hd\u0259ti ist\u0259nil\u0259n qlobal \u00e7a\u011f\u0131r\u0131\u015f\u0131n \u00f6hd\u0259sind\u0259n layiqinc\u0259 g\u0259lm\u0259y\u0259 imkan verir. Musavat.com report.az-a istinad\u0259n\u00a0x\u0259b\u0259r verir ki, bunu Median\u0131n \u0130nki\u015faf\u0131 Agentliyinin (MED\u0130A) icra\u00e7\u0131 direktoru \u018fhm\u0259d \u0130smay\u0131lov &#8220;\u0130ctimai prosesl\u0259r media m\u00fcst\u0259visind\u0259&#8221; m\u00f6vzusunda III Forumun a\u00e7\u0131l\u0131\u015f m\u0259rasimind\u0259 deyib. Onun s\u00f6zl\u0259rin\u0259 g\u00f6r\u0259, bu il 17-22 may tarixl\u0259rind\u0259 ke\u00e7iril\u0259c\u0259k \u00dcmumd\u00fcnya \u015e\u0259h\u0259rsalma&hellip;","_links":{"self":[{"href":"https:\/\/arantv.az\/index.php?rest_route=\/wp\/v2\/posts\/850479"}],"collection":[{"href":"https:\/\/arantv.az\/index.php?rest_route=\/wp\/v2\/posts"}],"about":[{"href":"https:\/\/arantv.az\/index.php?rest_route=\/wp\/v2\/types\/post"}],"author":[{"embeddable":true,"href":"https:\/\/arantv.az\/index.php?rest_route=\/wp\/v2\/users\/2"}],"replies":[{"embeddable":true,"href":"https:\/\/arantv.az\/index.php?rest_route=%2Fwp%2Fv2%2Fcomments&post=850479"}],"version-history":[{"count":2,"href":"https:\/\/arantv.az\/index.php?rest_route=\/wp\/v2\/posts\/850479\/revisions"}],"predecessor-version":[{"id":850482,"href":"https:\/\/arantv.az\/index.php?rest_route=\/wp\/v2\/posts\/850479\/revisions\/850482"}],"wp:featuredmedia":[{"embeddable":true,"href":"https:\/\/arantv.az\/index.php?rest_route=\/wp\/v2\/media\/850480"}],"wp:attachment":[{"href":"https:\/\/arantv.az\/index.php?rest_route=%2Fwp%2Fv2%2Fmedia&parent=850479"}],"wp:term":[{"taxonomy":"category","embeddable":true,"href":"https:\/\/arantv.az\/index.php?rest_route=%2Fwp%2Fv2%2Fcategories&post=850479"},{"taxonomy":"post_tag","embeddable":true,"href":"https:\/\/arantv.az\/index.php?rest_route=%2Fwp%2Fv2%2Ftags&post=850479"}],"curies":[{"name":"wp","href":"https:\/\/api.w.org\/{rel}","templated":true}]}}