{"id":850487,"date":"2026-05-01T11:32:11","date_gmt":"2026-05-01T07:32:11","guid":{"rendered":"https:\/\/arantv.az\/?p=850487"},"modified":"2026-05-01T11:32:11","modified_gmt":"2026-05-01T07:32:11","slug":"bes-gun-ardicilis-olmayacaq-t%c9%99qvim","status":"publish","type":"post","link":"https:\/\/arantv.az\/?p=850487","title":{"rendered":"Be\u015f g\u00fcn ard\u0131c\u0131l\u0130\u015e OLMAYACAQ\u2013 T\u018fQV\u0130M"},"content":{"rendered":"<p>May ay\u0131nda Qurban bayram\u0131 v\u0259 M\u00fcst\u0259qillik G\u00fcn\u00fc il\u0259 \u0259laq\u0259dar ard\u0131c\u0131l 5 g\u00fcn qeyri-i\u015f g\u00fcn\u00fc olacaq.<\/p>\n<p>Bu bar\u0259d\u0259 Nazirl\u0259r Kabinetinin q\u0259rar\u0131nda qeyd olunub. Bel\u0259 ki, may\u0131n 27-28-i Qurban bayram\u0131na t\u0259sad\u00fcf edir. 28 may \u2013 M\u00fcst\u0259qillik G\u00fcn\u00fc d\u0259 qeyri-i\u015f g\u00fcn\u00fcd\u00fcr.<\/p>\n<p>Bayram g\u00fcnl\u0259rinin \u00fcst-\u00fcst\u0259 d\u00fc\u015fm\u0259si s\u0259b\u0259bind\u0259n 29 may da istirah\u0259t g\u00fcn\u00fc elan olunub. 30 v\u0259 31 may\u0131n h\u0259ft\u0259sonuna d\u00fc\u015fm\u0259si il\u0259 \u00fcmumilikd\u0259 27-31 may tarixl\u0259ri qeyri-i\u015f g\u00fcn\u00fc olacaq.\/Metbuat.az \/<\/p>\n","protected":false},"excerpt":{"rendered":"<p>May ay\u0131nda Qurban bayram\u0131 v\u0259 M\u00fcst\u0259qillik G\u00fcn\u00fc il\u0259 \u0259laq\u0259dar ard\u0131c\u0131l 5 g\u00fcn qeyri-i\u015f g\u00fcn\u00fc olacaq. Bu bar\u0259d\u0259 Nazirl\u0259r Kabinetinin q\u0259rar\u0131nda qeyd olunub. Bel\u0259 ki, may\u0131n 27-28-i Qurban bayram\u0131na t\u0259sad\u00fcf edir. 28 may \u2013 M\u00fcst\u0259qillik G\u00fcn\u00fc d\u0259 qeyri-i\u015f g\u00fcn\u00fcd\u00fcr. Bayram g\u00fcnl\u0259rinin \u00fcst-\u00fcst\u0259 d\u00fc\u015fm\u0259si s\u0259b\u0259bind\u0259n 29 may da istirah\u0259t g\u00fcn\u00fc elan olunub. 30 v\u0259 31 may\u0131n h\u0259ft\u0259sonuna d\u00fc\u015fm\u0259si il\u0259 \u00fcmumilikd\u0259 27-31 may tarixl\u0259ri qeyri-i\u015f g\u00fcn\u00fc olacaq.\/Metbuat.az \/<\/p>\n","protected":false},"author":2,"featured_media":850488,"comment_status":"closed","ping_status":"closed","sticky":false,"template":"","format":"standard","meta":{"om_disable_all_campaigns":false,"_monsterinsights_skip_tracking":false,"_monsterinsights_sitenote_active":false,"_monsterinsights_sitenote_note":"","_monsterinsights_sitenote_category":0},"categories":[1],"tags":[],"aioseo_notices":[],"gutentor_comment":0,"rttpg_featured_image_url":{"full":["https:\/\/arantv.az\/wp-content\/uploads\/2026\/05\/b5e54d7994a9a4174dbecab62e3aadd8.jpg",640,336,false],"landscape":["https:\/\/arantv.az\/wp-content\/uploads\/2026\/05\/b5e54d7994a9a4174dbecab62e3aadd8.jpg",640,336,false],"portraits":["https:\/\/arantv.az\/wp-content\/uploads\/2026\/05\/b5e54d7994a9a4174dbecab62e3aadd8.jpg",640,336,false],"thumbnail":["https:\/\/arantv.az\/wp-content\/uploads\/2026\/05\/b5e54d7994a9a4174dbecab62e3aadd8-500x280.jpg",500,280,true],"medium":["https:\/\/arantv.az\/wp-content\/uploads\/2026\/05\/b5e54d7994a9a4174dbecab62e3aadd8.jpg",640,336,false],"large":["https:\/\/arantv.az\/wp-content\/uploads\/2026\/05\/b5e54d7994a9a4174dbecab62e3aadd8.jpg",640,336,false],"1536x1536":["https:\/\/arantv.az\/wp-content\/uploads\/2026\/05\/b5e54d7994a9a4174dbecab62e3aadd8.jpg",640,336,false],"2048x2048":["https:\/\/arantv.az\/wp-content\/uploads\/2026\/05\/b5e54d7994a9a4174dbecab62e3aadd8.jpg",640,336,false],"post-thumbnail":["https:\/\/arantv.az\/wp-content\/uploads\/2026\/05\/b5e54d7994a9a4174dbecab62e3aadd8-240x172.jpg",240,172,true],"advps-thumb-one":["https:\/\/arantv.az\/wp-content\/uploads\/2026\/05\/b5e54d7994a9a4174dbecab62e3aadd8.jpg",640,336,false]},"rttpg_author":{"display_name":"V\u00fcsal Rafiqo\u011flu","author_link":"https:\/\/arantv.az\/?author=2"},"rttpg_comment":0,"rttpg_category":"<a href=\"https:\/\/arantv.az\/?cat=1\" rel=\"category\">C\u0259miyy\u0259t<\/a>","rttpg_excerpt":"May ay\u0131nda Qurban bayram\u0131 v\u0259 M\u00fcst\u0259qillik G\u00fcn\u00fc il\u0259 \u0259laq\u0259dar ard\u0131c\u0131l 5 g\u00fcn qeyri-i\u015f g\u00fcn\u00fc olacaq. Bu bar\u0259d\u0259 Nazirl\u0259r Kabinetinin q\u0259rar\u0131nda qeyd olunub. Bel\u0259 ki, may\u0131n 27-28-i Qurban bayram\u0131na t\u0259sad\u00fcf edir. 28 may \u2013 M\u00fcst\u0259qillik G\u00fcn\u00fc d\u0259 qeyri-i\u015f g\u00fcn\u00fcd\u00fcr. Bayram g\u00fcnl\u0259rinin \u00fcst-\u00fcst\u0259 d\u00fc\u015fm\u0259si s\u0259b\u0259bind\u0259n 29 may da istirah\u0259t g\u00fcn\u00fc elan olunub. 30 v\u0259 31 may\u0131n h\u0259ft\u0259sonuna&hellip;","_links":{"self":[{"href":"https:\/\/arantv.az\/index.php?rest_route=\/wp\/v2\/posts\/850487"}],"collection":[{"href":"https:\/\/arantv.az\/index.php?rest_route=\/wp\/v2\/posts"}],"about":[{"href":"https:\/\/arantv.az\/index.php?rest_route=\/wp\/v2\/types\/post"}],"author":[{"embeddable":true,"href":"https:\/\/arantv.az\/index.php?rest_route=\/wp\/v2\/users\/2"}],"replies":[{"embeddable":true,"href":"https:\/\/arantv.az\/index.php?rest_route=%2Fwp%2Fv2%2Fcomments&post=850487"}],"version-history":[{"count":2,"href":"https:\/\/arantv.az\/index.php?rest_route=\/wp\/v2\/posts\/850487\/revisions"}],"predecessor-version":[{"id":850490,"href":"https:\/\/arantv.az\/index.php?rest_route=\/wp\/v2\/posts\/850487\/revisions\/850490"}],"wp:featuredmedia":[{"embeddable":true,"href":"https:\/\/arantv.az\/index.php?rest_route=\/wp\/v2\/media\/850488"}],"wp:attachment":[{"href":"https:\/\/arantv.az\/index.php?rest_route=%2Fwp%2Fv2%2Fmedia&parent=850487"}],"wp:term":[{"taxonomy":"category","embeddable":true,"href":"https:\/\/arantv.az\/index.php?rest_route=%2Fwp%2Fv2%2Fcategories&post=850487"},{"taxonomy":"post_tag","embeddable":true,"href":"https:\/\/arantv.az\/index.php?rest_route=%2Fwp%2Fv2%2Ftags&post=850487"}],"curies":[{"name":"wp","href":"https:\/\/api.w.org\/{rel}","templated":true}]}}