{"id":850491,"date":"2026-05-01T12:43:12","date_gmt":"2026-05-01T08:43:12","guid":{"rendered":"https:\/\/arantv.az\/?p=850491"},"modified":"2026-05-01T12:43:12","modified_gmt":"2026-05-01T08:43:12","slug":"paytaxt-q%c9%99b%c9%99l%c9%99y%c9%99-kocurulur","status":"publish","type":"post","link":"https:\/\/arantv.az\/?p=850491","title":{"rendered":"Paytaxt Q\u0259b\u0259l\u0259y\u0259 k\u00f6\u00e7\u00fcr\u00fcl\u00fcr?"},"content":{"rendered":"<p>Son vaxtlar Q\u0259b\u0259l\u0259 \u015f\u0259h\u0259rind\u0259 bir s\u0131ra r\u0259smi t\u0259dbirl\u0259rin ke\u00e7irilm\u0259s paytaxt\u0131n k\u00f6\u00e7\u00fcr\u00fclm\u0259si il\u0259 ba\u011fl\u0131 m\u00fczakir\u0259l\u0259ri g\u00fcnd\u0259m\u0259 g\u0259lib. Co\u011frafi m\u00f6vqeyi v\u0259 t\u0259bii \u015f\u0259raiti \u00fcst\u00fcnl\u00fck kimi qeyd olunsa da, Bak\u0131 il\u0259 m\u00fcqayis\u0259d\u0259 m\u00f6vcud imkanlar\u0131 v\u0259 standartlara uy\u011funlu\u011fu suallar do\u011furur.<\/p>\n<p>Musavat.com\u00a0x\u0259b\u0259r verir ki, m\u00f6vzu il\u0259 ba\u011fl\u0131 a\u00e7\u0131qlama ver\u0259n iqtisad\u00e7\u0131 Xalid K\u0259rimli bildirib ki, paytaxt\u0131n k\u00f6\u00e7\u00fcr\u00fclm\u0259si absurd fikirdir.<\/p>\n<p>Ekspertin s\u00f6zl\u0259rin\u0259 g\u00f6r\u0259, d\u00f6vl\u0259tin bir \u00e7ox t\u0259dbirl\u0259rinin Q\u0259b\u0259l\u0259d\u0259 ke\u00e7irilm\u0259si \u00fc\u00e7\u00fcn yax\u015f\u0131 \u015f\u0259rait var. \u00c7ox m\u00fcsb\u0259t hald\u0131r ki, x\u00fcsusil\u0259 t\u0131xac \u015f\u0259raitind\u0259 r\u0259smi t\u0259dbirl\u0259r orada ke\u00e7irilir. H\u0259m d\u0259 ola bilsin ki, t\u0259hl\u00fck\u0259sizlik m\u0259s\u0259l\u0259l\u0259ri daha yax\u015f\u0131 h\u0259ll oluna bilir, x\u00fcsusil\u0259 indiki g\u0259rgin vaxtda\u2026 \u00c7\u00fcnki Az\u0259rbaycan\u0131n ortas\u0131nda yerl\u0259\u015fir. Bak\u0131n\u0131n paytaxt kimi formala\u015fmas\u0131, infrastrukturun bu yer\u0259 g\u0259lm\u0259sin\u0259 y\u00fcz milyardlarla pul x\u0259rcl\u0259nib. T\u0259kc\u0259 m\u00fcst\u0259qillik d\u00f6vr\u00fcnd\u0259 deyil, Sovet d\u00f6vr\u00fcnd\u0259 d\u0259, ondan da \u0259vv\u0259l \u2013 XVIII-XIX-cu \u0259srl\u0259rin ortalar\u0131ndan Bak\u0131n\u0131n paytaxt kimi formala\u015fd\u0131r\u0131lmas\u0131 istiqam\u0259tind\u0259 i\u015fl\u0259r gedib, yat\u0131r\u0131mlar edilib. B\u00f6y\u00fck investisiyadan s\u00f6hb\u0259t gedir. \u0130ndi g\u00f6t\u00fcr\u00fcb bu q\u0259d\u0259r binalar\u0131 ba\u015fqa yerd\u0259 tikm\u0259k v\u0259 s. \u00f6lk\u0259 \u00fc\u00e7\u00fcn \u0259lav\u0259 y\u00fck yaradar, \u00f6lk\u0259nin resurslar\u0131n\u0131n s\u0259m\u0259r\u0259siz x\u0259rcl\u0259nm\u0259sin\u0259 g\u0259tirib \u00e7\u0131xara bil\u0259r. Bel\u0259 d\u00fczg\u00fcn se\u00e7im olsayd\u0131, onda ham\u0131 paytaxt\u0131 g\u00f6t\u00fcr\u00fcb \u0259razil\u0259rd\u0259 g\u0259zdir\u0259rdi, b\u00fct\u00fcn \u0259razil\u0259r inki\u015faf etmi\u015f olard\u0131. \u00dcmumiyy\u0259tl\u0259, paytaxt\u0131n d\u0259yi\u015fdirilm\u0259si il\u0259 ba\u011fl\u0131 m\u00fczakir\u0259l\u0259rin he\u00e7 bir arqumentini x\u00fcsusil\u0259 inki\u015faf m\u0259qs\u0259dil\u0259 \u0259laq\u0259l\u0259ndir\u0259nd\u0259 q\u0259bul v\u0259 d\u00fczg\u00fcn hesab etmir\u0259m\u201d.\/\/pravda.az<\/p>\n","protected":false},"excerpt":{"rendered":"<p>Son vaxtlar Q\u0259b\u0259l\u0259 \u015f\u0259h\u0259rind\u0259 bir s\u0131ra r\u0259smi t\u0259dbirl\u0259rin ke\u00e7irilm\u0259s paytaxt\u0131n k\u00f6\u00e7\u00fcr\u00fclm\u0259si il\u0259 ba\u011fl\u0131 m\u00fczakir\u0259l\u0259ri g\u00fcnd\u0259m\u0259 g\u0259lib. Co\u011frafi m\u00f6vqeyi v\u0259 t\u0259bii \u015f\u0259raiti \u00fcst\u00fcnl\u00fck kimi qeyd olunsa da, Bak\u0131 il\u0259 m\u00fcqayis\u0259d\u0259 m\u00f6vcud imkanlar\u0131 v\u0259 standartlara uy\u011funlu\u011fu suallar do\u011furur. Musavat.com\u00a0x\u0259b\u0259r verir ki, m\u00f6vzu il\u0259 ba\u011fl\u0131 a\u00e7\u0131qlama ver\u0259n iqtisad\u00e7\u0131 Xalid K\u0259rimli bildirib ki, paytaxt\u0131n k\u00f6\u00e7\u00fcr\u00fclm\u0259si absurd fikirdir. Ekspertin s\u00f6zl\u0259rin\u0259 g\u00f6r\u0259, d\u00f6vl\u0259tin bir \u00e7ox t\u0259dbirl\u0259rinin Q\u0259b\u0259l\u0259d\u0259 ke\u00e7irilm\u0259si \u00fc\u00e7\u00fcn yax\u015f\u0131 \u015f\u0259rait var. \u00c7ox m\u00fcsb\u0259t hald\u0131r ki, x\u00fcsusil\u0259 t\u0131xac \u015f\u0259raitind\u0259 r\u0259smi t\u0259dbirl\u0259r orada ke\u00e7irilir. H\u0259m d\u0259 ola bilsin ki, t\u0259hl\u00fck\u0259sizlik m\u0259s\u0259l\u0259l\u0259ri daha yax\u015f\u0131 h\u0259ll oluna bilir, x\u00fcsusil\u0259&hellip;<\/p>\n","protected":false},"author":2,"featured_media":850492,"comment_status":"closed","ping_status":"closed","sticky":false,"template":"","format":"standard","meta":{"om_disable_all_campaigns":false,"_monsterinsights_skip_tracking":false,"_monsterinsights_sitenote_active":false,"_monsterinsights_sitenote_note":"","_monsterinsights_sitenote_category":0},"categories":[1],"tags":[],"aioseo_notices":[],"gutentor_comment":0,"rttpg_featured_image_url":{"full":["https:\/\/arantv.az\/wp-content\/uploads\/2026\/05\/ab1a412e25df260cdbec16319b366f18.jpg",640,336,false],"landscape":["https:\/\/arantv.az\/wp-content\/uploads\/2026\/05\/ab1a412e25df260cdbec16319b366f18.jpg",640,336,false],"portraits":["https:\/\/arantv.az\/wp-content\/uploads\/2026\/05\/ab1a412e25df260cdbec16319b366f18.jpg",640,336,false],"thumbnail":["https:\/\/arantv.az\/wp-content\/uploads\/2026\/05\/ab1a412e25df260cdbec16319b366f18-500x280.jpg",500,280,true],"medium":["https:\/\/arantv.az\/wp-content\/uploads\/2026\/05\/ab1a412e25df260cdbec16319b366f18.jpg",640,336,false],"large":["https:\/\/arantv.az\/wp-content\/uploads\/2026\/05\/ab1a412e25df260cdbec16319b366f18.jpg",640,336,false],"1536x1536":["https:\/\/arantv.az\/wp-content\/uploads\/2026\/05\/ab1a412e25df260cdbec16319b366f18.jpg",640,336,false],"2048x2048":["https:\/\/arantv.az\/wp-content\/uploads\/2026\/05\/ab1a412e25df260cdbec16319b366f18.jpg",640,336,false],"post-thumbnail":["https:\/\/arantv.az\/wp-content\/uploads\/2026\/05\/ab1a412e25df260cdbec16319b366f18-240x172.jpg",240,172,true],"advps-thumb-one":["https:\/\/arantv.az\/wp-content\/uploads\/2026\/05\/ab1a412e25df260cdbec16319b366f18.jpg",640,336,false]},"rttpg_author":{"display_name":"V\u00fcsal Rafiqo\u011flu","author_link":"https:\/\/arantv.az\/?author=2"},"rttpg_comment":0,"rttpg_category":"<a href=\"https:\/\/arantv.az\/?cat=1\" rel=\"category\">C\u0259miyy\u0259t<\/a>","rttpg_excerpt":"Son vaxtlar Q\u0259b\u0259l\u0259 \u015f\u0259h\u0259rind\u0259 bir s\u0131ra r\u0259smi t\u0259dbirl\u0259rin ke\u00e7irilm\u0259s paytaxt\u0131n k\u00f6\u00e7\u00fcr\u00fclm\u0259si il\u0259 ba\u011fl\u0131 m\u00fczakir\u0259l\u0259ri g\u00fcnd\u0259m\u0259 g\u0259lib. Co\u011frafi m\u00f6vqeyi v\u0259 t\u0259bii \u015f\u0259raiti \u00fcst\u00fcnl\u00fck kimi qeyd olunsa da, Bak\u0131 il\u0259 m\u00fcqayis\u0259d\u0259 m\u00f6vcud imkanlar\u0131 v\u0259 standartlara uy\u011funlu\u011fu suallar do\u011furur. Musavat.com\u00a0x\u0259b\u0259r verir ki, m\u00f6vzu il\u0259 ba\u011fl\u0131 a\u00e7\u0131qlama ver\u0259n iqtisad\u00e7\u0131 Xalid K\u0259rimli bildirib ki, paytaxt\u0131n k\u00f6\u00e7\u00fcr\u00fclm\u0259si absurd fikirdir. Ekspertin s\u00f6zl\u0259rin\u0259&hellip;","_links":{"self":[{"href":"https:\/\/arantv.az\/index.php?rest_route=\/wp\/v2\/posts\/850491"}],"collection":[{"href":"https:\/\/arantv.az\/index.php?rest_route=\/wp\/v2\/posts"}],"about":[{"href":"https:\/\/arantv.az\/index.php?rest_route=\/wp\/v2\/types\/post"}],"author":[{"embeddable":true,"href":"https:\/\/arantv.az\/index.php?rest_route=\/wp\/v2\/users\/2"}],"replies":[{"embeddable":true,"href":"https:\/\/arantv.az\/index.php?rest_route=%2Fwp%2Fv2%2Fcomments&post=850491"}],"version-history":[{"count":2,"href":"https:\/\/arantv.az\/index.php?rest_route=\/wp\/v2\/posts\/850491\/revisions"}],"predecessor-version":[{"id":850494,"href":"https:\/\/arantv.az\/index.php?rest_route=\/wp\/v2\/posts\/850491\/revisions\/850494"}],"wp:featuredmedia":[{"embeddable":true,"href":"https:\/\/arantv.az\/index.php?rest_route=\/wp\/v2\/media\/850492"}],"wp:attachment":[{"href":"https:\/\/arantv.az\/index.php?rest_route=%2Fwp%2Fv2%2Fmedia&parent=850491"}],"wp:term":[{"taxonomy":"category","embeddable":true,"href":"https:\/\/arantv.az\/index.php?rest_route=%2Fwp%2Fv2%2Fcategories&post=850491"},{"taxonomy":"post_tag","embeddable":true,"href":"https:\/\/arantv.az\/index.php?rest_route=%2Fwp%2Fv2%2Ftags&post=850491"}],"curies":[{"name":"wp","href":"https:\/\/api.w.org\/{rel}","templated":true}]}}