{"id":850499,"date":"2026-05-01T12:44:59","date_gmt":"2026-05-01T08:44:59","guid":{"rendered":"https:\/\/arantv.az\/?p=850499"},"modified":"2026-05-01T12:44:59","modified_gmt":"2026-05-01T08:44:59","slug":"milli-m%c9%99clisd%c9%99-komissiya-yaradildi-s%c9%99b%c9%99b","status":"publish","type":"post","link":"https:\/\/arantv.az\/?p=850499","title":{"rendered":"Milli M\u0259clisd\u0259 komissiya yarad\u0131ld\u0131 &#8211; s\u0259b\u0259b?"},"content":{"rendered":"<p><strong>Avropa Parlamentinin Az\u0259rbaycana qar\u015f\u0131 q\u0259r\u0259zli, t\u0259xrubat\u00e7\u0131 f\u0259aliyy\u0259tin\u0259 etiraz olaraq Milli M\u0259clisin q\u0259rar layih\u0259sinin haz\u0131rlanmas\u0131 bar\u0259d\u0259 t\u0259\u015f\u0259bb\u00fcsl\u0259r\u0259 spiker Sahib\u0259 Qafarova da d\u0259st\u0259k verib.<\/strong><\/p>\n<p><strong>Musavat.com<\/strong>-un m\u0259lumat\u0131na g\u00f6r\u0259, spikerin t\u0259klifi il\u0259 q\u0259rar layih\u0259sinin haz\u0131rlanmas\u0131 \u00fc\u00e7\u00fcn komissiya yarad\u0131l\u0131b. Ziyaf\u0259t \u018fsg\u0259rov, Fazil Mustafa, M\u00fcbariz Qurbanl\u0131, Tural G\u0259nc\u0259liyev, S\u0259bin\u0259 Xasayeva, Jal\u0259 \u018fliyeva v\u0259 Tahir Mirki\u015filid\u0259n ibar\u0259t komissiya yarad\u0131ld\u0131.<\/p>\n<p>Q\u0259rar layih\u0259sind\u0259 Avropa Parlamenti v\u0259 \u201cAvronest\u201dl\u0259 ba\u011fl\u0131 k\u0259skin m\u00f6vqeyin ifad\u0259 olunmas\u0131 g\u00f6zl\u0259nilir.<\/p>\n<p><strong>E.Pa\u015fasoy,<\/strong><br \/>\n<strong>Musavat.com<\/strong><\/p>\n","protected":false},"excerpt":{"rendered":"<p>Avropa Parlamentinin Az\u0259rbaycana qar\u015f\u0131 q\u0259r\u0259zli, t\u0259xrubat\u00e7\u0131 f\u0259aliyy\u0259tin\u0259 etiraz olaraq Milli M\u0259clisin q\u0259rar layih\u0259sinin haz\u0131rlanmas\u0131 bar\u0259d\u0259 t\u0259\u015f\u0259bb\u00fcsl\u0259r\u0259 spiker Sahib\u0259 Qafarova da d\u0259st\u0259k verib. Musavat.com-un m\u0259lumat\u0131na g\u00f6r\u0259, spikerin t\u0259klifi il\u0259 q\u0259rar layih\u0259sinin haz\u0131rlanmas\u0131 \u00fc\u00e7\u00fcn komissiya yarad\u0131l\u0131b. Ziyaf\u0259t \u018fsg\u0259rov, Fazil Mustafa, M\u00fcbariz Qurbanl\u0131, Tural G\u0259nc\u0259liyev, S\u0259bin\u0259 Xasayeva, Jal\u0259 \u018fliyeva v\u0259 Tahir Mirki\u015filid\u0259n ibar\u0259t komissiya yarad\u0131ld\u0131. Q\u0259rar layih\u0259sind\u0259 Avropa Parlamenti v\u0259 \u201cAvronest\u201dl\u0259 ba\u011fl\u0131 k\u0259skin m\u00f6vqeyin ifad\u0259 olunmas\u0131 g\u00f6zl\u0259nilir. E.Pa\u015fasoy, Musavat.com<\/p>\n","protected":false},"author":2,"featured_media":850500,"comment_status":"closed","ping_status":"closed","sticky":false,"template":"","format":"standard","meta":{"om_disable_all_campaigns":false,"_monsterinsights_skip_tracking":false,"_monsterinsights_sitenote_active":false,"_monsterinsights_sitenote_note":"","_monsterinsights_sitenote_category":0},"categories":[19],"tags":[],"aioseo_notices":[],"gutentor_comment":0,"rttpg_featured_image_url":{"full":["https:\/\/arantv.az\/wp-content\/uploads\/2026\/05\/c1abd871e8cb5b9fe7b666e5ce5954dd.jpg",870,500,false],"landscape":["https:\/\/arantv.az\/wp-content\/uploads\/2026\/05\/c1abd871e8cb5b9fe7b666e5ce5954dd.jpg",870,500,false],"portraits":["https:\/\/arantv.az\/wp-content\/uploads\/2026\/05\/c1abd871e8cb5b9fe7b666e5ce5954dd.jpg",870,500,false],"thumbnail":["https:\/\/arantv.az\/wp-content\/uploads\/2026\/05\/c1abd871e8cb5b9fe7b666e5ce5954dd-500x280.jpg",500,280,true],"medium":["https:\/\/arantv.az\/wp-content\/uploads\/2026\/05\/c1abd871e8cb5b9fe7b666e5ce5954dd-635x365.jpg",635,365,true],"large":["https:\/\/arantv.az\/wp-content\/uploads\/2026\/05\/c1abd871e8cb5b9fe7b666e5ce5954dd-840x483.jpg",640,368,true],"1536x1536":["https:\/\/arantv.az\/wp-content\/uploads\/2026\/05\/c1abd871e8cb5b9fe7b666e5ce5954dd.jpg",870,500,false],"2048x2048":["https:\/\/arantv.az\/wp-content\/uploads\/2026\/05\/c1abd871e8cb5b9fe7b666e5ce5954dd.jpg",870,500,false],"post-thumbnail":["https:\/\/arantv.az\/wp-content\/uploads\/2026\/05\/c1abd871e8cb5b9fe7b666e5ce5954dd-240x172.jpg",240,172,true],"advps-thumb-one":["https:\/\/arantv.az\/wp-content\/uploads\/2026\/05\/c1abd871e8cb5b9fe7b666e5ce5954dd.jpg",870,500,false]},"rttpg_author":{"display_name":"V\u00fcsal Rafiqo\u011flu","author_link":"https:\/\/arantv.az\/?author=2"},"rttpg_comment":0,"rttpg_category":"<a href=\"https:\/\/arantv.az\/?cat=19\" rel=\"category\">G\u00fcnd\u0259m<\/a>","rttpg_excerpt":"Avropa Parlamentinin Az\u0259rbaycana qar\u015f\u0131 q\u0259r\u0259zli, t\u0259xrubat\u00e7\u0131 f\u0259aliyy\u0259tin\u0259 etiraz olaraq Milli M\u0259clisin q\u0259rar layih\u0259sinin haz\u0131rlanmas\u0131 bar\u0259d\u0259 t\u0259\u015f\u0259bb\u00fcsl\u0259r\u0259 spiker Sahib\u0259 Qafarova da d\u0259st\u0259k verib. Musavat.com-un m\u0259lumat\u0131na g\u00f6r\u0259, spikerin t\u0259klifi il\u0259 q\u0259rar layih\u0259sinin haz\u0131rlanmas\u0131 \u00fc\u00e7\u00fcn komissiya yarad\u0131l\u0131b. Ziyaf\u0259t \u018fsg\u0259rov, Fazil Mustafa, M\u00fcbariz Qurbanl\u0131, Tural G\u0259nc\u0259liyev, S\u0259bin\u0259 Xasayeva, Jal\u0259 \u018fliyeva v\u0259 Tahir Mirki\u015filid\u0259n ibar\u0259t komissiya yarad\u0131ld\u0131. Q\u0259rar layih\u0259sind\u0259 Avropa&hellip;","_links":{"self":[{"href":"https:\/\/arantv.az\/index.php?rest_route=\/wp\/v2\/posts\/850499"}],"collection":[{"href":"https:\/\/arantv.az\/index.php?rest_route=\/wp\/v2\/posts"}],"about":[{"href":"https:\/\/arantv.az\/index.php?rest_route=\/wp\/v2\/types\/post"}],"author":[{"embeddable":true,"href":"https:\/\/arantv.az\/index.php?rest_route=\/wp\/v2\/users\/2"}],"replies":[{"embeddable":true,"href":"https:\/\/arantv.az\/index.php?rest_route=%2Fwp%2Fv2%2Fcomments&post=850499"}],"version-history":[{"count":1,"href":"https:\/\/arantv.az\/index.php?rest_route=\/wp\/v2\/posts\/850499\/revisions"}],"predecessor-version":[{"id":850501,"href":"https:\/\/arantv.az\/index.php?rest_route=\/wp\/v2\/posts\/850499\/revisions\/850501"}],"wp:featuredmedia":[{"embeddable":true,"href":"https:\/\/arantv.az\/index.php?rest_route=\/wp\/v2\/media\/850500"}],"wp:attachment":[{"href":"https:\/\/arantv.az\/index.php?rest_route=%2Fwp%2Fv2%2Fmedia&parent=850499"}],"wp:term":[{"taxonomy":"category","embeddable":true,"href":"https:\/\/arantv.az\/index.php?rest_route=%2Fwp%2Fv2%2Fcategories&post=850499"},{"taxonomy":"post_tag","embeddable":true,"href":"https:\/\/arantv.az\/index.php?rest_route=%2Fwp%2Fv2%2Ftags&post=850499"}],"curies":[{"name":"wp","href":"https:\/\/api.w.org\/{rel}","templated":true}]}}