{"id":850514,"date":"2026-05-01T14:02:32","date_gmt":"2026-05-01T10:02:32","guid":{"rendered":"https:\/\/arantv.az\/?p=850514"},"modified":"2026-05-01T14:02:32","modified_gmt":"2026-05-01T10:02:32","slug":"hikm%c9%99t-haciyev-diplomatik-korpusun-qarabaga-s%c9%99f%c9%99ri-il%c9%99-bagli-video-paylasdi","status":"publish","type":"post","link":"https:\/\/arantv.az\/?p=850514","title":{"rendered":"Hikm\u0259t Hac\u0131yev diplomatik korpusun Qaraba\u011fa s\u0259f\u0259ri il\u0259 ba\u011fl\u0131 video payla\u015fd\u0131"},"content":{"rendered":"<p><strong>Az\u0259rbaycan Prezidentin k\u00f6m\u0259k\u00e7isi, Prezident Administrasiyas\u0131n\u0131n (PA) Xarici siyas\u0259t m\u0259s\u0259l\u0259l\u0259ri \u015f\u00f6b\u0259sinin m\u00fcdiri Hikm\u0259t Hac\u0131yev diplomatik korpusun \u00fczvl\u0259ri il\u0259 birlikd\u0259 Qaraba\u011fa s\u0259f\u0259ri bar\u0259d\u0259 video payla\u015f\u0131b.<\/strong><\/p>\n<p><strong>Musavat.com\u00a0<\/strong>\u0259b\u0259r verir ki, Prezidentin k\u00f6m\u0259k\u00e7isi \u00f6z\u00fcn\u00fcn \u201cX\u201d sosial media hesab\u0131ndak\u0131 payla\u015f\u0131m\u0131nda yaz\u0131b:<\/p>\n<p>\u201cBiz diplomatik korpusun \u00fczvl\u0259ri il\u0259 birlikd\u0259 Qaraba\u011fa s\u0259f\u0259r edirik. S\u0259f\u0259rimiz Xocal\u0131 Soyq\u0131r\u0131m\u0131 Memorial\u0131n\u0131 ziyar\u0259tl\u0259 ba\u015flad\u0131. Ke\u00e7mi\u015fin b\u0259zi xatir\u0259l\u0259rin\u0259 g\u00f6z yuma bilm\u0259rik. Xocal\u0131 qurbanlar\u0131n\u0131n \u0259ziz xatir\u0259sini d\u0259rin ehtiramla yad etdik\u201d.<\/p>\n<div class=\"rIframe\">\n<div class=\"twitter-tweet twitter-tweet-rendered\"><iframe loading=\"lazy\" id=\"twitter-widget-0\" class=\"\" title=\"X Post\" src=\"https:\/\/platform.twitter.com\/embed\/Tweet.html?dnt=false&amp;embedId=twitter-widget-0&amp;features=eyJ0ZndfdGltZWxpbmVfbGlzdCI6eyJidWNrZXQiOltdLCJ2ZXJzaW9uIjpudWxsfSwidGZ3X2ZvbGxvd2VyX2NvdW50X3N1bnNldCI6eyJidWNrZXQiOnRydWUsInZlcnNpb24iOm51bGx9LCJ0ZndfdHdlZXRfZWRpdF9iYWNrZW5kIjp7ImJ1Y2tldCI6Im9uIiwidmVyc2lvbiI6bnVsbH0sInRmd19yZWZzcmNfc2Vzc2lvbiI6eyJidWNrZXQiOiJvbiIsInZlcnNpb24iOm51bGx9LCJ0ZndfZm9zbnJfc29mdF9pbnRlcnZlbnRpb25zX2VuYWJsZWQiOnsiYnVja2V0Ijoib24iLCJ2ZXJzaW9uIjpudWxsfSwidGZ3X21peGVkX21lZGlhXzE1ODk3Ijp7ImJ1Y2tldCI6InRyZWF0bWVudCIsInZlcnNpb24iOm51bGx9LCJ0ZndfZXhwZXJpbWVudHNfY29va2llX2V4cGlyYXRpb24iOnsiYnVja2V0IjoxMjA5NjAwLCJ2ZXJzaW9uIjpudWxsfSwidGZ3X3Nob3dfYmlyZHdhdGNoX3Bpdm90c19lbmFibGVkIjp7ImJ1Y2tldCI6Im9uIiwidmVyc2lvbiI6bnVsbH0sInRmd19kdXBsaWNhdGVfc2NyaWJlc190b19zZXR0aW5ncyI6eyJidWNrZXQiOiJvbiIsInZlcnNpb24iOm51bGx9LCJ0ZndfdXNlX3Byb2ZpbGVfaW1hZ2Vfc2hhcGVfZW5hYmxlZCI6eyJidWNrZXQiOiJvbiIsInZlcnNpb24iOm51bGx9LCJ0ZndfdmlkZW9faGxzX2R5bmFtaWNfbWFuaWZlc3RzXzE1MDgyIjp7ImJ1Y2tldCI6InRydWVfYml0cmF0ZSIsInZlcnNpb24iOm51bGx9LCJ0ZndfbGVnYWN5X3RpbWVsaW5lX3N1bnNldCI6eyJidWNrZXQiOnRydWUsInZlcnNpb24iOm51bGx9LCJ0ZndfdHdlZXRfZWRpdF9mcm9udGVuZCI6eyJidWNrZXQiOiJvbiIsInZlcnNpb24iOm51bGx9fQ%3D%3D&amp;frame=false&amp;hideCard=false&amp;hideThread=false&amp;id=2050135441421324603&amp;lang=en&amp;origin=https%3A%2F%2Funikal.az%2Fnews%2F528018%2Fhikmet-haciyev-diplomatik-korpusun-qarabaga-seferi-ile-bagli-video-paylasdi&amp;sessionId=5ec6ca5b9875887d8ebbc7e04efab7492fc494cc&amp;theme=light&amp;widgetsVersion=2615f7e52b7e0%3A1702314776716&amp;width=550px\" width=\"600\" height=\"600\" frameborder=\"0\" scrolling=\"no\" allowfullscreen=\"allowfullscreen\" data-tweet-id=\"2050135441421324603\" data-mce-fragment=\"1\"><\/iframe><\/div>\n<\/div>\n","protected":false},"excerpt":{"rendered":"<p>Az\u0259rbaycan Prezidentin k\u00f6m\u0259k\u00e7isi, Prezident Administrasiyas\u0131n\u0131n (PA) Xarici siyas\u0259t m\u0259s\u0259l\u0259l\u0259ri \u015f\u00f6b\u0259sinin m\u00fcdiri Hikm\u0259t Hac\u0131yev diplomatik korpusun \u00fczvl\u0259ri il\u0259 birlikd\u0259 Qaraba\u011fa s\u0259f\u0259ri bar\u0259d\u0259 video payla\u015f\u0131b. Musavat.com\u00a0\u0259b\u0259r verir ki, Prezidentin k\u00f6m\u0259k\u00e7isi \u00f6z\u00fcn\u00fcn \u201cX\u201d sosial media hesab\u0131ndak\u0131 payla\u015f\u0131m\u0131nda yaz\u0131b: \u201cBiz diplomatik korpusun \u00fczvl\u0259ri il\u0259 birlikd\u0259 Qaraba\u011fa s\u0259f\u0259r edirik. S\u0259f\u0259rimiz Xocal\u0131 Soyq\u0131r\u0131m\u0131 Memorial\u0131n\u0131 ziyar\u0259tl\u0259 ba\u015flad\u0131. Ke\u00e7mi\u015fin b\u0259zi xatir\u0259l\u0259rin\u0259 g\u00f6z yuma bilm\u0259rik. Xocal\u0131 qurbanlar\u0131n\u0131n \u0259ziz xatir\u0259sini d\u0259rin ehtiramla yad etdik\u201d.<\/p>\n","protected":false},"author":2,"featured_media":850515,"comment_status":"closed","ping_status":"closed","sticky":false,"template":"","format":"standard","meta":{"om_disable_all_campaigns":false,"_monsterinsights_skip_tracking":false,"_monsterinsights_sitenote_active":false,"_monsterinsights_sitenote_note":"","_monsterinsights_sitenote_category":0},"categories":[4],"tags":[],"aioseo_notices":[],"gutentor_comment":0,"rttpg_featured_image_url":{"full":["https:\/\/arantv.az\/wp-content\/uploads\/2026\/05\/e4d6cfd342d4ca7c162dbd43eb845ef3.jpg",600,400,false],"landscape":["https:\/\/arantv.az\/wp-content\/uploads\/2026\/05\/e4d6cfd342d4ca7c162dbd43eb845ef3.jpg",600,400,false],"portraits":["https:\/\/arantv.az\/wp-content\/uploads\/2026\/05\/e4d6cfd342d4ca7c162dbd43eb845ef3.jpg",600,400,false],"thumbnail":["https:\/\/arantv.az\/wp-content\/uploads\/2026\/05\/e4d6cfd342d4ca7c162dbd43eb845ef3-500x280.jpg",500,280,true],"medium":["https:\/\/arantv.az\/wp-content\/uploads\/2026\/05\/e4d6cfd342d4ca7c162dbd43eb845ef3-548x365.jpg",548,365,true],"large":["https:\/\/arantv.az\/wp-content\/uploads\/2026\/05\/e4d6cfd342d4ca7c162dbd43eb845ef3.jpg",600,400,false],"1536x1536":["https:\/\/arantv.az\/wp-content\/uploads\/2026\/05\/e4d6cfd342d4ca7c162dbd43eb845ef3.jpg",600,400,false],"2048x2048":["https:\/\/arantv.az\/wp-content\/uploads\/2026\/05\/e4d6cfd342d4ca7c162dbd43eb845ef3.jpg",600,400,false],"post-thumbnail":["https:\/\/arantv.az\/wp-content\/uploads\/2026\/05\/e4d6cfd342d4ca7c162dbd43eb845ef3-240x172.jpg",240,172,true],"advps-thumb-one":["https:\/\/arantv.az\/wp-content\/uploads\/2026\/05\/e4d6cfd342d4ca7c162dbd43eb845ef3.jpg",600,400,false]},"rttpg_author":{"display_name":"V\u00fcsal Rafiqo\u011flu","author_link":"https:\/\/arantv.az\/?author=2"},"rttpg_comment":0,"rttpg_category":"<a href=\"https:\/\/arantv.az\/?cat=4\" rel=\"category\">Siyas\u0259t<\/a>","rttpg_excerpt":"Az\u0259rbaycan Prezidentin k\u00f6m\u0259k\u00e7isi, Prezident Administrasiyas\u0131n\u0131n (PA) Xarici siyas\u0259t m\u0259s\u0259l\u0259l\u0259ri \u015f\u00f6b\u0259sinin m\u00fcdiri Hikm\u0259t Hac\u0131yev diplomatik korpusun \u00fczvl\u0259ri il\u0259 birlikd\u0259 Qaraba\u011fa s\u0259f\u0259ri bar\u0259d\u0259 video payla\u015f\u0131b. Musavat.com\u00a0\u0259b\u0259r verir ki, Prezidentin k\u00f6m\u0259k\u00e7isi \u00f6z\u00fcn\u00fcn \u201cX\u201d sosial media hesab\u0131ndak\u0131 payla\u015f\u0131m\u0131nda yaz\u0131b: \u201cBiz diplomatik korpusun \u00fczvl\u0259ri il\u0259 birlikd\u0259 Qaraba\u011fa s\u0259f\u0259r edirik. S\u0259f\u0259rimiz Xocal\u0131 Soyq\u0131r\u0131m\u0131 Memorial\u0131n\u0131 ziyar\u0259tl\u0259 ba\u015flad\u0131. Ke\u00e7mi\u015fin b\u0259zi xatir\u0259l\u0259rin\u0259 g\u00f6z yuma&hellip;","_links":{"self":[{"href":"https:\/\/arantv.az\/index.php?rest_route=\/wp\/v2\/posts\/850514"}],"collection":[{"href":"https:\/\/arantv.az\/index.php?rest_route=\/wp\/v2\/posts"}],"about":[{"href":"https:\/\/arantv.az\/index.php?rest_route=\/wp\/v2\/types\/post"}],"author":[{"embeddable":true,"href":"https:\/\/arantv.az\/index.php?rest_route=\/wp\/v2\/users\/2"}],"replies":[{"embeddable":true,"href":"https:\/\/arantv.az\/index.php?rest_route=%2Fwp%2Fv2%2Fcomments&post=850514"}],"version-history":[{"count":2,"href":"https:\/\/arantv.az\/index.php?rest_route=\/wp\/v2\/posts\/850514\/revisions"}],"predecessor-version":[{"id":850517,"href":"https:\/\/arantv.az\/index.php?rest_route=\/wp\/v2\/posts\/850514\/revisions\/850517"}],"wp:featuredmedia":[{"embeddable":true,"href":"https:\/\/arantv.az\/index.php?rest_route=\/wp\/v2\/media\/850515"}],"wp:attachment":[{"href":"https:\/\/arantv.az\/index.php?rest_route=%2Fwp%2Fv2%2Fmedia&parent=850514"}],"wp:term":[{"taxonomy":"category","embeddable":true,"href":"https:\/\/arantv.az\/index.php?rest_route=%2Fwp%2Fv2%2Fcategories&post=850514"},{"taxonomy":"post_tag","embeddable":true,"href":"https:\/\/arantv.az\/index.php?rest_route=%2Fwp%2Fv2%2Ftags&post=850514"}],"curies":[{"name":"wp","href":"https:\/\/api.w.org\/{rel}","templated":true}]}}