{"id":850525,"date":"2026-05-01T14:05:47","date_gmt":"2026-05-01T10:05:47","guid":{"rendered":"https:\/\/arantv.az\/?p=850525"},"modified":"2026-05-01T14:05:47","modified_gmt":"2026-05-01T10:05:47","slug":"susa-onun-arxiv-fotolari-%c9%99sasinda-b%c9%99rpa-edilir","status":"publish","type":"post","link":"https:\/\/arantv.az\/?p=850525","title":{"rendered":"\u015eu\u015fa onun arxiv fotolar\u0131 \u0259sas\u0131nda b\u0259rpa edilir"},"content":{"rendered":"<p><strong>\u015eu\u015fa \u015f\u0259h\u0259rinin azad olunmas\u0131ndan sonra onun tarixi g\u00f6rk\u0259minin b\u0259rpas\u0131nda memar Elturan Axundovun \u015f\u0259xsi arxiv materiallar\u0131ndan istifad\u0259 edilir.<\/strong><\/p>\n<p><strong>Musavat.com<\/strong>\u00a0x\u0259b\u0259r verir ki, bu bar\u0259d\u0259 \u201cAz\u0259rbaycan E\u011fitim ve K\u00fclt\u00fcr Derneyi\u201dnin (T\u0259hsil v\u0259 M\u0259d\u0259niyy\u0259t D\u0259rn\u0259yi) r\u0259hb\u0259ri Ayg\u00fcn H\u0259s\u0259no\u011flu m\u0259lumat verib.<\/p>\n<p>Onun s\u00f6zl\u0259rin\u0259 g\u00f6r\u0259, Elturan Axundovun arxivind\u0259 1970\u20131980-ci ill\u0259rd\u0259 \u015eu\u015fada \u00e7\u0259kilmi\u015f 1500-\u0259 yax\u0131n foto\u015f\u0259kil v\u0259 neqativ saxlan\u0131l\u0131r. Bu materiallar indiy\u0259d\u0259k \u00e7ap olunmay\u0131b. M\u0259hz h\u0259min foto\u015f\u0259kill\u0259r vasit\u0259sil\u0259 \u015f\u0259h\u0259rin \u0259vv\u0259lki tarixi g\u00f6rk\u0259mini daha d\u0259qiq m\u00fc\u0259yy\u0259nl\u0259\u015fdirm\u0259k m\u00fcmk\u00fcn olub.<\/p>\n<p>\u201cElturan Axundovun \u00f6lk\u0259miz\u0259 bu d\u0259st\u0259yi \u0259slind\u0259 bir q\u0259hr\u0259manl\u0131qd\u0131r. Q\u0259hr\u0259man t\u0259kc\u0259 d\u00f6y\u00fc\u015f meydan\u0131nda olmur. \u00d6z s\u0259n\u0259tini layiqinc\u0259 yetir\u0259n v\u0259 v\u0259t\u0259n \u00fc\u00e7\u00fcn oldu\u011fu meydanda da l\u0259yaq\u0259tl\u0259, qeyr\u0259tl\u0259 f\u0259aliyy\u0259t g\u00f6st\u0259r\u0259n insanlar da q\u0259hr\u0259mand\u0131r\u201d, -dey\u0259 A. H\u0259s\u0259no\u011flu bildirib.<\/p>\n<p><strong>\u015eahan\u0259 R\u0259himli<\/strong><br \/>\n<strong>Musavat.com<\/strong><\/p>\n<p><strong><img loading=\"lazy\" src=\"https:\/\/cdn.musavat.com\/news\/images\/TURAN%20ORUC\/WhatsApp%20Image%202026-05-01%20at%2012.51.14.jpeg\" alt=\"WhatsApp Image 2026-05-01 at 12.51.14.jpeg (103 KB)\" width=\"700\" height=\"365\" \/><\/strong><\/p>\n","protected":false},"excerpt":{"rendered":"<p>\u015eu\u015fa \u015f\u0259h\u0259rinin azad olunmas\u0131ndan sonra onun tarixi g\u00f6rk\u0259minin b\u0259rpas\u0131nda memar Elturan Axundovun \u015f\u0259xsi arxiv materiallar\u0131ndan istifad\u0259 edilir. Musavat.com\u00a0x\u0259b\u0259r verir ki, bu bar\u0259d\u0259 \u201cAz\u0259rbaycan E\u011fitim ve K\u00fclt\u00fcr Derneyi\u201dnin (T\u0259hsil v\u0259 M\u0259d\u0259niyy\u0259t D\u0259rn\u0259yi) r\u0259hb\u0259ri Ayg\u00fcn H\u0259s\u0259no\u011flu m\u0259lumat verib. Onun s\u00f6zl\u0259rin\u0259 g\u00f6r\u0259, Elturan Axundovun arxivind\u0259 1970\u20131980-ci ill\u0259rd\u0259 \u015eu\u015fada \u00e7\u0259kilmi\u015f 1500-\u0259 yax\u0131n foto\u015f\u0259kil v\u0259 neqativ saxlan\u0131l\u0131r. Bu materiallar indiy\u0259d\u0259k \u00e7ap olunmay\u0131b. M\u0259hz h\u0259min foto\u015f\u0259kill\u0259r vasit\u0259sil\u0259 \u015f\u0259h\u0259rin \u0259vv\u0259lki tarixi g\u00f6rk\u0259mini daha d\u0259qiq m\u00fc\u0259yy\u0259nl\u0259\u015fdirm\u0259k m\u00fcmk\u00fcn olub. \u201cElturan Axundovun \u00f6lk\u0259miz\u0259 bu d\u0259st\u0259yi \u0259slind\u0259 bir q\u0259hr\u0259manl\u0131qd\u0131r. Q\u0259hr\u0259man t\u0259kc\u0259 d\u00f6y\u00fc\u015f meydan\u0131nda olmur. \u00d6z s\u0259n\u0259tini layiqinc\u0259 yetir\u0259n v\u0259 v\u0259t\u0259n \u00fc\u00e7\u00fcn&hellip;<\/p>\n","protected":false},"author":2,"featured_media":850526,"comment_status":"closed","ping_status":"closed","sticky":false,"template":"","format":"standard","meta":{"om_disable_all_campaigns":false,"_monsterinsights_skip_tracking":false,"_monsterinsights_sitenote_active":false,"_monsterinsights_sitenote_note":"","_monsterinsights_sitenote_category":0},"categories":[1],"tags":[],"aioseo_notices":[],"gutentor_comment":0,"rttpg_featured_image_url":{"full":["https:\/\/arantv.az\/wp-content\/uploads\/2026\/05\/3bd708a979c7be7b038105ed2a880846.jpg",870,500,false],"landscape":["https:\/\/arantv.az\/wp-content\/uploads\/2026\/05\/3bd708a979c7be7b038105ed2a880846.jpg",870,500,false],"portraits":["https:\/\/arantv.az\/wp-content\/uploads\/2026\/05\/3bd708a979c7be7b038105ed2a880846.jpg",870,500,false],"thumbnail":["https:\/\/arantv.az\/wp-content\/uploads\/2026\/05\/3bd708a979c7be7b038105ed2a880846-500x280.jpg",500,280,true],"medium":["https:\/\/arantv.az\/wp-content\/uploads\/2026\/05\/3bd708a979c7be7b038105ed2a880846-635x365.jpg",635,365,true],"large":["https:\/\/arantv.az\/wp-content\/uploads\/2026\/05\/3bd708a979c7be7b038105ed2a880846-840x483.jpg",640,368,true],"1536x1536":["https:\/\/arantv.az\/wp-content\/uploads\/2026\/05\/3bd708a979c7be7b038105ed2a880846.jpg",870,500,false],"2048x2048":["https:\/\/arantv.az\/wp-content\/uploads\/2026\/05\/3bd708a979c7be7b038105ed2a880846.jpg",870,500,false],"post-thumbnail":["https:\/\/arantv.az\/wp-content\/uploads\/2026\/05\/3bd708a979c7be7b038105ed2a880846-240x172.jpg",240,172,true],"advps-thumb-one":["https:\/\/arantv.az\/wp-content\/uploads\/2026\/05\/3bd708a979c7be7b038105ed2a880846.jpg",870,500,false]},"rttpg_author":{"display_name":"V\u00fcsal Rafiqo\u011flu","author_link":"https:\/\/arantv.az\/?author=2"},"rttpg_comment":0,"rttpg_category":"<a href=\"https:\/\/arantv.az\/?cat=1\" rel=\"category\">C\u0259miyy\u0259t<\/a>","rttpg_excerpt":"\u015eu\u015fa \u015f\u0259h\u0259rinin azad olunmas\u0131ndan sonra onun tarixi g\u00f6rk\u0259minin b\u0259rpas\u0131nda memar Elturan Axundovun \u015f\u0259xsi arxiv materiallar\u0131ndan istifad\u0259 edilir. Musavat.com\u00a0x\u0259b\u0259r verir ki, bu bar\u0259d\u0259 \u201cAz\u0259rbaycan E\u011fitim ve K\u00fclt\u00fcr Derneyi\u201dnin (T\u0259hsil v\u0259 M\u0259d\u0259niyy\u0259t D\u0259rn\u0259yi) r\u0259hb\u0259ri Ayg\u00fcn H\u0259s\u0259no\u011flu m\u0259lumat verib. Onun s\u00f6zl\u0259rin\u0259 g\u00f6r\u0259, Elturan Axundovun arxivind\u0259 1970\u20131980-ci ill\u0259rd\u0259 \u015eu\u015fada \u00e7\u0259kilmi\u015f 1500-\u0259 yax\u0131n foto\u015f\u0259kil v\u0259 neqativ saxlan\u0131l\u0131r. Bu materiallar indiy\u0259d\u0259k&hellip;","_links":{"self":[{"href":"https:\/\/arantv.az\/index.php?rest_route=\/wp\/v2\/posts\/850525"}],"collection":[{"href":"https:\/\/arantv.az\/index.php?rest_route=\/wp\/v2\/posts"}],"about":[{"href":"https:\/\/arantv.az\/index.php?rest_route=\/wp\/v2\/types\/post"}],"author":[{"embeddable":true,"href":"https:\/\/arantv.az\/index.php?rest_route=\/wp\/v2\/users\/2"}],"replies":[{"embeddable":true,"href":"https:\/\/arantv.az\/index.php?rest_route=%2Fwp%2Fv2%2Fcomments&post=850525"}],"version-history":[{"count":1,"href":"https:\/\/arantv.az\/index.php?rest_route=\/wp\/v2\/posts\/850525\/revisions"}],"predecessor-version":[{"id":850527,"href":"https:\/\/arantv.az\/index.php?rest_route=\/wp\/v2\/posts\/850525\/revisions\/850527"}],"wp:featuredmedia":[{"embeddable":true,"href":"https:\/\/arantv.az\/index.php?rest_route=\/wp\/v2\/media\/850526"}],"wp:attachment":[{"href":"https:\/\/arantv.az\/index.php?rest_route=%2Fwp%2Fv2%2Fmedia&parent=850525"}],"wp:term":[{"taxonomy":"category","embeddable":true,"href":"https:\/\/arantv.az\/index.php?rest_route=%2Fwp%2Fv2%2Fcategories&post=850525"},{"taxonomy":"post_tag","embeddable":true,"href":"https:\/\/arantv.az\/index.php?rest_route=%2Fwp%2Fv2%2Ftags&post=850525"}],"curies":[{"name":"wp","href":"https:\/\/api.w.org\/{rel}","templated":true}]}}