{"id":850541,"date":"2026-05-01T16:26:50","date_gmt":"2026-05-01T12:26:50","guid":{"rendered":"https:\/\/arantv.az\/?p=850541"},"modified":"2026-05-01T16:26:50","modified_gmt":"2026-05-01T12:26:50","slug":"s%c9%99firl%c9%99rin-qarabag-s%c9%99f%c9%99rl%c9%99ri-realliqlarla-yerind%c9%99-tanisliq-strategiyasi","status":"publish","type":"post","link":"https:\/\/arantv.az\/?p=850541","title":{"rendered":"S\u0259firl\u0259rin Qaraba\u011f s\u0259f\u0259rl\u0259ri \u2013 Reall\u0131qlarla yerind\u0259 tan\u0131\u015fl\u0131q strategiyas\u0131"},"content":{"rendered":"<p><strong>Az\u0259rbaycanda akkredit\u0259 olunmu\u015f diplomatik korpusun n\u00fcmay\u0259nd\u0259l\u0259rinin i\u015f\u011faldan azad olunan Qaraba\u011fa s\u0259f\u0259ri h\u0259yata ke\u00e7irilir.<\/strong><\/p>\n<p><strong>Az\u0259rbaycan Prezidentinin k\u00f6m\u0259k\u00e7isi, Prezident Administrasiyas\u0131n\u0131n Xarici Siyas\u0259t M\u0259s\u0259l\u0259l\u0259ri \u015f\u00f6b\u0259sinin m\u00fcdiri Hikm\u0259t Hac\u0131yevin i\u015ftirak\u0131 il\u0259 h\u0259yata ke\u00e7iril\u0259n s\u0259f\u0259rd\u0259\u00a0 \u00fcmumilikd\u0259 62 \u00f6lk\u0259 v\u0259 beyn\u0259lxalq t\u0259\u015fkilat\u0131 t\u0259msil ed\u0259n 150-d\u0259n art\u0131q s\u0259fir, diplomat, h\u0259rbi atta\u015fe v\u0259 dig\u0259r n\u00fcmay\u0259nd\u0259 i\u015ftirak edir. S\u0259f\u0259r iki g\u00fcn davam ed\u0259c\u0259k. S\u0259f\u0259r Xank\u0259ndi \u015f\u0259h\u0259ri, Xocal\u0131, \u015eu\u015fa v\u0259 La\u00e7\u0131n rayonlar\u0131n\u0131 \u0259hat\u0259 ed\u0259c\u0259k.<\/strong><\/p>\n<p>S\u0259f\u0259r i\u015ftirak\u00e7\u0131lar\u0131 art\u0131q Xocal\u0131 Soyq\u0131r\u0131m\u0131 Memorial\u0131nda, Xank\u0259ndind\u0259 Qaraba\u011f Universitetind\u0259 olublar.<\/p>\n<p>Qeyd ed\u0259k ki, Diplomatik Korpus n\u00fcmay\u0259nd\u0259l\u0259rinin i\u015f\u011faldan azad edil\u0259n \u0259razil\u0259r\u0259 s\u0259f\u0259rl\u0259ri bundan \u0259vv\u0259l d\u0259 h\u0259yata ke\u00e7irilib. Siyasi ekspertl\u0259r hesab edir ki, Az\u0259rbaycanda akkredit\u0259 olunmu\u015f diplomatik korpusun i\u015f\u011faldan azad edilmi\u015f \u0259razil\u0259r\u0259 s\u0259f\u0259rl\u0259ri bir ne\u00e7\u0259 m\u00fch\u00fcm siyasi, informasiya v\u0259 praktiki m\u0259qs\u0259d\u0259 xidm\u0259t edir v\u0259 bu bax\u0131mdan olduqca \u0259h\u0259miyy\u0259tli al\u0259t kimi q\u0259bul olunmal\u0131d\u0131r. \u0130lk n\u00f6vb\u0259d\u0259, bu s\u0259f\u0259rl\u0259r post-m\u00fcnaqi\u015f\u0259 reall\u0131qlar\u0131n\u0131n yerind\u0259 n\u00fcmayi\u015fidir. \u0130kinci Qaraba\u011f m\u00fcharib\u0259si sonras\u0131 formala\u015fan yeni v\u0259ziyy\u0259tl\u0259 ba\u011fl\u0131 xarici diplomatlar\u0131n birba\u015fa m\u00fc\u015fahid\u0259 aparmas\u0131, uzun ill\u0259r \u0259rzind\u0259 formala\u015fm\u0131\u015f informasiya bo\u015flu\u011funu aradan qald\u0131r\u0131r. Diplomatik n\u00fcmay\u0259nd\u0259l\u0259r da\u011f\u0131nt\u0131lar\u0131n miqyas\u0131n\u0131, infrastrukturun v\u0259ziyy\u0259tini v\u0259 apar\u0131lan b\u0259rpa-quruculuq i\u015fl\u0259rini, i\u015f\u011fal n\u0259tic\u0259sind\u0259 m\u0259cbur k\u00f6\u00e7k\u00fcn d\u00fc\u015fm\u00fc\u015f sakinl\u0259rin \u00f6z yurdlar\u0131na qay\u0131tmas\u0131n\u0131 \u00f6z g\u00f6zl\u0259ri il\u0259 g\u00f6r\u0259r\u0259k daha obyektiv t\u0259s\u0259vv\u00fcr \u0259ld\u0259 edirl\u0259r.<\/p>\n<p>\u0130kinci m\u00fch\u00fcm m\u0259qam beyn\u0259lxalq ictimai r\u0259yin formala\u015fd\u0131r\u0131lmas\u0131d\u0131r. Xarici \u00f6lk\u0259l\u0259rin s\u0259firl\u0259ri v\u0259 beyn\u0259lxalq t\u0259\u015fkilatlar\u0131n n\u00fcmay\u0259nd\u0259l\u0259ri g\u00f6rd\u00fckl\u0259rini \u00f6z h\u00f6kum\u0259tl\u0259rin\u0259 v\u0259 ictimaiyy\u0259tl\u0259rin\u0259 \u00e7atd\u0131r\u0131rlar.<\/p>\n<p>Bu is\u0259 Az\u0259rbaycan\u0131n m\u00f6vqeyinin beyn\u0259lxalq platformalarda daha dol\u011fun v\u0259 faktlara \u0259saslanan \u015f\u0259kild\u0259 t\u0259qdim olunmas\u0131na k\u00f6m\u0259k edir. X\u00fcsusil\u0259, i\u015f\u011fal d\u00f6vr\u00fcnd\u0259 ba\u015f vermi\u015f da\u011f\u0131nt\u0131lar\u0131n s\u0259n\u0259dl\u0259\u015fdirilm\u0259si v\u0259 diqq\u0259t\u0259 \u00e7atd\u0131r\u0131lmas\u0131 bax\u0131m\u0131ndan bu c\u00fcr s\u0259f\u0259rl\u0259r m\u00fch\u00fcm rol oynay\u0131r.<\/p>\n<p>\u00dc\u00e7\u00fcnc\u00fc aspekt iqtisadi v\u0259 investisiya perspektivl\u0259ri il\u0259 ba\u011fl\u0131d\u0131r. Azad edilmi\u015f \u0259razil\u0259rd\u0259 h\u0259yata ke\u00e7iril\u0259n geni\u015fmiqyasl\u0131 layih\u0259l\u0259r \u2013 \u201ca\u011f\u0131ll\u0131 \u015f\u0259h\u0259r\u201d, \u201ca\u011f\u0131ll\u0131 k\u0259nd\u201d, n\u0259qliyyat d\u0259hlizl\u0259ri v\u0259 enerji infrastrukturu xarici investorlar \u00fc\u00e7\u00fcn yeni imkanlar yarad\u0131r. Diplomatik korpusun n\u00fcmay\u0259nd\u0259l\u0259ri bu potensial\u0131 yerind\u0259 qiym\u0259tl\u0259ndir\u0259r\u0259k \u00f6z \u00f6lk\u0259l\u0259rinin biznes dair\u0259l\u0259rini t\u0259\u015fviq ed\u0259 bil\u0259rl\u0259r.<\/p>\n<p>Dig\u0259r t\u0259r\u0259fd\u0259n, bu s\u0259f\u0259rl\u0259r humanitar v\u0259 t\u0259hl\u00fck\u0259sizlik m\u0259s\u0259l\u0259l\u0259rini d\u0259 \u00f6n plana \u00e7\u0131xar\u0131r. Mina t\u0259hl\u00fck\u0259si, m\u0259cburi k\u00f6\u00e7k\u00fcnl\u0259rin geri d\u00f6n\u00fc\u015f prosesi v\u0259 sosial infrastrukturun b\u0259rpas\u0131 kimi m\u0259s\u0259l\u0259l\u0259r diplomatlar\u0131n diqq\u0259tin\u0259 \u00e7atd\u0131r\u0131l\u0131r. Bu is\u0259 beyn\u0259lxalq t\u0259\u015fkilatlarla \u0259m\u0259kda\u015fl\u0131q imkanlar\u0131n\u0131 geni\u015fl\u0259ndirir.<\/p>\n<p>Prezidentin k\u00f6m\u0259k\u00e7isi Hikm\u0259t Hac\u0131yevin \u015f\u0259xs\u0259n bu s\u0259f\u0259rl\u0259rd\u0259 i\u015ftirak etm\u0259si x\u00fcsusi \u0259h\u0259miyy\u0259t\u0259 malikdir.<\/p>\n<p>N\u0259hay\u0259t, bel\u0259 s\u0259f\u0259rl\u0259r diplomatik jest olmaqla yana\u015f\u0131, h\u0259m d\u0259 siyasi mesaj xarakteri da\u015f\u0131y\u0131r. Az\u0259rbaycan bu vasit\u0259 il\u0259 b\u00f6lg\u0259d\u0259 suverenliyini, b\u0259rpa prosesind\u0259 ir\u0259lil\u0259yi\u015fini v\u0259 s\u00fclh g\u00fcnd\u0259liyin\u0259 sadiqliyini n\u00fcmayi\u015f etdirir. Eyni zamanda, regionda davaml\u0131 sabitliyin t\u0259min olunmas\u0131 \u00fc\u00e7\u00fcn beyn\u0259lxalq t\u0259r\u0259fda\u015flar\u0131n daha f\u0259al m\u00f6vqe tutmas\u0131na \u00e7a\u011f\u0131r\u0131\u015f edilir.<\/p>\n<p>&nbsp;<\/p>\n<p><strong>Etibar Seyida\u011fa,<\/strong><br \/>\n<strong>Musavat.com<\/strong><\/p>\n","protected":false},"excerpt":{"rendered":"<p>Az\u0259rbaycanda akkredit\u0259 olunmu\u015f diplomatik korpusun n\u00fcmay\u0259nd\u0259l\u0259rinin i\u015f\u011faldan azad olunan Qaraba\u011fa s\u0259f\u0259ri h\u0259yata ke\u00e7irilir. Az\u0259rbaycan Prezidentinin k\u00f6m\u0259k\u00e7isi, Prezident Administrasiyas\u0131n\u0131n Xarici Siyas\u0259t M\u0259s\u0259l\u0259l\u0259ri \u015f\u00f6b\u0259sinin m\u00fcdiri Hikm\u0259t Hac\u0131yevin i\u015ftirak\u0131 il\u0259 h\u0259yata ke\u00e7iril\u0259n s\u0259f\u0259rd\u0259\u00a0 \u00fcmumilikd\u0259 62 \u00f6lk\u0259 v\u0259 beyn\u0259lxalq t\u0259\u015fkilat\u0131 t\u0259msil ed\u0259n 150-d\u0259n art\u0131q s\u0259fir, diplomat, h\u0259rbi atta\u015fe v\u0259 dig\u0259r n\u00fcmay\u0259nd\u0259 i\u015ftirak edir. S\u0259f\u0259r iki g\u00fcn davam ed\u0259c\u0259k. S\u0259f\u0259r Xank\u0259ndi \u015f\u0259h\u0259ri, Xocal\u0131, \u015eu\u015fa v\u0259 La\u00e7\u0131n rayonlar\u0131n\u0131 \u0259hat\u0259 ed\u0259c\u0259k. S\u0259f\u0259r i\u015ftirak\u00e7\u0131lar\u0131 art\u0131q Xocal\u0131 Soyq\u0131r\u0131m\u0131 Memorial\u0131nda, Xank\u0259ndind\u0259 Qaraba\u011f Universitetind\u0259 olublar. Qeyd ed\u0259k ki, Diplomatik Korpus n\u00fcmay\u0259nd\u0259l\u0259rinin i\u015f\u011faldan azad edil\u0259n \u0259razil\u0259r\u0259 s\u0259f\u0259rl\u0259ri bundan \u0259vv\u0259l d\u0259 h\u0259yata ke\u00e7irilib.&hellip;<\/p>\n","protected":false},"author":2,"featured_media":850542,"comment_status":"closed","ping_status":"closed","sticky":false,"template":"","format":"standard","meta":{"om_disable_all_campaigns":false,"_monsterinsights_skip_tracking":false,"_monsterinsights_sitenote_active":false,"_monsterinsights_sitenote_note":"","_monsterinsights_sitenote_category":0},"categories":[1],"tags":[],"aioseo_notices":[],"gutentor_comment":0,"rttpg_featured_image_url":{"full":["https:\/\/arantv.az\/wp-content\/uploads\/2026\/05\/34c0cab63edc1469a22eca5550a9ce2f.jpg",870,500,false],"landscape":["https:\/\/arantv.az\/wp-content\/uploads\/2026\/05\/34c0cab63edc1469a22eca5550a9ce2f.jpg",870,500,false],"portraits":["https:\/\/arantv.az\/wp-content\/uploads\/2026\/05\/34c0cab63edc1469a22eca5550a9ce2f.jpg",870,500,false],"thumbnail":["https:\/\/arantv.az\/wp-content\/uploads\/2026\/05\/34c0cab63edc1469a22eca5550a9ce2f-500x280.jpg",500,280,true],"medium":["https:\/\/arantv.az\/wp-content\/uploads\/2026\/05\/34c0cab63edc1469a22eca5550a9ce2f-635x365.jpg",635,365,true],"large":["https:\/\/arantv.az\/wp-content\/uploads\/2026\/05\/34c0cab63edc1469a22eca5550a9ce2f-840x483.jpg",640,368,true],"1536x1536":["https:\/\/arantv.az\/wp-content\/uploads\/2026\/05\/34c0cab63edc1469a22eca5550a9ce2f.jpg",870,500,false],"2048x2048":["https:\/\/arantv.az\/wp-content\/uploads\/2026\/05\/34c0cab63edc1469a22eca5550a9ce2f.jpg",870,500,false],"post-thumbnail":["https:\/\/arantv.az\/wp-content\/uploads\/2026\/05\/34c0cab63edc1469a22eca5550a9ce2f-240x172.jpg",240,172,true],"advps-thumb-one":["https:\/\/arantv.az\/wp-content\/uploads\/2026\/05\/34c0cab63edc1469a22eca5550a9ce2f.jpg",870,500,false]},"rttpg_author":{"display_name":"V\u00fcsal Rafiqo\u011flu","author_link":"https:\/\/arantv.az\/?author=2"},"rttpg_comment":0,"rttpg_category":"<a href=\"https:\/\/arantv.az\/?cat=1\" rel=\"category\">C\u0259miyy\u0259t<\/a>","rttpg_excerpt":"Az\u0259rbaycanda akkredit\u0259 olunmu\u015f diplomatik korpusun n\u00fcmay\u0259nd\u0259l\u0259rinin i\u015f\u011faldan azad olunan Qaraba\u011fa s\u0259f\u0259ri h\u0259yata ke\u00e7irilir. Az\u0259rbaycan Prezidentinin k\u00f6m\u0259k\u00e7isi, Prezident Administrasiyas\u0131n\u0131n Xarici Siyas\u0259t M\u0259s\u0259l\u0259l\u0259ri \u015f\u00f6b\u0259sinin m\u00fcdiri Hikm\u0259t Hac\u0131yevin i\u015ftirak\u0131 il\u0259 h\u0259yata ke\u00e7iril\u0259n s\u0259f\u0259rd\u0259\u00a0 \u00fcmumilikd\u0259 62 \u00f6lk\u0259 v\u0259 beyn\u0259lxalq t\u0259\u015fkilat\u0131 t\u0259msil ed\u0259n 150-d\u0259n art\u0131q s\u0259fir, diplomat, h\u0259rbi atta\u015fe v\u0259 dig\u0259r n\u00fcmay\u0259nd\u0259 i\u015ftirak edir. S\u0259f\u0259r iki g\u00fcn davam ed\u0259c\u0259k. S\u0259f\u0259r&hellip;","_links":{"self":[{"href":"https:\/\/arantv.az\/index.php?rest_route=\/wp\/v2\/posts\/850541"}],"collection":[{"href":"https:\/\/arantv.az\/index.php?rest_route=\/wp\/v2\/posts"}],"about":[{"href":"https:\/\/arantv.az\/index.php?rest_route=\/wp\/v2\/types\/post"}],"author":[{"embeddable":true,"href":"https:\/\/arantv.az\/index.php?rest_route=\/wp\/v2\/users\/2"}],"replies":[{"embeddable":true,"href":"https:\/\/arantv.az\/index.php?rest_route=%2Fwp%2Fv2%2Fcomments&post=850541"}],"version-history":[{"count":1,"href":"https:\/\/arantv.az\/index.php?rest_route=\/wp\/v2\/posts\/850541\/revisions"}],"predecessor-version":[{"id":850543,"href":"https:\/\/arantv.az\/index.php?rest_route=\/wp\/v2\/posts\/850541\/revisions\/850543"}],"wp:featuredmedia":[{"embeddable":true,"href":"https:\/\/arantv.az\/index.php?rest_route=\/wp\/v2\/media\/850542"}],"wp:attachment":[{"href":"https:\/\/arantv.az\/index.php?rest_route=%2Fwp%2Fv2%2Fmedia&parent=850541"}],"wp:term":[{"taxonomy":"category","embeddable":true,"href":"https:\/\/arantv.az\/index.php?rest_route=%2Fwp%2Fv2%2Fcategories&post=850541"},{"taxonomy":"post_tag","embeddable":true,"href":"https:\/\/arantv.az\/index.php?rest_route=%2Fwp%2Fv2%2Ftags&post=850541"}],"curies":[{"name":"wp","href":"https:\/\/api.w.org\/{rel}","templated":true}]}}