{"id":850544,"date":"2026-05-01T16:27:29","date_gmt":"2026-05-01T12:27:29","guid":{"rendered":"https:\/\/arantv.az\/?p=850544"},"modified":"2026-05-01T16:27:29","modified_gmt":"2026-05-01T12:27:29","slug":"sabirabadda-kur-cayi-m%c9%99crasindan-cixdi","status":"publish","type":"post","link":"https:\/\/arantv.az\/?p=850544","title":{"rendered":"Sabirabadda K\u00fcr \u00e7ay\u0131 m\u0259cras\u0131ndan \u00e7\u0131xd\u0131"},"content":{"rendered":"<p><strong>Sabirabad rayonunun Suqovu\u015fan \u0259razisind\u0259 K\u00fcr \u00e7ay\u0131n\u0131n s\u0259viyy\u0259sinin k\u0259skin artmas\u0131 suyun m\u0259cradan \u00e7\u0131xmas\u0131na s\u0259b\u0259b olub.<\/strong><\/p>\n<p>Son g\u00fcnl\u0259r ya\u011fan intensiv ya\u011f\u0131\u015flar K\u00fcr \u00e7ay\u0131nda suyun s\u0259viyy\u0259sinin xeyli y\u00fcks\u0259lm\u0259sin\u0259 s\u0259b\u0259b olub.<\/p>\n<p>N\u0259tic\u0259d\u0259 K\u00fcr v\u0259 Araz \u00e7aylar\u0131n\u0131n qovu\u015fdu\u011fu \u0259razi yax\u0131nl\u0131\u011f\u0131nda \u00e7ay \u00f6z m\u0259cras\u0131ndan \u00e7\u0131xaraq sahilboyu yerl\u0259\u015f\u0259n Tu\u011fay me\u015f\u0259l\u0259ri istiqam\u0259tind\u0259 yay\u0131lma\u011fa ba\u015flay\u0131b.<\/p>\n<p>Hadis\u0259nin ba\u015f verdiyi \u0259raziy\u0259 yax\u0131n zonada restoranlar\u0131n yerl\u0259\u015fdiyi bildirilir. Haz\u0131rda suyun h\u0259min istiqam\u0259td\u0259 ax\u0131n\u0131 m\u00fc\u015fahid\u0259 olunur.<\/p>\n<p>Sabirabad rayon f\u00f6vq\u0259lad\u0259 hallar komissiyas\u0131ndan bildirilib ki, m\u00f6vcud v\u0259ziyy\u0259t n\u0259zar\u0259t alt\u0131ndad\u0131r. Qurumun a\u00e7\u0131qlamas\u0131na \u0259sas\u0259n, \u00e7ay\u0131n m\u0259cras\u0131ndan \u00e7\u0131xmas\u0131na baxmayaraq, h\u0259l\u0259lik ciddi t\u0259hl\u00fck\u0259 g\u00f6zl\u0259nilmir. Bel\u0259 ki, suyun s\u0259viyy\u0259si m\u00fchafiz\u0259 b\u0259ndind\u0259n t\u0259xmin\u0259n iki metr a\u015fa\u011f\u0131da qal\u0131r.<\/p>\n<p>Aidiyy\u0259ti qurumlar t\u0259r\u0259find\u0259n \u0259razid\u0259 monitorinql\u0259r davam etdirilir, v\u0259ziyy\u0259tin sabit saxlan\u0131lmas\u0131 \u00fc\u00e7\u00fcn z\u0259ruri qabaqlay\u0131c\u0131 t\u0259dbirl\u0259r g\u00f6r\u00fcl\u00fcr. Ehtiyac yaranaca\u011f\u0131 t\u0259qdird\u0259 \u0259lav\u0259 texnika v\u0259 canl\u0131 q\u00fcvv\u0259nin c\u0259lb olunaca\u011f\u0131 bildirilib.(&#8220;Report&#8221;)<\/p>\n","protected":false},"excerpt":{"rendered":"<p>Sabirabad rayonunun Suqovu\u015fan \u0259razisind\u0259 K\u00fcr \u00e7ay\u0131n\u0131n s\u0259viyy\u0259sinin k\u0259skin artmas\u0131 suyun m\u0259cradan \u00e7\u0131xmas\u0131na s\u0259b\u0259b olub. Son g\u00fcnl\u0259r ya\u011fan intensiv ya\u011f\u0131\u015flar K\u00fcr \u00e7ay\u0131nda suyun s\u0259viyy\u0259sinin xeyli y\u00fcks\u0259lm\u0259sin\u0259 s\u0259b\u0259b olub. N\u0259tic\u0259d\u0259 K\u00fcr v\u0259 Araz \u00e7aylar\u0131n\u0131n qovu\u015fdu\u011fu \u0259razi yax\u0131nl\u0131\u011f\u0131nda \u00e7ay \u00f6z m\u0259cras\u0131ndan \u00e7\u0131xaraq sahilboyu yerl\u0259\u015f\u0259n Tu\u011fay me\u015f\u0259l\u0259ri istiqam\u0259tind\u0259 yay\u0131lma\u011fa ba\u015flay\u0131b. Hadis\u0259nin ba\u015f verdiyi \u0259raziy\u0259 yax\u0131n zonada restoranlar\u0131n yerl\u0259\u015fdiyi bildirilir. Haz\u0131rda suyun h\u0259min istiqam\u0259td\u0259 ax\u0131n\u0131 m\u00fc\u015fahid\u0259 olunur. Sabirabad rayon f\u00f6vq\u0259lad\u0259 hallar komissiyas\u0131ndan bildirilib ki, m\u00f6vcud v\u0259ziyy\u0259t n\u0259zar\u0259t alt\u0131ndad\u0131r. Qurumun a\u00e7\u0131qlamas\u0131na \u0259sas\u0259n, \u00e7ay\u0131n m\u0259cras\u0131ndan \u00e7\u0131xmas\u0131na baxmayaraq, h\u0259l\u0259lik ciddi t\u0259hl\u00fck\u0259 g\u00f6zl\u0259nilmir. Bel\u0259 ki, suyun s\u0259viyy\u0259si m\u00fchafiz\u0259 b\u0259ndind\u0259n&hellip;<\/p>\n","protected":false},"author":2,"featured_media":850545,"comment_status":"closed","ping_status":"closed","sticky":false,"template":"","format":"standard","meta":{"om_disable_all_campaigns":false,"_monsterinsights_skip_tracking":false,"_monsterinsights_sitenote_active":false,"_monsterinsights_sitenote_note":"","_monsterinsights_sitenote_category":0},"categories":[1],"tags":[],"aioseo_notices":[],"gutentor_comment":0,"rttpg_featured_image_url":{"full":["https:\/\/arantv.az\/wp-content\/uploads\/2026\/05\/e5093949f63d0371617c81b2738828f2.jpg",870,500,false],"landscape":["https:\/\/arantv.az\/wp-content\/uploads\/2026\/05\/e5093949f63d0371617c81b2738828f2.jpg",870,500,false],"portraits":["https:\/\/arantv.az\/wp-content\/uploads\/2026\/05\/e5093949f63d0371617c81b2738828f2.jpg",870,500,false],"thumbnail":["https:\/\/arantv.az\/wp-content\/uploads\/2026\/05\/e5093949f63d0371617c81b2738828f2-500x280.jpg",500,280,true],"medium":["https:\/\/arantv.az\/wp-content\/uploads\/2026\/05\/e5093949f63d0371617c81b2738828f2-635x365.jpg",635,365,true],"large":["https:\/\/arantv.az\/wp-content\/uploads\/2026\/05\/e5093949f63d0371617c81b2738828f2-840x483.jpg",640,368,true],"1536x1536":["https:\/\/arantv.az\/wp-content\/uploads\/2026\/05\/e5093949f63d0371617c81b2738828f2.jpg",870,500,false],"2048x2048":["https:\/\/arantv.az\/wp-content\/uploads\/2026\/05\/e5093949f63d0371617c81b2738828f2.jpg",870,500,false],"post-thumbnail":["https:\/\/arantv.az\/wp-content\/uploads\/2026\/05\/e5093949f63d0371617c81b2738828f2-240x172.jpg",240,172,true],"advps-thumb-one":["https:\/\/arantv.az\/wp-content\/uploads\/2026\/05\/e5093949f63d0371617c81b2738828f2.jpg",870,500,false]},"rttpg_author":{"display_name":"V\u00fcsal Rafiqo\u011flu","author_link":"https:\/\/arantv.az\/?author=2"},"rttpg_comment":0,"rttpg_category":"<a href=\"https:\/\/arantv.az\/?cat=1\" rel=\"category\">C\u0259miyy\u0259t<\/a>","rttpg_excerpt":"Sabirabad rayonunun Suqovu\u015fan \u0259razisind\u0259 K\u00fcr \u00e7ay\u0131n\u0131n s\u0259viyy\u0259sinin k\u0259skin artmas\u0131 suyun m\u0259cradan \u00e7\u0131xmas\u0131na s\u0259b\u0259b olub. Son g\u00fcnl\u0259r ya\u011fan intensiv ya\u011f\u0131\u015flar K\u00fcr \u00e7ay\u0131nda suyun s\u0259viyy\u0259sinin xeyli y\u00fcks\u0259lm\u0259sin\u0259 s\u0259b\u0259b olub. N\u0259tic\u0259d\u0259 K\u00fcr v\u0259 Araz \u00e7aylar\u0131n\u0131n qovu\u015fdu\u011fu \u0259razi yax\u0131nl\u0131\u011f\u0131nda \u00e7ay \u00f6z m\u0259cras\u0131ndan \u00e7\u0131xaraq sahilboyu yerl\u0259\u015f\u0259n Tu\u011fay me\u015f\u0259l\u0259ri istiqam\u0259tind\u0259 yay\u0131lma\u011fa ba\u015flay\u0131b. Hadis\u0259nin ba\u015f verdiyi \u0259raziy\u0259 yax\u0131n zonada restoranlar\u0131n yerl\u0259\u015fdiyi bildirilir.&hellip;","_links":{"self":[{"href":"https:\/\/arantv.az\/index.php?rest_route=\/wp\/v2\/posts\/850544"}],"collection":[{"href":"https:\/\/arantv.az\/index.php?rest_route=\/wp\/v2\/posts"}],"about":[{"href":"https:\/\/arantv.az\/index.php?rest_route=\/wp\/v2\/types\/post"}],"author":[{"embeddable":true,"href":"https:\/\/arantv.az\/index.php?rest_route=\/wp\/v2\/users\/2"}],"replies":[{"embeddable":true,"href":"https:\/\/arantv.az\/index.php?rest_route=%2Fwp%2Fv2%2Fcomments&post=850544"}],"version-history":[{"count":1,"href":"https:\/\/arantv.az\/index.php?rest_route=\/wp\/v2\/posts\/850544\/revisions"}],"predecessor-version":[{"id":850546,"href":"https:\/\/arantv.az\/index.php?rest_route=\/wp\/v2\/posts\/850544\/revisions\/850546"}],"wp:featuredmedia":[{"embeddable":true,"href":"https:\/\/arantv.az\/index.php?rest_route=\/wp\/v2\/media\/850545"}],"wp:attachment":[{"href":"https:\/\/arantv.az\/index.php?rest_route=%2Fwp%2Fv2%2Fmedia&parent=850544"}],"wp:term":[{"taxonomy":"category","embeddable":true,"href":"https:\/\/arantv.az\/index.php?rest_route=%2Fwp%2Fv2%2Fcategories&post=850544"},{"taxonomy":"post_tag","embeddable":true,"href":"https:\/\/arantv.az\/index.php?rest_route=%2Fwp%2Fv2%2Ftags&post=850544"}],"curies":[{"name":"wp","href":"https:\/\/api.w.org\/{rel}","templated":true}]}}