{"id":850547,"date":"2026-05-01T16:28:20","date_gmt":"2026-05-01T12:28:20","guid":{"rendered":"https:\/\/arantv.az\/?p=850547"},"modified":"2026-05-01T16:28:20","modified_gmt":"2026-05-01T12:28:20","slug":"qafqaz-regionunda-yeni-status-kvo-formalasir-hikm%c9%99t-haciyev","status":"publish","type":"post","link":"https:\/\/arantv.az\/?p=850547","title":{"rendered":"Qafqaz regionunda yeni status-kvo formala\u015f\u0131r &#8211; Hikm\u0259t Hac\u0131yev"},"content":{"rendered":"<p><strong>Az\u0259rbaycan Qaraba\u011f m\u00fcharib\u0259si faci\u0259l\u0259rinin xatir\u0259sini qoruyub saxlay\u0131r, lakin C\u0259nubi Qafqazda davaml\u0131 s\u00fclh\u00fcn b\u0259rq\u0259rar olunmas\u0131na daim sadiq qal\u0131r.<\/strong><\/p>\n<p>Bunu Az\u0259rbaycan Prezidentinin k\u00f6m\u0259k\u00e7isi, Prezident Administrasiyas\u0131n\u0131n Xarici siyas\u0259t m\u0259s\u0259l\u0259l\u0259ri \u015f\u00f6b\u0259sinin m\u00fcdiri Hikm\u0259t Hac\u0131yev Qaraba\u011f Universitetind\u0259 diplomatik korpus qar\u015f\u0131s\u0131nda \u00e7\u0131x\u0131\u015f ed\u0259rk\u0259n bildirib.<\/p>\n<p>&#8220;30 il \u0259rzind\u0259 Qaraba\u011f m\u00fcharib\u0259, m\u00fcnaqi\u015f\u0259 v\u0259 qan t\u00f6k\u00fclm\u0259si il\u0259 assosiasiya olunurdu. Lakin, Xocal\u0131 soyq\u0131r\u0131m\u0131 da daxil olmaqla, ke\u00e7mi\u015fin faci\u0259l\u0259rinin xatir\u0259sini qoruyaraq biz g\u0259l\u0259c\u0259y\u0259 \u2013 Az\u0259rbaycan\u0131n v\u0259 b\u00fct\u00f6vl\u00fckd\u0259 C\u0259nubi Qafqaz\u0131n dinc g\u0259l\u0259c\u0259yin\u0259 bax\u0131r\u0131q&#8221;, &#8211; o bildirib.<\/p>\n<p>Prezidentin k\u00f6m\u0259k\u00e7isi qeyd edib ki, Az\u0259rbaycan \u00f6z xarici siyas\u0259tind\u0259 b\u00fct\u00fcn qon\u015fular\u0131 il\u0259 mehriban qon\u015fuluq v\u0259 dinc m\u00fcnasib\u0259tl\u0259r\u0259 h\u0259mi\u015f\u0259 \u00fcst\u00fcnl\u00fck verib.<\/p>\n<p>&#8220;Ancaq biz Erm\u0259nistanla m\u00fcnaqi\u015f\u0259 v\u0259ziyy\u0259tind\u0259 oldu\u011fumuz \u00fc\u00e7\u00fcn bu prioriteti tam olaraq realla\u015fd\u0131rmaq m\u00fcmk\u00fcn olmurdu. Lakin bu g\u00fcn dey\u0259 bil\u0259r\u0259m ki, Az\u0259rbaycan\u0131n Erm\u0259nistan da daxil olmaqla b\u00fct\u00fcn qon\u015fular\u0131 il\u0259 dostluq v\u0259 mehriban qon\u015fuluq m\u00fcnasib\u0259tl\u0259ri qurulub&#8221;, &#8211; o vur\u011fulay\u0131b.<\/p>\n<p>H.Hac\u0131yev qeyd edib ki, s\u00fclh &#8211; diplomatik s\u0259yl\u0259r t\u0259l\u0259b ed\u0259n m\u00fcr\u0259kk\u0259b v\u0259 uzun bir yoldur.<\/p>\n<p>&#8220;Az\u0259rbaycan h\u00f6kum\u0259ti bel\u0259 bir diplomatik c\u0259sar\u0259t n\u00fcmayi\u015f etdirdi v\u0259 Erm\u0259nistana s\u00fclh \u0259lini uzatd\u0131&#8221;, &#8211; o bildirib.\/\/Report<\/p>\n","protected":false},"excerpt":{"rendered":"<p>Az\u0259rbaycan Qaraba\u011f m\u00fcharib\u0259si faci\u0259l\u0259rinin xatir\u0259sini qoruyub saxlay\u0131r, lakin C\u0259nubi Qafqazda davaml\u0131 s\u00fclh\u00fcn b\u0259rq\u0259rar olunmas\u0131na daim sadiq qal\u0131r. Bunu Az\u0259rbaycan Prezidentinin k\u00f6m\u0259k\u00e7isi, Prezident Administrasiyas\u0131n\u0131n Xarici siyas\u0259t m\u0259s\u0259l\u0259l\u0259ri \u015f\u00f6b\u0259sinin m\u00fcdiri Hikm\u0259t Hac\u0131yev Qaraba\u011f Universitetind\u0259 diplomatik korpus qar\u015f\u0131s\u0131nda \u00e7\u0131x\u0131\u015f ed\u0259rk\u0259n bildirib. &#8220;30 il \u0259rzind\u0259 Qaraba\u011f m\u00fcharib\u0259, m\u00fcnaqi\u015f\u0259 v\u0259 qan t\u00f6k\u00fclm\u0259si il\u0259 assosiasiya olunurdu. Lakin, Xocal\u0131 soyq\u0131r\u0131m\u0131 da daxil olmaqla, ke\u00e7mi\u015fin faci\u0259l\u0259rinin xatir\u0259sini qoruyaraq biz g\u0259l\u0259c\u0259y\u0259 \u2013 Az\u0259rbaycan\u0131n v\u0259 b\u00fct\u00f6vl\u00fckd\u0259 C\u0259nubi Qafqaz\u0131n dinc g\u0259l\u0259c\u0259yin\u0259 bax\u0131r\u0131q&#8221;, &#8211; o bildirib. Prezidentin k\u00f6m\u0259k\u00e7isi qeyd edib ki, Az\u0259rbaycan \u00f6z xarici siyas\u0259tind\u0259 b\u00fct\u00fcn qon\u015fular\u0131 il\u0259 mehriban qon\u015fuluq v\u0259 dinc&hellip;<\/p>\n","protected":false},"author":2,"featured_media":850548,"comment_status":"closed","ping_status":"closed","sticky":false,"template":"","format":"standard","meta":{"om_disable_all_campaigns":false,"_monsterinsights_skip_tracking":false,"_monsterinsights_sitenote_active":false,"_monsterinsights_sitenote_note":"","_monsterinsights_sitenote_category":0},"categories":[4],"tags":[],"aioseo_notices":[],"gutentor_comment":0,"rttpg_featured_image_url":{"full":["https:\/\/arantv.az\/wp-content\/uploads\/2026\/05\/0d3b5ccb41c952bf64fdcb04a0f79036.jpg",870,500,false],"landscape":["https:\/\/arantv.az\/wp-content\/uploads\/2026\/05\/0d3b5ccb41c952bf64fdcb04a0f79036.jpg",870,500,false],"portraits":["https:\/\/arantv.az\/wp-content\/uploads\/2026\/05\/0d3b5ccb41c952bf64fdcb04a0f79036.jpg",870,500,false],"thumbnail":["https:\/\/arantv.az\/wp-content\/uploads\/2026\/05\/0d3b5ccb41c952bf64fdcb04a0f79036-500x280.jpg",500,280,true],"medium":["https:\/\/arantv.az\/wp-content\/uploads\/2026\/05\/0d3b5ccb41c952bf64fdcb04a0f79036-635x365.jpg",635,365,true],"large":["https:\/\/arantv.az\/wp-content\/uploads\/2026\/05\/0d3b5ccb41c952bf64fdcb04a0f79036-840x483.jpg",640,368,true],"1536x1536":["https:\/\/arantv.az\/wp-content\/uploads\/2026\/05\/0d3b5ccb41c952bf64fdcb04a0f79036.jpg",870,500,false],"2048x2048":["https:\/\/arantv.az\/wp-content\/uploads\/2026\/05\/0d3b5ccb41c952bf64fdcb04a0f79036.jpg",870,500,false],"post-thumbnail":["https:\/\/arantv.az\/wp-content\/uploads\/2026\/05\/0d3b5ccb41c952bf64fdcb04a0f79036-240x172.jpg",240,172,true],"advps-thumb-one":["https:\/\/arantv.az\/wp-content\/uploads\/2026\/05\/0d3b5ccb41c952bf64fdcb04a0f79036.jpg",870,500,false]},"rttpg_author":{"display_name":"V\u00fcsal Rafiqo\u011flu","author_link":"https:\/\/arantv.az\/?author=2"},"rttpg_comment":0,"rttpg_category":"<a href=\"https:\/\/arantv.az\/?cat=4\" rel=\"category\">Siyas\u0259t<\/a>","rttpg_excerpt":"Az\u0259rbaycan Qaraba\u011f m\u00fcharib\u0259si faci\u0259l\u0259rinin xatir\u0259sini qoruyub saxlay\u0131r, lakin C\u0259nubi Qafqazda davaml\u0131 s\u00fclh\u00fcn b\u0259rq\u0259rar olunmas\u0131na daim sadiq qal\u0131r. Bunu Az\u0259rbaycan Prezidentinin k\u00f6m\u0259k\u00e7isi, Prezident Administrasiyas\u0131n\u0131n Xarici siyas\u0259t m\u0259s\u0259l\u0259l\u0259ri \u015f\u00f6b\u0259sinin m\u00fcdiri Hikm\u0259t Hac\u0131yev Qaraba\u011f Universitetind\u0259 diplomatik korpus qar\u015f\u0131s\u0131nda \u00e7\u0131x\u0131\u015f ed\u0259rk\u0259n bildirib. &#8220;30 il \u0259rzind\u0259 Qaraba\u011f m\u00fcharib\u0259, m\u00fcnaqi\u015f\u0259 v\u0259 qan t\u00f6k\u00fclm\u0259si il\u0259 assosiasiya olunurdu. Lakin, Xocal\u0131 soyq\u0131r\u0131m\u0131 da daxil&hellip;","_links":{"self":[{"href":"https:\/\/arantv.az\/index.php?rest_route=\/wp\/v2\/posts\/850547"}],"collection":[{"href":"https:\/\/arantv.az\/index.php?rest_route=\/wp\/v2\/posts"}],"about":[{"href":"https:\/\/arantv.az\/index.php?rest_route=\/wp\/v2\/types\/post"}],"author":[{"embeddable":true,"href":"https:\/\/arantv.az\/index.php?rest_route=\/wp\/v2\/users\/2"}],"replies":[{"embeddable":true,"href":"https:\/\/arantv.az\/index.php?rest_route=%2Fwp%2Fv2%2Fcomments&post=850547"}],"version-history":[{"count":2,"href":"https:\/\/arantv.az\/index.php?rest_route=\/wp\/v2\/posts\/850547\/revisions"}],"predecessor-version":[{"id":850550,"href":"https:\/\/arantv.az\/index.php?rest_route=\/wp\/v2\/posts\/850547\/revisions\/850550"}],"wp:featuredmedia":[{"embeddable":true,"href":"https:\/\/arantv.az\/index.php?rest_route=\/wp\/v2\/media\/850548"}],"wp:attachment":[{"href":"https:\/\/arantv.az\/index.php?rest_route=%2Fwp%2Fv2%2Fmedia&parent=850547"}],"wp:term":[{"taxonomy":"category","embeddable":true,"href":"https:\/\/arantv.az\/index.php?rest_route=%2Fwp%2Fv2%2Fcategories&post=850547"},{"taxonomy":"post_tag","embeddable":true,"href":"https:\/\/arantv.az\/index.php?rest_route=%2Fwp%2Fv2%2Ftags&post=850547"}],"curies":[{"name":"wp","href":"https:\/\/api.w.org\/{rel}","templated":true}]}}