{"id":850557,"date":"2026-05-01T16:30:35","date_gmt":"2026-05-01T12:30:35","guid":{"rendered":"https:\/\/arantv.az\/?p=850557"},"modified":"2026-05-01T16:30:35","modified_gmt":"2026-05-01T12:30:35","slug":"diplomatik-korpusun-numay%c9%99nd%c9%99l%c9%99ri-qarabag-universitetini-ziyar%c9%99t-etdi","status":"publish","type":"post","link":"https:\/\/arantv.az\/?p=850557","title":{"rendered":"Diplomatik korpusun n\u00fcmay\u0259nd\u0259l\u0259ri Qaraba\u011f Universitetini ziyar\u0259t etdi"},"content":{"rendered":"<p><strong>Az\u0259rbaycanda akkredit\u0259 olunmu\u015f diplomatik korpusun n\u00fcmay\u0259nd\u0259l\u0259ri Xank\u0259ndid\u0259ki Qaraba\u011f Universitetini ziyar\u0259t edibl\u0259r.<\/strong><\/p>\n<p><strong>Musavat.com<\/strong>\u00a0x\u0259b\u0259r verir ki, qonaqlar t\u0259dris prosesi, t\u0259l\u0259b\u0259l\u0259r v\u0259 m\u00fc\u0259lliml\u0259r \u00fc\u00e7\u00fcn yarad\u0131lm\u0131\u015f \u015f\u0259raitl\u0259 tan\u0131\u015f olublar.<\/p>\n<p>Qeyd ed\u0259k ki, Qaraba\u011f v\u0259 \u015e\u0259rqi Z\u0259ng\u0259zura ikig\u00fcnl\u00fck s\u0259f\u0259rd\u0259 \u00fcmumilikd\u0259 62 \u00f6lk\u0259 v\u0259 beyn\u0259lxalq t\u0259\u015fkilatdan 150-d\u0259n \u00e7ox s\u0259fir, diplomat, h\u0259rbi atta\u015fe v\u0259 dig\u0259r n\u00fcmay\u0259nd\u0259l\u0259r i\u015ftirak edir.<\/p>\n<p>Diplomatik korpusu Az\u0259rbaycan Prezidentinin k\u00f6m\u0259k\u00e7isi, Prezident Administrasiyas\u0131n\u0131n Xarici siyas\u0259t m\u0259s\u0259l\u0259l\u0259ri \u015f\u00f6b\u0259sinin m\u00fcdiri Hikm\u0259t Hac\u0131yev m\u00fc\u015fayi\u0259t edir.<\/p>\n","protected":false},"excerpt":{"rendered":"<p>Az\u0259rbaycanda akkredit\u0259 olunmu\u015f diplomatik korpusun n\u00fcmay\u0259nd\u0259l\u0259ri Xank\u0259ndid\u0259ki Qaraba\u011f Universitetini ziyar\u0259t edibl\u0259r. Musavat.com\u00a0x\u0259b\u0259r verir ki, qonaqlar t\u0259dris prosesi, t\u0259l\u0259b\u0259l\u0259r v\u0259 m\u00fc\u0259lliml\u0259r \u00fc\u00e7\u00fcn yarad\u0131lm\u0131\u015f \u015f\u0259raitl\u0259 tan\u0131\u015f olublar. Qeyd ed\u0259k ki, Qaraba\u011f v\u0259 \u015e\u0259rqi Z\u0259ng\u0259zura ikig\u00fcnl\u00fck s\u0259f\u0259rd\u0259 \u00fcmumilikd\u0259 62 \u00f6lk\u0259 v\u0259 beyn\u0259lxalq t\u0259\u015fkilatdan 150-d\u0259n \u00e7ox s\u0259fir, diplomat, h\u0259rbi atta\u015fe v\u0259 dig\u0259r n\u00fcmay\u0259nd\u0259l\u0259r i\u015ftirak edir. Diplomatik korpusu Az\u0259rbaycan Prezidentinin k\u00f6m\u0259k\u00e7isi, Prezident Administrasiyas\u0131n\u0131n Xarici siyas\u0259t m\u0259s\u0259l\u0259l\u0259ri \u015f\u00f6b\u0259sinin m\u00fcdiri Hikm\u0259t Hac\u0131yev m\u00fc\u015fayi\u0259t edir.<\/p>\n","protected":false},"author":2,"featured_media":850558,"comment_status":"closed","ping_status":"closed","sticky":false,"template":"","format":"standard","meta":{"om_disable_all_campaigns":false,"_monsterinsights_skip_tracking":false,"_monsterinsights_sitenote_active":false,"_monsterinsights_sitenote_note":"","_monsterinsights_sitenote_category":0},"categories":[1],"tags":[],"aioseo_notices":[],"gutentor_comment":0,"rttpg_featured_image_url":{"full":["https:\/\/arantv.az\/wp-content\/uploads\/2026\/05\/a98353bdd60ed3b009c1d13d06483d52.jpg",870,500,false],"landscape":["https:\/\/arantv.az\/wp-content\/uploads\/2026\/05\/a98353bdd60ed3b009c1d13d06483d52.jpg",870,500,false],"portraits":["https:\/\/arantv.az\/wp-content\/uploads\/2026\/05\/a98353bdd60ed3b009c1d13d06483d52.jpg",870,500,false],"thumbnail":["https:\/\/arantv.az\/wp-content\/uploads\/2026\/05\/a98353bdd60ed3b009c1d13d06483d52-500x280.jpg",500,280,true],"medium":["https:\/\/arantv.az\/wp-content\/uploads\/2026\/05\/a98353bdd60ed3b009c1d13d06483d52-635x365.jpg",635,365,true],"large":["https:\/\/arantv.az\/wp-content\/uploads\/2026\/05\/a98353bdd60ed3b009c1d13d06483d52-840x483.jpg",640,368,true],"1536x1536":["https:\/\/arantv.az\/wp-content\/uploads\/2026\/05\/a98353bdd60ed3b009c1d13d06483d52.jpg",870,500,false],"2048x2048":["https:\/\/arantv.az\/wp-content\/uploads\/2026\/05\/a98353bdd60ed3b009c1d13d06483d52.jpg",870,500,false],"post-thumbnail":["https:\/\/arantv.az\/wp-content\/uploads\/2026\/05\/a98353bdd60ed3b009c1d13d06483d52-240x172.jpg",240,172,true],"advps-thumb-one":["https:\/\/arantv.az\/wp-content\/uploads\/2026\/05\/a98353bdd60ed3b009c1d13d06483d52.jpg",870,500,false]},"rttpg_author":{"display_name":"V\u00fcsal Rafiqo\u011flu","author_link":"https:\/\/arantv.az\/?author=2"},"rttpg_comment":0,"rttpg_category":"<a href=\"https:\/\/arantv.az\/?cat=1\" rel=\"category\">C\u0259miyy\u0259t<\/a>","rttpg_excerpt":"Az\u0259rbaycanda akkredit\u0259 olunmu\u015f diplomatik korpusun n\u00fcmay\u0259nd\u0259l\u0259ri Xank\u0259ndid\u0259ki Qaraba\u011f Universitetini ziyar\u0259t edibl\u0259r. Musavat.com\u00a0x\u0259b\u0259r verir ki, qonaqlar t\u0259dris prosesi, t\u0259l\u0259b\u0259l\u0259r v\u0259 m\u00fc\u0259lliml\u0259r \u00fc\u00e7\u00fcn yarad\u0131lm\u0131\u015f \u015f\u0259raitl\u0259 tan\u0131\u015f olublar. Qeyd ed\u0259k ki, Qaraba\u011f v\u0259 \u015e\u0259rqi Z\u0259ng\u0259zura ikig\u00fcnl\u00fck s\u0259f\u0259rd\u0259 \u00fcmumilikd\u0259 62 \u00f6lk\u0259 v\u0259 beyn\u0259lxalq t\u0259\u015fkilatdan 150-d\u0259n \u00e7ox s\u0259fir, diplomat, h\u0259rbi atta\u015fe v\u0259 dig\u0259r n\u00fcmay\u0259nd\u0259l\u0259r i\u015ftirak edir. Diplomatik korpusu Az\u0259rbaycan Prezidentinin&hellip;","_links":{"self":[{"href":"https:\/\/arantv.az\/index.php?rest_route=\/wp\/v2\/posts\/850557"}],"collection":[{"href":"https:\/\/arantv.az\/index.php?rest_route=\/wp\/v2\/posts"}],"about":[{"href":"https:\/\/arantv.az\/index.php?rest_route=\/wp\/v2\/types\/post"}],"author":[{"embeddable":true,"href":"https:\/\/arantv.az\/index.php?rest_route=\/wp\/v2\/users\/2"}],"replies":[{"embeddable":true,"href":"https:\/\/arantv.az\/index.php?rest_route=%2Fwp%2Fv2%2Fcomments&post=850557"}],"version-history":[{"count":1,"href":"https:\/\/arantv.az\/index.php?rest_route=\/wp\/v2\/posts\/850557\/revisions"}],"predecessor-version":[{"id":850559,"href":"https:\/\/arantv.az\/index.php?rest_route=\/wp\/v2\/posts\/850557\/revisions\/850559"}],"wp:featuredmedia":[{"embeddable":true,"href":"https:\/\/arantv.az\/index.php?rest_route=\/wp\/v2\/media\/850558"}],"wp:attachment":[{"href":"https:\/\/arantv.az\/index.php?rest_route=%2Fwp%2Fv2%2Fmedia&parent=850557"}],"wp:term":[{"taxonomy":"category","embeddable":true,"href":"https:\/\/arantv.az\/index.php?rest_route=%2Fwp%2Fv2%2Fcategories&post=850557"},{"taxonomy":"post_tag","embeddable":true,"href":"https:\/\/arantv.az\/index.php?rest_route=%2Fwp%2Fv2%2Ftags&post=850557"}],"curies":[{"name":"wp","href":"https:\/\/api.w.org\/{rel}","templated":true}]}}